{"id":44495,"date":"2023-07-06T08:48:34","date_gmt":"2023-07-06T11:48:34","guid":{"rendered":"https:\/\/www.rivera.gub.uy\/portal\/?p=44495"},"modified":"2023-07-06T08:48:34","modified_gmt":"2023-07-06T11:48:34","slug":"el-intendente-de-rivera-presento-su-rendicion-de-cuentas-2021-2022","status":"publish","type":"post","link":"https:\/\/www.rivera.gub.uy\/portal\/el-intendente-de-rivera-presento-su-rendicion-de-cuentas-2021-2022\/","title":{"rendered":"El Intendente de Rivera present\u00f3 su rendici\u00f3n de cuentas 2021-2022"},"content":{"rendered":"<p>&#8220;No hay nada como un sue\u00f1o para crear el futuro&#8221; as\u00ed comenz\u00f3 el discurso el Intendente de Rivera con la frase de Victor Hugo.<\/p>\n<p>Con un excelente marco de p\u00fablico y ante autoridades nacionales y departamentales; el Intendente Departamental de Rivera, Cr. Richard Sander Dar\u00edn present\u00f3 la rendici\u00f3n de cuentas del per\u00edodo 2021-2022; junto al secretario general y su equipo de gobierno.<!--more--><\/p>\n<p>A las 20:00 horas del lunes 3 de julio comenz\u00f3 la ceremonia de presentaci\u00f3n de todas las obras y actividades (comprendidas entre 2021-2022) que son ejecutadas a trav\u00e9s de cada una de las distintas direcciones generales: DGO, DGPAS, DGDMA, DGH, DGTT y desde Secretar\u00eda General.<\/p>\n<p>La presentaci\u00f3n forma parte de unos de los pilares del gobierno departamental, el cual reafirma la transparencia de la gesti\u00f3n y sigue una l\u00ednea entre los objetivos trazados y su desarrollo, culminando cuando se entregan a la comunidad las obras y servicios.<\/p>\n<p>Los recursos de los contribuyentes se invierten en m\u00e1s infraestructura, buscando mejorar la calidad de vida.<\/p>\n<p>Las obras se centraron en la remodelaci\u00f3n de las calles Oscar Riera y calle Serralta; adem\u00e1s de pluviales en barrio M\u00e1ximo Xavier y calle Joaqu\u00edn Su\u00e1rez; las obras de urbanizaci\u00f3n y mejoras de los barrios Recreo, Rivera Chico, Mandub\u00ed, La Pedrera, Parque La Pedrera, Pueblo Nuevo, La Alegr\u00eda, Santa Teresa, Progreso y m\u00faltiples intervenciones en diferentes barrios.<\/p>\n<p>La mejora en el desarrollo urbano lleg\u00f3 al interior, tanto a las alcald\u00edas como a centros poblados, Minas de Corrales celebra el 100% de urbanizaci\u00f3n, Tranqueras y Vichadero transitan el camino para llegar al mismo objetivo.<\/p>\n<p>Algunas intervenciones que se destacan son: plaza Recreo, el teatro de verano, cambio de luminarias, mejoras en el Parque Gran Breta\u00f1a y en Paso Serpa. Se avanza en las obras del Parque Lineal del Cu\u00f1apir\u00fa; tambi\u00e9n en la primera sede en el interior del pa\u00eds de la Fundaci\u00f3n P\u00e9rez Scremini. Se realiz\u00f3 la reforma y acondicionamiento de la UTU N\u00b0. 2 y el intendente anunci\u00f3 que se trabaja en un proyecto de la UTU N\u00b0. 3 la cual se instalar\u00e1 en barrio Misiones.<\/p>\n<p>Otro destaque es que la accesibilidad tambi\u00e9n est\u00e1 presente en las nuevas obras.<br \/>\nHubieron reformas en el hogar estudiantil de Montevideo y sin contar que los grandes cambios tambi\u00e9n llegaron al deporte; con la reforma total del Estadio Atilio Paiva Olivera, la concreci\u00f3n del Centro de Entrenamiento del Deporte de Rivera y con la construcci\u00f3n de la nueva Pista de Motocross y Velocidad en Tierra.<\/p>\n<p>&nbsp;<\/p>\n\r\n\t<div class=\"msacwl-slider-wrap msacwl-row-clearfix \" data-conf=\"{&quot;autoplay&quot;:&quot;true&quot;,&quot;autoplay_speed&quot;:3000,&quot;speed&quot;:300,&quot;arrows&quot;:&quot;true&quot;,&quot;dots&quot;:&quot;true&quot;,&quot;lazyload&quot;:&quot;&quot;}\">\r\n\t\t<div id=\"msacwl-slider-1\" class=\"msacwl-slider msacwl-common-slider msacwl-slider-popup\">\r\n\t\t\t\t\t\t<div class=\"msacwl-slide\" data-item-index=\"1\" >\r\n\t\t\t\t<a class=\"msacwl-img-link\" href=\"javascript:void(0);\" data-mfp-src=\"https:\/\/www.rivera.gub.uy\/portal\/wp-content\/uploads\/2023\/07\/rendicion-5.jpg\">\r\n\t\t\t\t\t<img decoding=\"async\" class=\"msacwl-img\" src=\"https:\/\/www.rivera.gub.uy\/portal\/wp-content\/uploads\/2023\/07\/rendicion-5.jpg\"  data-title=\"\" alt=\"rendicion\" \/>\r\n\t\t\t\t<\/a>\r\n\t\t\t\t\t\t\t\t\t<div class=\"msacwl-gallery-caption\">\r\n\t\t\t\t\t\t\t\t\t\t\t\t\t<span class=\"image_title\"><\/span>\r\n\t\t\t\t\t\t\t\t\t\t\t\t\t<span><\/span>\r\n\t\t\t\t\t\t \t\t\t\t\t<\/div>\r\n\t\t\t\t\t\t\t<\/div>\r\n\t\t\t\t\t\t<div class=\"msacwl-slide\" data-item-index=\"2\" >\r\n\t\t\t\t<a class=\"msacwl-img-link\" href=\"javascript:void(0);\" data-mfp-src=\"https:\/\/www.rivera.gub.uy\/portal\/wp-content\/uploads\/2023\/07\/rendicion-6.jpg\">\r\n\t\t\t\t\t<img decoding=\"async\" class=\"msacwl-img\" src=\"https:\/\/www.rivera.gub.uy\/portal\/wp-content\/uploads\/2023\/07\/rendicion-6.jpg\"  data-title=\"\" alt=\"rendicion\" \/>\r\n\t\t\t\t<\/a>\r\n\t\t\t\t\t\t\t\t\t<div class=\"msacwl-gallery-caption\">\r\n\t\t\t\t\t\t\t\t\t\t\t\t\t<span class=\"image_title\"><\/span>\r\n\t\t\t\t\t\t\t\t\t\t\t\t\t<span><\/span>\r\n\t\t\t\t\t\t \t\t\t\t\t<\/div>\r\n\t\t\t\t\t\t\t<\/div>\r\n\t\t\t\t\t\t<div class=\"msacwl-slide\" data-item-index=\"3\" >\r\n\t\t\t\t<a class=\"msacwl-img-link\" href=\"javascript:void(0);\" data-mfp-src=\"https:\/\/www.rivera.gub.uy\/portal\/wp-content\/uploads\/2023\/07\/rendicion-7.jpg\">\r\n\t\t\t\t\t<img decoding=\"async\" class=\"msacwl-img\" src=\"https:\/\/www.rivera.gub.uy\/portal\/wp-content\/uploads\/2023\/07\/rendicion-7.jpg\"  data-title=\"\" alt=\"rendicion\" \/>\r\n\t\t\t\t<\/a>\r\n\t\t\t\t\t\t\t\t\t<div class=\"msacwl-gallery-caption\">\r\n\t\t\t\t\t\t\t\t\t\t\t\t\t<span class=\"image_title\"><\/span>\r\n\t\t\t\t\t\t\t\t\t\t\t\t\t<span><\/span>\r\n\t\t\t\t\t\t \t\t\t\t\t<\/div>\r\n\t\t\t\t\t\t\t<\/div>\r\n\t\t\t\t\t\t<div class=\"msacwl-slide\" data-item-index=\"4\" >\r\n\t\t\t\t<a class=\"msacwl-img-link\" href=\"javascript:void(0);\" data-mfp-src=\"https:\/\/www.rivera.gub.uy\/portal\/wp-content\/uploads\/2023\/07\/rendicion-8.jpg\">\r\n\t\t\t\t\t<img decoding=\"async\" class=\"msacwl-img\" src=\"https:\/\/www.rivera.gub.uy\/portal\/wp-content\/uploads\/2023\/07\/rendicion-8.jpg\"  data-title=\"\" alt=\"rendicion\" \/>\r\n\t\t\t\t<\/a>\r\n\t\t\t\t\t\t\t\t\t<div class=\"msacwl-gallery-caption\">\r\n\t\t\t\t\t\t\t\t\t\t\t\t\t<span class=\"image_title\"><\/span>\r\n\t\t\t\t\t\t\t\t\t\t\t\t\t<span><\/span>\r\n\t\t\t\t\t\t \t\t\t\t\t<\/div>\r\n\t\t\t\t\t\t\t<\/div>\r\n\t\t\t\t\t\t<div class=\"msacwl-slide\" data-item-index=\"5\" >\r\n\t\t\t\t<a class=\"msacwl-img-link\" href=\"javascript:void(0);\" data-mfp-src=\"https:\/\/www.rivera.gub.uy\/portal\/wp-content\/uploads\/2023\/07\/rendicion-9.jpg\">\r\n\t\t\t\t\t<img decoding=\"async\" class=\"msacwl-img\" src=\"https:\/\/www.rivera.gub.uy\/portal\/wp-content\/uploads\/2023\/07\/rendicion-9.jpg\"  data-title=\"\" alt=\"rendicion\" \/>\r\n\t\t\t\t<\/a>\r\n\t\t\t\t\t\t\t\t\t<div class=\"msacwl-gallery-caption\">\r\n\t\t\t\t\t\t\t\t\t\t\t\t\t<span class=\"image_title\"><\/span>\r\n\t\t\t\t\t\t\t\t\t\t\t\t\t<span><\/span>\r\n\t\t\t\t\t\t \t\t\t\t\t<\/div>\r\n\t\t\t\t\t\t\t<\/div>\r\n\t\t\t\t\t\t<div class=\"msacwl-slide\" data-item-index=\"6\" >\r\n\t\t\t\t<a class=\"msacwl-img-link\" href=\"javascript:void(0);\" data-mfp-src=\"https:\/\/www.rivera.gub.uy\/portal\/wp-content\/uploads\/2023\/07\/rendicion-10.jpg\">\r\n\t\t\t\t\t<img decoding=\"async\" class=\"msacwl-img\" src=\"https:\/\/www.rivera.gub.uy\/portal\/wp-content\/uploads\/2023\/07\/rendicion-10.jpg\"  data-title=\"\" alt=\"rendicion\" \/>\r\n\t\t\t\t<\/a>\r\n\t\t\t\t\t\t\t\t\t<div class=\"msacwl-gallery-caption\">\r\n\t\t\t\t\t\t\t\t\t\t\t\t\t<span class=\"image_title\"><\/span>\r\n\t\t\t\t\t\t\t\t\t\t\t\t\t<span><\/span>\r\n\t\t\t\t\t\t \t\t\t\t\t<\/div>\r\n\t\t\t\t\t\t\t<\/div>\r\n\t\t\t\t\t\t<div class=\"msacwl-slide\" data-item-index=\"7\" >\r\n\t\t\t\t<a class=\"msacwl-img-link\" href=\"javascript:void(0);\" data-mfp-src=\"https:\/\/www.rivera.gub.uy\/portal\/wp-content\/uploads\/2023\/07\/rendicion-2.jpg\">\r\n\t\t\t\t\t<img decoding=\"async\" class=\"msacwl-img\" src=\"https:\/\/www.rivera.gub.uy\/portal\/wp-content\/uploads\/2023\/07\/rendicion-2.jpg\"  data-title=\"\" alt=\"rendicion\" \/>\r\n\t\t\t\t<\/a>\r\n\t\t\t\t\t\t\t\t\t<div class=\"msacwl-gallery-caption\">\r\n\t\t\t\t\t\t\t\t\t\t\t\t\t<span class=\"image_title\"><\/span>\r\n\t\t\t\t\t\t\t\t\t\t\t\t\t<span><\/span>\r\n\t\t\t\t\t\t \t\t\t\t\t<\/div>\r\n\t\t\t\t\t\t\t<\/div>\r\n\t\t\t\t\t\t<div class=\"msacwl-slide\" data-item-index=\"8\" >\r\n\t\t\t\t<a class=\"msacwl-img-link\" href=\"javascript:void(0);\" data-mfp-src=\"https:\/\/www.rivera.gub.uy\/portal\/wp-content\/uploads\/2023\/07\/rendicion-3.jpg\">\r\n\t\t\t\t\t<img decoding=\"async\" class=\"msacwl-img\" src=\"https:\/\/www.rivera.gub.uy\/portal\/wp-content\/uploads\/2023\/07\/rendicion-3.jpg\"  data-title=\"\" alt=\"rendicion\" \/>\r\n\t\t\t\t<\/a>\r\n\t\t\t\t\t\t\t\t\t<div class=\"msacwl-gallery-caption\">\r\n\t\t\t\t\t\t\t\t\t\t\t\t\t<span class=\"image_title\"><\/span>\r\n\t\t\t\t\t\t\t\t\t\t\t\t\t<span><\/span>\r\n\t\t\t\t\t\t \t\t\t\t\t<\/div>\r\n\t\t\t\t\t\t\t<\/div>\r\n\t\t\t\t\t\t<div class=\"msacwl-slide\" data-item-index=\"9\" >\r\n\t\t\t\t<a class=\"msacwl-img-link\" href=\"javascript:void(0);\" data-mfp-src=\"https:\/\/www.rivera.gub.uy\/portal\/wp-content\/uploads\/2023\/07\/rendicion-4.jpg\">\r\n\t\t\t\t\t<img decoding=\"async\" class=\"msacwl-img\" src=\"https:\/\/www.rivera.gub.uy\/portal\/wp-content\/uploads\/2023\/07\/rendicion-4.jpg\"  data-title=\"\" alt=\"rendicion\" \/>\r\n\t\t\t\t<\/a>\r\n\t\t\t\t\t\t\t\t\t<div class=\"msacwl-gallery-caption\">\r\n\t\t\t\t\t\t\t\t\t\t\t\t\t<span class=\"image_title\"><\/span>\r\n\t\t\t\t\t\t\t\t\t\t\t\t\t<span><\/span>\r\n\t\t\t\t\t\t \t\t\t\t\t<\/div>\r\n\t\t\t\t\t\t\t<\/div>\r\n\t\t\t\t\t<\/div>\r\n\t<\/div>\r\n\r\n\t\n<p>&nbsp;<\/p>\n<p><strong>Transformaci\u00f3n Urban\u00edstica<\/strong><\/p>\n<p>Un p\u00e1rrafo aparte se merece el tema de viviendas: construcci\u00f3n de 15 viviendas en barrio La Estiba; 6 viviendas en cerro Bella Vista; 12 realojos en barrio La Pedrera; 3 en barrio Magisterial; 7 viviendas en Santa Isabel; 11 viviendas en La Arenera; 9 viviendas en barrio Progreso &#8211; MEVIR y 354 familias (La Colina; l\u00ednea divisoria y Caqueiro) ser\u00e1n beneficiadas con infraestructura y viviendas en conjunto con el Plan Avanzar.<\/p>\n<p>En cuanto a las cuentas p\u00fablicas, la gesti\u00f3n logr\u00f3 un super\u00e1vit en los a\u00f1os 2021 y 2022; los impuestos se congelaron en estos \u00faltimos 3 a\u00f1os y se han realizado permanentes planes de refinanciaci\u00f3n de adeudos sin multas ni recargos; generando facilidad a los contribuyentes de regularizar su situaci\u00f3n.<\/p>\n<p>&nbsp;<\/p>\n<p><iframe loading=\"lazy\" title=\"Rendici\u00f3n de cuentas 2021 - 2022\" width=\"1160\" height=\"653\" src=\"https:\/\/www.youtube.com\/embed\/weXlqX-F4rw?feature=oembed\" frameborder=\"0\" allow=\"accelerometer; autoplay; clipboard-write; encrypted-media; gyroscope; picture-in-picture; web-share\" allowfullscreen><\/iframe><\/p>\n","protected":false},"excerpt":{"rendered":"<p>&#8220;No hay nada como un sue\u00f1o para crear el futuro&#8221; as\u00ed comenz\u00f3 el discurso el Intendente de Rivera con la frase de Victor Hugo. Con un excelente marco de p\u00fablico y ante autoridades nacionales y departamentales; el Intendente Departamental de Rivera, Cr. Richard Sander Dar\u00edn present\u00f3 la rendici\u00f3n de cuentas del per\u00edodo 2021-2022; junto al [&hellip;]<\/p>\n","protected":false},"author":7,"featured_media":44496,"comment_status":"open","ping_status":"open","sticky":false,"template":"","format":"standard","meta":{"footnotes":""},"categories":[1],"tags":[45,915,33],"class_list":["post-44495","post","type-post","status-publish","format-standard","has-post-thumbnail","hentry","category-novedades","tag-intendente","tag-rendicion","tag-rivera"],"_links":{"self":[{"href":"https:\/\/www.rivera.gub.uy\/portal\/wp-json\/wp\/v2\/posts\/44495","targetHints":{"allow":["GET"]}}],"collection":[{"href":"https:\/\/www.rivera.gub.uy\/portal\/wp-json\/wp\/v2\/posts"}],"about":[{"href":"https:\/\/www.rivera.gub.uy\/portal\/wp-json\/wp\/v2\/types\/post"}],"author":[{"embeddable":true,"href":"https:\/\/www.rivera.gub.uy\/portal\/wp-json\/wp\/v2\/users\/7"}],"replies":[{"embeddable":true,"href":"https:\/\/www.rivera.gub.uy\/portal\/wp-json\/wp\/v2\/comments?post=44495"}],"version-history":[{"count":1,"href":"https:\/\/www.rivera.gub.uy\/portal\/wp-json\/wp\/v2\/posts\/44495\/revisions"}],"predecessor-version":[{"id":44507,"href":"https:\/\/www.rivera.gub.uy\/portal\/wp-json\/wp\/v2\/posts\/44495\/revisions\/44507"}],"wp:featuredmedia":[{"embeddable":true,"href":"https:\/\/www.rivera.gub.uy\/portal\/wp-json\/wp\/v2\/media\/44496"}],"wp:attachment":[{"href":"https:\/\/www.rivera.gub.uy\/portal\/wp-json\/wp\/v2\/media?parent=44495"}],"wp:term":[{"taxonomy":"category","embeddable":true,"href":"https:\/\/www.rivera.gub.uy\/portal\/wp-json\/wp\/v2\/categories?post=44495"},{"taxonomy":"post_tag","embeddable":true,"href":"https:\/\/www.rivera.gub.uy\/portal\/wp-json\/wp\/v2\/tags?post=44495"}],"curies":[{"name":"wp","href":"https:\/\/api.w.org\/{rel}","templated":true}]}}