{"id":44582,"date":"2023-07-17T10:55:42","date_gmt":"2023-07-17T13:55:42","guid":{"rendered":"https:\/\/www.rivera.gub.uy\/portal\/?p=44582"},"modified":"2023-07-17T10:55:42","modified_gmt":"2023-07-17T13:55:42","slug":"acondicionamiento-del-teatro-municipal-15-de-febrero","status":"publish","type":"post","link":"https:\/\/www.rivera.gub.uy\/portal\/acondicionamiento-del-teatro-municipal-15-de-febrero\/","title":{"rendered":"Acondicionamiento del Teatro Municipal 15 de Febrero"},"content":{"rendered":"<p>Una obra muy esperada es el acondicionamiento del Teatro Municipal 15 de Febrero; esta obra significar\u00e1 una inversi\u00f3n aproximada de $ 25 000 000.<!--more--><\/p>\n<p>En horas de la ma\u00f1ana de este viernes 14 de julio, el Intendente de Rivera, Cr. Richard Sander Dar\u00edn; junto al secretario general de la IDR, al director general de Obras y autoridades de la Junta Departamental de Rivera; visitaron los avances de dicha obra.<\/p>\n<p>Como pol\u00edtica de gobierno se busca mejorar la infraestructura de los edificios emblem\u00e1ticos para la ciudad.<\/p>\n<p>Las obras de acondicionamiento se centran en las nuevas instalaciones sanitarias y el\u00e9ctricas, se incluye un ba\u00f1o accesible, se suman m\u00e1s aires acondicionados, la iluminaci\u00f3n art\u00edstica nueva, al igual que las butacas y adem\u00e1s las alfombras y cortinas; ya que las mismas acompa\u00f1an la ac\u00fastica del lugar adapt\u00e1ndose perfectamente.<\/p>\n","protected":false},"excerpt":{"rendered":"<p>Una obra muy esperada es el acondicionamiento del Teatro Municipal 15 de Febrero; esta obra significar\u00e1 una inversi\u00f3n aproximada de $ 25 000 000.<\/p>\n","protected":false},"author":7,"featured_media":44583,"comment_status":"open","ping_status":"open","sticky":false,"template":"","format":"standard","meta":{"footnotes":""},"categories":[1],"tags":[],"class_list":["post-44582","post","type-post","status-publish","format-standard","has-post-thumbnail","hentry","category-novedades"],"_links":{"self":[{"href":"https:\/\/www.rivera.gub.uy\/portal\/wp-json\/wp\/v2\/posts\/44582","targetHints":{"allow":["GET"]}}],"collection":[{"href":"https:\/\/www.rivera.gub.uy\/portal\/wp-json\/wp\/v2\/posts"}],"about":[{"href":"https:\/\/www.rivera.gub.uy\/portal\/wp-json\/wp\/v2\/types\/post"}],"author":[{"embeddable":true,"href":"https:\/\/www.rivera.gub.uy\/portal\/wp-json\/wp\/v2\/users\/7"}],"replies":[{"embeddable":true,"href":"https:\/\/www.rivera.gub.uy\/portal\/wp-json\/wp\/v2\/comments?post=44582"}],"version-history":[{"count":1,"href":"https:\/\/www.rivera.gub.uy\/portal\/wp-json\/wp\/v2\/posts\/44582\/revisions"}],"predecessor-version":[{"id":44584,"href":"https:\/\/www.rivera.gub.uy\/portal\/wp-json\/wp\/v2\/posts\/44582\/revisions\/44584"}],"wp:featuredmedia":[{"embeddable":true,"href":"https:\/\/www.rivera.gub.uy\/portal\/wp-json\/wp\/v2\/media\/44583"}],"wp:attachment":[{"href":"https:\/\/www.rivera.gub.uy\/portal\/wp-json\/wp\/v2\/media?parent=44582"}],"wp:term":[{"taxonomy":"category","embeddable":true,"href":"https:\/\/www.rivera.gub.uy\/portal\/wp-json\/wp\/v2\/categories?post=44582"},{"taxonomy":"post_tag","embeddable":true,"href":"https:\/\/www.rivera.gub.uy\/portal\/wp-json\/wp\/v2\/tags?post=44582"}],"curies":[{"name":"wp","href":"https:\/\/api.w.org\/{rel}","templated":true}]}}