{"id":45728,"date":"2023-09-06T13:50:01","date_gmt":"2023-09-06T16:50:01","guid":{"rendered":"https:\/\/www.rivera.gub.uy\/portal\/?p=45728"},"modified":"2023-09-07T09:03:25","modified_gmt":"2023-09-07T12:03:25","slug":"convocatoria-para-inscripciones-al-programa-oportunidad-laboral-fase-iv-2","status":"publish","type":"post","link":"https:\/\/www.rivera.gub.uy\/portal\/convocatoria-para-inscripciones-al-programa-oportunidad-laboral-fase-iv-2\/","title":{"rendered":"Jornales Solidarios: segundo per\u00edodo de fase IV comienza este viernes"},"content":{"rendered":"<div id=\":tj\" class=\"ii gt\">\n<div id=\":th\" class=\"a3s aiL \">\n<div dir=\"auto\">El programa Oportunidad Laboral abre inscripciones este viernes 8 de setiembre y los riverenses a quienes est\u00e1 dirigido el llamado podr\u00e1n inscribirse v\u00eda web en la p\u00e1gina <a href=\"https:\/\/oportunidadlaboral.gub.uy\/\" target=\"_blank\" rel=\"noopener noreferrer\">oportunidadlaboral.gub.uy<\/a> o presencialmente, en el horario de 8:30 a 14:30, el viernes 8, lunes 11 y martes 12 en la Biblioteca Artigas, en Uruguay esquina Artigas.<\/div>\n<\/div>\n<\/div>\n<div dir=\"auto\"><\/div>\n<p><!--more--><\/p>\n<div dir=\"auto\">Est\u00e1 dirigido a personas con edades entre los 18 y los 65 a\u00f1os, con c\u00e9dula de identidad uruguaya y vigente.<\/div>\n<div dir=\"auto\"><\/div>\n<div dir=\"auto\"><\/div>\n<div dir=\"auto\"><a href=\"https:\/\/www.rivera.gub.uy\/portal\/wp-content\/uploads\/2023\/09\/IMG_6524.jpg\"><img loading=\"lazy\" decoding=\"async\" class=\"aligncenter size-medium wp-image-45747\" src=\"https:\/\/www.rivera.gub.uy\/portal\/wp-content\/uploads\/2023\/09\/IMG_6524-188x188.jpg\" alt=\"\" width=\"188\" height=\"188\" srcset=\"https:\/\/www.rivera.gub.uy\/portal\/wp-content\/uploads\/2023\/09\/IMG_6524-188x188.jpg 188w, https:\/\/www.rivera.gub.uy\/portal\/wp-content\/uploads\/2023\/09\/IMG_6524-94x94.jpg 94w, https:\/\/www.rivera.gub.uy\/portal\/wp-content\/uploads\/2023\/09\/IMG_6524-768x768.jpg 768w, https:\/\/www.rivera.gub.uy\/portal\/wp-content\/uploads\/2023\/09\/IMG_6524-626x626.jpg 626w, https:\/\/www.rivera.gub.uy\/portal\/wp-content\/uploads\/2023\/09\/IMG_6524-820x820.jpg 820w, https:\/\/www.rivera.gub.uy\/portal\/wp-content\/uploads\/2023\/09\/IMG_6524.jpg 1000w\" sizes=\"auto, (max-width: 188px) 100vw, 188px\" \/><\/a><\/div>\n<p>&nbsp;<\/p>\n<p>&nbsp;<\/p>\n<p>&nbsp;<\/p>\n<div id=\":om\" class=\"hq gt\"><\/div>\n","protected":false},"excerpt":{"rendered":"<p>El programa Oportunidad Laboral abre inscripciones este viernes 8 de setiembre y los riverenses a quienes est\u00e1 dirigido el llamado podr\u00e1n inscribirse v\u00eda web en la p\u00e1gina oportunidadlaboral.gub.uy o presencialmente, en el horario de 8:30 a 14:30, el viernes 8, lunes 11 y martes 12 en la Biblioteca Artigas, en Uruguay esquina Artigas.<\/p>\n","protected":false},"author":7,"featured_media":45731,"comment_status":"open","ping_status":"open","sticky":false,"template":"","format":"standard","meta":{"footnotes":""},"categories":[8,1],"tags":[549,1323,1254,33],"class_list":["post-45728","post","type-post","status-publish","format-standard","has-post-thumbnail","hentry","category-llamados-a-concursos","category-novedades","tag-biblioteca-artigas","tag-jornales-solidarios","tag-oportunidad-laboral","tag-rivera"],"_links":{"self":[{"href":"https:\/\/www.rivera.gub.uy\/portal\/wp-json\/wp\/v2\/posts\/45728","targetHints":{"allow":["GET"]}}],"collection":[{"href":"https:\/\/www.rivera.gub.uy\/portal\/wp-json\/wp\/v2\/posts"}],"about":[{"href":"https:\/\/www.rivera.gub.uy\/portal\/wp-json\/wp\/v2\/types\/post"}],"author":[{"embeddable":true,"href":"https:\/\/www.rivera.gub.uy\/portal\/wp-json\/wp\/v2\/users\/7"}],"replies":[{"embeddable":true,"href":"https:\/\/www.rivera.gub.uy\/portal\/wp-json\/wp\/v2\/comments?post=45728"}],"version-history":[{"count":6,"href":"https:\/\/www.rivera.gub.uy\/portal\/wp-json\/wp\/v2\/posts\/45728\/revisions"}],"predecessor-version":[{"id":45748,"href":"https:\/\/www.rivera.gub.uy\/portal\/wp-json\/wp\/v2\/posts\/45728\/revisions\/45748"}],"wp:featuredmedia":[{"embeddable":true,"href":"https:\/\/www.rivera.gub.uy\/portal\/wp-json\/wp\/v2\/media\/45731"}],"wp:attachment":[{"href":"https:\/\/www.rivera.gub.uy\/portal\/wp-json\/wp\/v2\/media?parent=45728"}],"wp:term":[{"taxonomy":"category","embeddable":true,"href":"https:\/\/www.rivera.gub.uy\/portal\/wp-json\/wp\/v2\/categories?post=45728"},{"taxonomy":"post_tag","embeddable":true,"href":"https:\/\/www.rivera.gub.uy\/portal\/wp-json\/wp\/v2\/tags?post=45728"}],"curies":[{"name":"wp","href":"https:\/\/api.w.org\/{rel}","templated":true}]}}