{"id":4574,"date":"2018-03-07T21:57:39","date_gmt":"2018-03-07T23:57:39","guid":{"rendered":"http:\/\/www.rivera.gub.uy\/portal\/?p=4574"},"modified":"2018-03-08T15:01:19","modified_gmt":"2018-03-08T17:01:19","slug":"el-intendente-marne-osorio-visito-vichadero","status":"publish","type":"post","link":"https:\/\/www.rivera.gub.uy\/portal\/el-intendente-marne-osorio-visito-vichadero\/","title":{"rendered":"Vichadero: Recorrida de obras, di\u00e1logo con los vecinos y visita al Hogar Estudiantil"},"content":{"rendered":"<p>Este mi\u00e9rcoles 7 de febrero el mandatario departamental Dr. Marne Osorio, junto al director general de Obras, Arq. Jos\u00e9 Mazoni, el director general de Promoci\u00f3n y Acci\u00f3n Social, Cr. Giovani Conti y el director de Hogares Estudiantiles, Kenny N\u00fa\u00f1ez, recorrieron obras en ejecuci\u00f3n en la localidad de Vichadero y se reunieron con estudiantes y sus familias en las instalaciones del Hogar Estudiantil de dicha localidad, con el objetivo de brindar la bienvenida a los mismos y ajustar detalles de inter\u00e9s para ambos.<!--more--><\/p>\n<p>Parte de la recorrida contempl\u00f3 el di\u00e1logo directo con el vecino donde el jefe comunal entreg\u00f3 una \u201ccarta al vecino\u201d, con vasta informaci\u00f3n de las obras y mejoras que vienen realizando en Vichadero.<\/p>\n<p>En ella cit\u00f3 el desarrollo de la ejecuci\u00f3n de las obras de acondicionamiento urbano que se est\u00e9 llevando adelante a trav\u00e9s de la obras de mejoras en circulaci\u00f3n de las calles y obras pluviales.<\/p>\n<p>El mandatario se\u00f1al\u00f3: \u201cEsta obra constituye la intervenci\u00f3n urban\u00edstica m\u00e1s importante de la historia de Vichadero que va a superar los 50 millones de pesos\u201d<br \/>\nAdem\u00e1s Osorio se reuni\u00f3 con los estudiantes y sus familias en el Hogar Estudiantil, que junto al director de Promoci\u00f3n y Acci\u00f3n Social Giovani Conti y director de Hogares, Kenny N\u00fa\u00f1ez, le dieron la bienvenida al nuevo a\u00f1o lectivo, escuchando la exposici\u00f3n de los padres y las solicitudes de los mismos antes diversos temas.<\/p>\n<p>&nbsp;<\/p>\n<p><iframe loading=\"lazy\" width=\"1160\" height=\"653\" src=\"https:\/\/www.youtube.com\/embed\/AHLLMk2EdEo?feature=oembed\" frameborder=\"0\" allow=\"autoplay; encrypted-media\" allowfullscreen><\/iframe><\/p>\n<p>&nbsp;<\/p>\n<p>&nbsp;<\/p>\n","protected":false},"excerpt":{"rendered":"<p>Este mi\u00e9rcoles 7 de febrero el mandatario departamental Dr. Marne Osorio, junto al director general de Obras, Arq. Jos\u00e9 Mazoni, el director general de Promoci\u00f3n y Acci\u00f3n Social, Cr. Giovani Conti y el director de Hogares Estudiantiles, Kenny N\u00fa\u00f1ez, recorrieron obras en ejecuci\u00f3n en la localidad de Vichadero y se reunieron con estudiantes y sus [&hellip;]<\/p>\n","protected":false},"author":7,"featured_media":4575,"comment_status":"open","ping_status":"open","sticky":false,"template":"","format":"standard","meta":{"footnotes":""},"categories":[3,1],"tags":[433,36,81,371,33,118],"class_list":["post-4574","post","type-post","status-publish","format-standard","has-post-thumbnail","hentry","category-multimedia","category-novedades","tag-hogar-estudiantil","tag-intendencia","tag-obras","tag-recorrida","tag-rivera","tag-vichadero"],"_links":{"self":[{"href":"https:\/\/www.rivera.gub.uy\/portal\/wp-json\/wp\/v2\/posts\/4574","targetHints":{"allow":["GET"]}}],"collection":[{"href":"https:\/\/www.rivera.gub.uy\/portal\/wp-json\/wp\/v2\/posts"}],"about":[{"href":"https:\/\/www.rivera.gub.uy\/portal\/wp-json\/wp\/v2\/types\/post"}],"author":[{"embeddable":true,"href":"https:\/\/www.rivera.gub.uy\/portal\/wp-json\/wp\/v2\/users\/7"}],"replies":[{"embeddable":true,"href":"https:\/\/www.rivera.gub.uy\/portal\/wp-json\/wp\/v2\/comments?post=4574"}],"version-history":[{"count":4,"href":"https:\/\/www.rivera.gub.uy\/portal\/wp-json\/wp\/v2\/posts\/4574\/revisions"}],"predecessor-version":[{"id":4582,"href":"https:\/\/www.rivera.gub.uy\/portal\/wp-json\/wp\/v2\/posts\/4574\/revisions\/4582"}],"wp:featuredmedia":[{"embeddable":true,"href":"https:\/\/www.rivera.gub.uy\/portal\/wp-json\/wp\/v2\/media\/4575"}],"wp:attachment":[{"href":"https:\/\/www.rivera.gub.uy\/portal\/wp-json\/wp\/v2\/media?parent=4574"}],"wp:term":[{"taxonomy":"category","embeddable":true,"href":"https:\/\/www.rivera.gub.uy\/portal\/wp-json\/wp\/v2\/categories?post=4574"},{"taxonomy":"post_tag","embeddable":true,"href":"https:\/\/www.rivera.gub.uy\/portal\/wp-json\/wp\/v2\/tags?post=4574"}],"curies":[{"name":"wp","href":"https:\/\/api.w.org\/{rel}","templated":true}]}}