{"id":46030,"date":"2023-09-26T15:03:18","date_gmt":"2023-09-26T18:03:18","guid":{"rendered":"https:\/\/www.rivera.gub.uy\/portal\/?p=46030"},"modified":"2023-09-27T10:03:08","modified_gmt":"2023-09-27T13:03:08","slug":"resultado-del-sorteo-para-el-programa-oportunidad-laboral-fase-iv-2-ciudad-de-rivera","status":"publish","type":"post","link":"https:\/\/www.rivera.gub.uy\/portal\/resultado-del-sorteo-para-el-programa-oportunidad-laboral-fase-iv-2-ciudad-de-rivera\/","title":{"rendered":"Resultado del sorteo para el Programa Oportunidad Laboral \u2013 fase IV (2), ciudad de Rivera"},"content":{"rendered":"<p>Este 26 de setiembre, el Ministerio de Trabajo y Seguridad Social realiz\u00f3 el sorteo de cupos para la <strong>ciudad de Rivera<\/strong>\u00a0del programa Oportunidad Laboral (Jornales Solidarios).<\/p>\n<p><!--more--><\/p>\n<p>El sorteo fue realizado en vivo y trasmitido a trav\u00e9s del canal de Youtube del MTSS (<a href=\"https:\/\/www.youtube.com\/@MinisteriodeTrabajouy\">www.youtube.com\/@MinisteriodeTrabajouy<\/a>).<\/p>\n<p>En primera instancia, la oficina de Recursos Humanos se contactar\u00e1 telef\u00f3nicamente con 148 titulares, quienes deber\u00e1n presentarse el pr\u00f3ximo lunes 2 de octubre para comenzar la labor en la primera quincena.<\/p>\n<p>Los dem\u00e1s titulares ser\u00e1n contactados en las pr\u00f3ximas semanas, para comenzar la labor en la segunda quincena del mes de octubre.<\/p>\n<p><strong><br \/>\nLista de sorteados ciudad de Rivera:<\/strong><\/p>\n<ul>\n<li><strong>Titulares<\/strong>\u00a0(<a href=\"https:\/\/drive.google.com\/file\/d\/16ys80ZDdoI9rXZdOVE4hqgr61zGiXs3A\/view?usp=sharing\" target=\"_blank\" rel=\"noopener noreferrer\">descargar<\/a>) \u2013 Opci\u00f3n 2 (<a href=\"https:\/\/www.rivera.gub.uy\/portal\/wp-content\/uploads\/2023\/09\/TITULARES-RIVERA-CIUDAD-RESULTADO-SORTEO-OLF4-ETAPA-2-SEPTIEMBRE-2023.pdf\" target=\"_blank\" rel=\"noopener noreferrer\">descargar<\/a>)<\/li>\n<li>Suplentes (<a href=\"https:\/\/drive.google.com\/file\/d\/1F0gt7Pd_rgtX2XcIRX9sLm-QqgekoVCK\/view?usp=sharing\" target=\"_blank\" rel=\"noopener noreferrer\">descargar<\/a>) \u2013 Opci\u00f3n 2 (<a href=\"https:\/\/www.rivera.gub.uy\/portal\/wp-content\/uploads\/2023\/09\/SUPLENTES-RIVERA-CIUDAD-RESULTADO-SORTEO-OLF4-ETAPA-2-SEPTIEMBRE-2023.pdf\" target=\"_blank\" rel=\"noopener noreferrer\">descargar<\/a>)<\/li>\n<\/ul>\n<p>&nbsp;<\/p>\n<p><iframe loading=\"lazy\" title=\"Sorteo Jornales Solidarios\" width=\"1160\" height=\"653\" src=\"https:\/\/www.youtube.com\/embed\/X6-p_DrGneU?feature=oembed\" frameborder=\"0\" allow=\"accelerometer; autoplay; clipboard-write; encrypted-media; gyroscope; picture-in-picture; web-share\" allowfullscreen><\/iframe><\/p>\n","protected":false},"excerpt":{"rendered":"<p>Este 26 de setiembre, el Ministerio de Trabajo y Seguridad Social realiz\u00f3 el sorteo de cupos para la ciudad de Rivera\u00a0del programa Oportunidad Laboral (Jornales Solidarios).<\/p>\n","protected":false},"author":7,"featured_media":45854,"comment_status":"open","ping_status":"open","sticky":false,"template":"","format":"standard","meta":{"footnotes":""},"categories":[1],"tags":[1323,1254,33],"class_list":["post-46030","post","type-post","status-publish","format-standard","has-post-thumbnail","hentry","category-novedades","tag-jornales-solidarios","tag-oportunidad-laboral","tag-rivera"],"_links":{"self":[{"href":"https:\/\/www.rivera.gub.uy\/portal\/wp-json\/wp\/v2\/posts\/46030","targetHints":{"allow":["GET"]}}],"collection":[{"href":"https:\/\/www.rivera.gub.uy\/portal\/wp-json\/wp\/v2\/posts"}],"about":[{"href":"https:\/\/www.rivera.gub.uy\/portal\/wp-json\/wp\/v2\/types\/post"}],"author":[{"embeddable":true,"href":"https:\/\/www.rivera.gub.uy\/portal\/wp-json\/wp\/v2\/users\/7"}],"replies":[{"embeddable":true,"href":"https:\/\/www.rivera.gub.uy\/portal\/wp-json\/wp\/v2\/comments?post=46030"}],"version-history":[{"count":7,"href":"https:\/\/www.rivera.gub.uy\/portal\/wp-json\/wp\/v2\/posts\/46030\/revisions"}],"predecessor-version":[{"id":46043,"href":"https:\/\/www.rivera.gub.uy\/portal\/wp-json\/wp\/v2\/posts\/46030\/revisions\/46043"}],"wp:featuredmedia":[{"embeddable":true,"href":"https:\/\/www.rivera.gub.uy\/portal\/wp-json\/wp\/v2\/media\/45854"}],"wp:attachment":[{"href":"https:\/\/www.rivera.gub.uy\/portal\/wp-json\/wp\/v2\/media?parent=46030"}],"wp:term":[{"taxonomy":"category","embeddable":true,"href":"https:\/\/www.rivera.gub.uy\/portal\/wp-json\/wp\/v2\/categories?post=46030"},{"taxonomy":"post_tag","embeddable":true,"href":"https:\/\/www.rivera.gub.uy\/portal\/wp-json\/wp\/v2\/tags?post=46030"}],"curies":[{"name":"wp","href":"https:\/\/api.w.org\/{rel}","templated":true}]}}