{"id":4629,"date":"2018-03-14T13:20:00","date_gmt":"2018-03-14T16:20:00","guid":{"rendered":"http:\/\/www.rivera.gub.uy\/portal\/?p=4629"},"modified":"2018-07-02T11:55:45","modified_gmt":"2018-07-02T14:55:45","slug":"extension-de-plazo-para-el-pago-de-la-contribucion-inmobiliaria-rural","status":"publish","type":"post","link":"https:\/\/www.rivera.gub.uy\/portal\/extension-de-plazo-para-el-pago-de-la-contribucion-inmobiliaria-rural\/","title":{"rendered":"Extensi\u00f3n de plazo para el pago de la Contribuci\u00f3n Inmobiliaria Rural"},"content":{"rendered":"<p>En el marco del apoyo al sector agropecuario planteado en el Consejo de Directores Generales, se aprobaron tres medidas, la segunda de ellas gestionada ante el Ministerio de Econom\u00eda Finanzas.<\/p>\n<p>En di\u00e1logo con la Directora General de Hacienda, Cra. Daniela Porto, se\u00f1al\u00f3 que una de las medidas fue extender el plazo del pago de la primera cuota de la Contribuci\u00f3n Inmobiliaria Rural, que venci\u00f3 el 20 de enero, hasta el d\u00eda 20 de abril, sin multas, ni recargos.<!--more--><br \/>\nComo segunda medida se aprob\u00f3 gestionar ante el Ministerio de Econom\u00eda y Finanza, la autorizaci\u00f3n, para llevar adelante un plan de refinanciaci\u00f3n de adeudos de la Contribuci\u00f3n Inmobiliaria Rural.<\/p>\n<p>Porto indic\u00f3 que ese plan de refinanciaci\u00f3n y beneficios, se est\u00e1 llevando adelante en la Contribuci\u00f3n Inmobiliaria Urbana y otros tributos, y lo que se busca es \u201cpoder aplicar un sistema similar, a la Contribuci\u00f3n Inmobiliaria Rural, permitiendo al contribuyente, en la medida que pueda refinanciar su deuda en el per\u00edodo de la actual administraci\u00f3n, y quedar al d\u00eda con los tributos para poder acceder al Certificado \u00danico Departamental,\u201d que es de suma importancia para gestionar pr\u00e9stamos o actividades financieras en el sector bancario\u201d.<\/p>\n<p>Como tercera medida se aprob\u00f3 extender el plazo de pago de la Contribuci\u00f3n Inmobiliaria Rural de 4 cuotas a 6 y a 12 cuotas de acuerdo a la posibilidad de cada contribuyente<br \/>\n\u201cEn este caso el contribuyente deber\u00e1 acercarse a la Direcci\u00f3n de Hacienda, Divisi\u00f3n Tributos y manifestar esa necesidad de cambiar el plan de pago\u201d, enfatiz\u00f3 la Cra. Daniela Porto.<\/p>\n<p><iframe loading=\"lazy\" width=\"1160\" height=\"653\" src=\"https:\/\/www.youtube.com\/embed\/0lSFZ9bjLcc?feature=oembed\" frameborder=\"0\" allow=\"autoplay; encrypted-media\" allowfullscreen><\/iframe><\/p>\n","protected":false},"excerpt":{"rendered":"<p>En el marco del apoyo al sector agropecuario planteado en el Consejo de Directores Generales, se aprobaron tres medidas, la segunda de ellas gestionada ante el Ministerio de Econom\u00eda Finanzas. En di\u00e1logo con la Directora General de Hacienda, Cra. Daniela Porto, se\u00f1al\u00f3 que una de las medidas fue extender el plazo del pago de la [&hellip;]<\/p>\n","protected":false},"author":7,"featured_media":4630,"comment_status":"open","ping_status":"open","sticky":false,"template":"","format":"standard","meta":{"footnotes":""},"categories":[23,26,3,1,22],"tags":[431,595,114,36,33,116],"class_list":["post-4629","post","type-post","status-publish","format-standard","has-post-thumbnail","hentry","category-bonificacion-de-tributos","category-hacienda","category-multimedia","category-novedades","category-vencimientos","tag-contribucion","tag-dgh","tag-idr","tag-intendencia","tag-rivera","tag-rural"],"_links":{"self":[{"href":"https:\/\/www.rivera.gub.uy\/portal\/wp-json\/wp\/v2\/posts\/4629","targetHints":{"allow":["GET"]}}],"collection":[{"href":"https:\/\/www.rivera.gub.uy\/portal\/wp-json\/wp\/v2\/posts"}],"about":[{"href":"https:\/\/www.rivera.gub.uy\/portal\/wp-json\/wp\/v2\/types\/post"}],"author":[{"embeddable":true,"href":"https:\/\/www.rivera.gub.uy\/portal\/wp-json\/wp\/v2\/users\/7"}],"replies":[{"embeddable":true,"href":"https:\/\/www.rivera.gub.uy\/portal\/wp-json\/wp\/v2\/comments?post=4629"}],"version-history":[{"count":3,"href":"https:\/\/www.rivera.gub.uy\/portal\/wp-json\/wp\/v2\/posts\/4629\/revisions"}],"predecessor-version":[{"id":4633,"href":"https:\/\/www.rivera.gub.uy\/portal\/wp-json\/wp\/v2\/posts\/4629\/revisions\/4633"}],"wp:featuredmedia":[{"embeddable":true,"href":"https:\/\/www.rivera.gub.uy\/portal\/wp-json\/wp\/v2\/media\/4630"}],"wp:attachment":[{"href":"https:\/\/www.rivera.gub.uy\/portal\/wp-json\/wp\/v2\/media?parent=4629"}],"wp:term":[{"taxonomy":"category","embeddable":true,"href":"https:\/\/www.rivera.gub.uy\/portal\/wp-json\/wp\/v2\/categories?post=4629"},{"taxonomy":"post_tag","embeddable":true,"href":"https:\/\/www.rivera.gub.uy\/portal\/wp-json\/wp\/v2\/tags?post=4629"}],"curies":[{"name":"wp","href":"https:\/\/api.w.org\/{rel}","templated":true}]}}