{"id":4636,"date":"2018-03-14T13:10:58","date_gmt":"2018-03-14T16:10:58","guid":{"rendered":"http:\/\/www.rivera.gub.uy\/portal\/?p=4636"},"modified":"2018-03-14T13:22:00","modified_gmt":"2018-03-14T16:22:00","slug":"desarrollo-academico-en-la-frontera","status":"publish","type":"post","link":"https:\/\/www.rivera.gub.uy\/portal\/desarrollo-academico-en-la-frontera\/","title":{"rendered":"Desarrollo acad\u00e9mico en la frontera"},"content":{"rendered":"<p>Intensa jornada sobre formaci\u00f3n de nivel terciario y binacional se llev\u00f3 a cabo en la Sala de Conferencias del edificio comunal, donde todas las instituciones educativas de car\u00e1cter universitario y tecnol\u00f3gico de la frontera presentaron una s\u00edntesis de la propuesta de formaci\u00f3n acad\u00e9mica a los referentes empresariales de ambas ciudades, Prefeito de Santana do Livramento Solimar Charopen e Intendente Marne Osorio.<!--more--><br \/>\nEl objetivo de este taller institucional binacional es trabajar en la construcci\u00f3n de sinergias que apunten a una mejor apertura a la comunidad y consecuentemente a los futuros estudiantes, abordando aspectos infraestructurales, formativos y laborales.<\/p>\n<p>Al finalizar dicha instancia se aun\u00f3 criterios para la formaci\u00f3n de una Secretar\u00eda de Educaci\u00f3n Superior Binacional, Comisi\u00f3n Coordinadora Institucional Binacional y establecer contacto con otros organismos que operan en el territorio.<\/p>\n<p>Se fij\u00f3 una agenda de trabajo donde la pr\u00f3xima reuni\u00f3n se realizar\u00e1 en la Prefeitura de Santana do Livramento el d\u00eda 22 de marzo.<\/p>\n<div id='gallery-1' class='gallery galleryid-4636 gallery-columns-3 gallery-size-medium'><figure class='gallery-item'>\n\t\t\t<div class='gallery-icon landscape'>\n\t\t\t\t<a href='https:\/\/www.rivera.gub.uy\/portal\/wp-content\/uploads\/2018\/03\/1-2.jpg'><img loading=\"lazy\" decoding=\"async\" width=\"263\" height=\"188\" src=\"https:\/\/www.rivera.gub.uy\/portal\/wp-content\/uploads\/2018\/03\/1-2-263x188.jpg\" class=\"attachment-medium size-medium\" alt=\"\" srcset=\"https:\/\/www.rivera.gub.uy\/portal\/wp-content\/uploads\/2018\/03\/1-2-263x188.jpg 263w, https:\/\/www.rivera.gub.uy\/portal\/wp-content\/uploads\/2018\/03\/1-2-132x94.jpg 132w, https:\/\/www.rivera.gub.uy\/portal\/wp-content\/uploads\/2018\/03\/1-2-768x549.jpg 768w, https:\/\/www.rivera.gub.uy\/portal\/wp-content\/uploads\/2018\/03\/1-2-876x626.jpg 876w, https:\/\/www.rivera.gub.uy\/portal\/wp-content\/uploads\/2018\/03\/1-2-820x586.jpg 820w\" sizes=\"auto, (max-width: 263px) 100vw, 263px\" \/><\/a>\n\t\t\t<\/div><\/figure><figure class='gallery-item'>\n\t\t\t<div class='gallery-icon landscape'>\n\t\t\t\t<a href='https:\/\/www.rivera.gub.uy\/portal\/wp-content\/uploads\/2018\/03\/2-1.jpg'><img loading=\"lazy\" decoding=\"async\" width=\"263\" height=\"188\" src=\"https:\/\/www.rivera.gub.uy\/portal\/wp-content\/uploads\/2018\/03\/2-1-263x188.jpg\" class=\"attachment-medium size-medium\" alt=\"\" srcset=\"https:\/\/www.rivera.gub.uy\/portal\/wp-content\/uploads\/2018\/03\/2-1-263x188.jpg 263w, https:\/\/www.rivera.gub.uy\/portal\/wp-content\/uploads\/2018\/03\/2-1-132x94.jpg 132w, https:\/\/www.rivera.gub.uy\/portal\/wp-content\/uploads\/2018\/03\/2-1-768x549.jpg 768w, https:\/\/www.rivera.gub.uy\/portal\/wp-content\/uploads\/2018\/03\/2-1-876x626.jpg 876w, https:\/\/www.rivera.gub.uy\/portal\/wp-content\/uploads\/2018\/03\/2-1-820x586.jpg 820w\" sizes=\"auto, (max-width: 263px) 100vw, 263px\" \/><\/a>\n\t\t\t<\/div><\/figure><figure class='gallery-item'>\n\t\t\t<div class='gallery-icon landscape'>\n\t\t\t\t<a href='https:\/\/www.rivera.gub.uy\/portal\/wp-content\/uploads\/2018\/03\/3.jpg'><img loading=\"lazy\" decoding=\"async\" width=\"263\" height=\"188\" src=\"https:\/\/www.rivera.gub.uy\/portal\/wp-content\/uploads\/2018\/03\/3-263x188.jpg\" class=\"attachment-medium size-medium\" alt=\"\" srcset=\"https:\/\/www.rivera.gub.uy\/portal\/wp-content\/uploads\/2018\/03\/3-263x188.jpg 263w, https:\/\/www.rivera.gub.uy\/portal\/wp-content\/uploads\/2018\/03\/3-132x94.jpg 132w, https:\/\/www.rivera.gub.uy\/portal\/wp-content\/uploads\/2018\/03\/3-768x549.jpg 768w, https:\/\/www.rivera.gub.uy\/portal\/wp-content\/uploads\/2018\/03\/3-876x626.jpg 876w, https:\/\/www.rivera.gub.uy\/portal\/wp-content\/uploads\/2018\/03\/3-820x586.jpg 820w\" sizes=\"auto, (max-width: 263px) 100vw, 263px\" \/><\/a>\n\t\t\t<\/div><\/figure>\n\t\t<\/div>\n\n<p><iframe loading=\"lazy\" width=\"1160\" height=\"653\" src=\"https:\/\/www.youtube.com\/embed\/goDvw0KfwP0?feature=oembed\" frameborder=\"0\" allow=\"autoplay; encrypted-media\" allowfullscreen><\/iframe><\/p>\n","protected":false},"excerpt":{"rendered":"<p>Intensa jornada sobre formaci\u00f3n de nivel terciario y binacional se llev\u00f3 a cabo en la Sala de Conferencias del edificio comunal, donde todas las instituciones educativas de car\u00e1cter universitario y tecnol\u00f3gico de la frontera presentaron una s\u00edntesis de la propuesta de formaci\u00f3n acad\u00e9mica a los referentes empresariales de ambas ciudades, Prefeito de Santana do Livramento [&hellip;]<\/p>\n","protected":false},"author":7,"featured_media":4637,"comment_status":"open","ping_status":"open","sticky":false,"template":"","format":"standard","meta":{"footnotes":""},"categories":[3,1],"tags":[442,80,36,33],"class_list":["post-4636","post","type-post","status-publish","format-standard","has-post-thumbnail","hentry","category-multimedia","category-novedades","tag-academico","tag-desarrollo","tag-intendencia","tag-rivera"],"_links":{"self":[{"href":"https:\/\/www.rivera.gub.uy\/portal\/wp-json\/wp\/v2\/posts\/4636","targetHints":{"allow":["GET"]}}],"collection":[{"href":"https:\/\/www.rivera.gub.uy\/portal\/wp-json\/wp\/v2\/posts"}],"about":[{"href":"https:\/\/www.rivera.gub.uy\/portal\/wp-json\/wp\/v2\/types\/post"}],"author":[{"embeddable":true,"href":"https:\/\/www.rivera.gub.uy\/portal\/wp-json\/wp\/v2\/users\/7"}],"replies":[{"embeddable":true,"href":"https:\/\/www.rivera.gub.uy\/portal\/wp-json\/wp\/v2\/comments?post=4636"}],"version-history":[{"count":1,"href":"https:\/\/www.rivera.gub.uy\/portal\/wp-json\/wp\/v2\/posts\/4636\/revisions"}],"predecessor-version":[{"id":4641,"href":"https:\/\/www.rivera.gub.uy\/portal\/wp-json\/wp\/v2\/posts\/4636\/revisions\/4641"}],"wp:featuredmedia":[{"embeddable":true,"href":"https:\/\/www.rivera.gub.uy\/portal\/wp-json\/wp\/v2\/media\/4637"}],"wp:attachment":[{"href":"https:\/\/www.rivera.gub.uy\/portal\/wp-json\/wp\/v2\/media?parent=4636"}],"wp:term":[{"taxonomy":"category","embeddable":true,"href":"https:\/\/www.rivera.gub.uy\/portal\/wp-json\/wp\/v2\/categories?post=4636"},{"taxonomy":"post_tag","embeddable":true,"href":"https:\/\/www.rivera.gub.uy\/portal\/wp-json\/wp\/v2\/tags?post=4636"}],"curies":[{"name":"wp","href":"https:\/\/api.w.org\/{rel}","templated":true}]}}