{"id":4720,"date":"2018-03-23T08:00:50","date_gmt":"2018-03-23T11:00:50","guid":{"rendered":"http:\/\/www.rivera.gub.uy\/portal\/?p=4720"},"modified":"2018-05-30T12:39:29","modified_gmt":"2018-05-30T15:39:29","slug":"lanzamiento-de-la-vi-semana-binacional-de-pascua","status":"publish","type":"post","link":"https:\/\/www.rivera.gub.uy\/portal\/lanzamiento-de-la-vi-semana-binacional-de-pascua\/","title":{"rendered":"Lanzamiento de la VI Semana Binacional de Pascua"},"content":{"rendered":"<p>Se realiz\u00f3 en las instalaciones de restaurante La Perdiz, en Shopping Si\u00f1eriz, el lanzamiento de VI Semana Binacional de Pascua, en presencia de autoridades de ambas ciudades.<!--more--><\/p>\n<p>En al mesa de presentaci\u00f3n estuvieron, el Director General de Promoci\u00f3n y Acci\u00f3n Social de la IDR, Cr. Giovani Conti, Director de Turismo, Lic. Carlos Martorel, Secretario de Desenvolvimento e Turismo de la Prefeitura de Sant&#8217; Ana do Livramento, Carlos Eduardo Grisolia da Rosa, y la Gte. de Restaurante La Perdiz, Gabriela Barrozo.<\/p>\n<p>En la oportunidad se present\u00f3 al agenda de las actividades previstas para toda la semana que va desde el domingo 25 de marzo, hasta el domingo 1 de abril, con un fortalecimiento especial en los barrios de la ciudad y en Curticeiras.<\/p>\n<p>El Director de Turismo, Lic. Carlos Martorel, agreg\u00f3 que habr\u00e1 muchos juegos para ni\u00f1os y muchos premios, espect\u00e1culos art\u00edsticos en las diferentes plazas de la ciudad: Plaza Flores, 18 de Julio y Parque Internacional.<br \/>\nEl director invit\u00f3 a que la comunidad se sume porque las actividades est\u00e1n orientadas para toda la familia.<br \/>\nInsisti\u00f3 en \u201cque pueden inscribirse en los concursos, el de arroz con orejones, de huevos de pascuas y ajedrez, que contar\u00e1n con premios muy importantes, en el Centro visitantes del Parque internacional desde las 8:30 hasta las 19:30, inclusive s\u00e1bados y domingos\u201d.<\/p>\n<div id='gallery-1' class='gallery galleryid-4720 gallery-columns-4 gallery-size-medium'><figure class='gallery-item'>\n\t\t\t<div class='gallery-icon landscape'>\n\t\t\t\t<a href='https:\/\/www.rivera.gub.uy\/portal\/wp-content\/uploads\/2018\/03\/Banner-pascua-25.png'><img loading=\"lazy\" decoding=\"async\" width=\"188\" height=\"188\" src=\"https:\/\/www.rivera.gub.uy\/portal\/wp-content\/uploads\/2018\/03\/Banner-pascua-25-188x188.png\" class=\"attachment-medium size-medium\" alt=\"\" srcset=\"https:\/\/www.rivera.gub.uy\/portal\/wp-content\/uploads\/2018\/03\/Banner-pascua-25-188x188.png 188w, https:\/\/www.rivera.gub.uy\/portal\/wp-content\/uploads\/2018\/03\/Banner-pascua-25-94x94.png 94w, https:\/\/www.rivera.gub.uy\/portal\/wp-content\/uploads\/2018\/03\/Banner-pascua-25-768x768.png 768w, https:\/\/www.rivera.gub.uy\/portal\/wp-content\/uploads\/2018\/03\/Banner-pascua-25-626x626.png 626w, https:\/\/www.rivera.gub.uy\/portal\/wp-content\/uploads\/2018\/03\/Banner-pascua-25-820x820.png 820w, https:\/\/www.rivera.gub.uy\/portal\/wp-content\/uploads\/2018\/03\/Banner-pascua-25.png 1000w\" sizes=\"auto, (max-width: 188px) 100vw, 188px\" \/><\/a>\n\t\t\t<\/div><\/figure><figure class='gallery-item'>\n\t\t\t<div class='gallery-icon landscape'>\n\t\t\t\t<a href='https:\/\/www.rivera.gub.uy\/portal\/wp-content\/uploads\/2018\/03\/Banner-pascua-26.png'><img loading=\"lazy\" decoding=\"async\" width=\"188\" height=\"188\" src=\"https:\/\/www.rivera.gub.uy\/portal\/wp-content\/uploads\/2018\/03\/Banner-pascua-26-188x188.png\" class=\"attachment-medium size-medium\" alt=\"\" srcset=\"https:\/\/www.rivera.gub.uy\/portal\/wp-content\/uploads\/2018\/03\/Banner-pascua-26-188x188.png 188w, https:\/\/www.rivera.gub.uy\/portal\/wp-content\/uploads\/2018\/03\/Banner-pascua-26-94x94.png 94w, https:\/\/www.rivera.gub.uy\/portal\/wp-content\/uploads\/2018\/03\/Banner-pascua-26-768x768.png 768w, https:\/\/www.rivera.gub.uy\/portal\/wp-content\/uploads\/2018\/03\/Banner-pascua-26-626x626.png 626w, https:\/\/www.rivera.gub.uy\/portal\/wp-content\/uploads\/2018\/03\/Banner-pascua-26-820x820.png 820w, https:\/\/www.rivera.gub.uy\/portal\/wp-content\/uploads\/2018\/03\/Banner-pascua-26.png 1000w\" sizes=\"auto, (max-width: 188px) 100vw, 188px\" \/><\/a>\n\t\t\t<\/div><\/figure><figure class='gallery-item'>\n\t\t\t<div class='gallery-icon landscape'>\n\t\t\t\t<a href='https:\/\/www.rivera.gub.uy\/portal\/wp-content\/uploads\/2018\/03\/Banner-pascua-04.png'><img loading=\"lazy\" decoding=\"async\" width=\"188\" height=\"188\" src=\"https:\/\/www.rivera.gub.uy\/portal\/wp-content\/uploads\/2018\/03\/Banner-pascua-04-188x188.png\" class=\"attachment-medium size-medium\" alt=\"\" srcset=\"https:\/\/www.rivera.gub.uy\/portal\/wp-content\/uploads\/2018\/03\/Banner-pascua-04-188x188.png 188w, https:\/\/www.rivera.gub.uy\/portal\/wp-content\/uploads\/2018\/03\/Banner-pascua-04-94x94.png 94w, https:\/\/www.rivera.gub.uy\/portal\/wp-content\/uploads\/2018\/03\/Banner-pascua-04-768x768.png 768w, https:\/\/www.rivera.gub.uy\/portal\/wp-content\/uploads\/2018\/03\/Banner-pascua-04-626x626.png 626w, https:\/\/www.rivera.gub.uy\/portal\/wp-content\/uploads\/2018\/03\/Banner-pascua-04-820x820.png 820w, https:\/\/www.rivera.gub.uy\/portal\/wp-content\/uploads\/2018\/03\/Banner-pascua-04.png 1000w\" sizes=\"auto, (max-width: 188px) 100vw, 188px\" \/><\/a>\n\t\t\t<\/div><\/figure><figure class='gallery-item'>\n\t\t\t<div class='gallery-icon landscape'>\n\t\t\t\t<a href='https:\/\/www.rivera.gub.uy\/portal\/wp-content\/uploads\/2018\/03\/Banner-pascua-05.png'><img loading=\"lazy\" decoding=\"async\" width=\"188\" height=\"188\" src=\"https:\/\/www.rivera.gub.uy\/portal\/wp-content\/uploads\/2018\/03\/Banner-pascua-05-188x188.png\" class=\"attachment-medium size-medium\" alt=\"\" srcset=\"https:\/\/www.rivera.gub.uy\/portal\/wp-content\/uploads\/2018\/03\/Banner-pascua-05-188x188.png 188w, https:\/\/www.rivera.gub.uy\/portal\/wp-content\/uploads\/2018\/03\/Banner-pascua-05-94x94.png 94w, https:\/\/www.rivera.gub.uy\/portal\/wp-content\/uploads\/2018\/03\/Banner-pascua-05-768x768.png 768w, https:\/\/www.rivera.gub.uy\/portal\/wp-content\/uploads\/2018\/03\/Banner-pascua-05-626x626.png 626w, https:\/\/www.rivera.gub.uy\/portal\/wp-content\/uploads\/2018\/03\/Banner-pascua-05-820x820.png 820w, https:\/\/www.rivera.gub.uy\/portal\/wp-content\/uploads\/2018\/03\/Banner-pascua-05.png 1000w\" sizes=\"auto, (max-width: 188px) 100vw, 188px\" \/><\/a>\n\t\t\t<\/div><\/figure>\n\t\t<\/div>\n\n<div id='gallery-2' class='gallery galleryid-4720 gallery-columns-3 gallery-size-medium'><figure class='gallery-item'>\n\t\t\t<div class='gallery-icon landscape'>\n\t\t\t\t<a href='https:\/\/www.rivera.gub.uy\/portal\/wp-content\/uploads\/2018\/03\/Banner-Concurso-Huevos-de-Pascua.png'><img loading=\"lazy\" decoding=\"async\" width=\"188\" height=\"188\" src=\"https:\/\/www.rivera.gub.uy\/portal\/wp-content\/uploads\/2018\/03\/Banner-Concurso-Huevos-de-Pascua-188x188.png\" class=\"attachment-medium size-medium\" alt=\"\" srcset=\"https:\/\/www.rivera.gub.uy\/portal\/wp-content\/uploads\/2018\/03\/Banner-Concurso-Huevos-de-Pascua-188x188.png 188w, https:\/\/www.rivera.gub.uy\/portal\/wp-content\/uploads\/2018\/03\/Banner-Concurso-Huevos-de-Pascua-94x94.png 94w, https:\/\/www.rivera.gub.uy\/portal\/wp-content\/uploads\/2018\/03\/Banner-Concurso-Huevos-de-Pascua-768x768.png 768w, https:\/\/www.rivera.gub.uy\/portal\/wp-content\/uploads\/2018\/03\/Banner-Concurso-Huevos-de-Pascua-626x626.png 626w, https:\/\/www.rivera.gub.uy\/portal\/wp-content\/uploads\/2018\/03\/Banner-Concurso-Huevos-de-Pascua-820x820.png 820w, https:\/\/www.rivera.gub.uy\/portal\/wp-content\/uploads\/2018\/03\/Banner-Concurso-Huevos-de-Pascua.png 1000w\" sizes=\"auto, (max-width: 188px) 100vw, 188px\" \/><\/a>\n\t\t\t<\/div><\/figure><figure class='gallery-item'>\n\t\t\t<div class='gallery-icon landscape'>\n\t\t\t\t<a href='https:\/\/www.rivera.gub.uy\/portal\/wp-content\/uploads\/2018\/03\/Banner-Concurso-Orejon.png'><img loading=\"lazy\" decoding=\"async\" width=\"188\" height=\"188\" src=\"https:\/\/www.rivera.gub.uy\/portal\/wp-content\/uploads\/2018\/03\/Banner-Concurso-Orejon-188x188.png\" class=\"attachment-medium size-medium\" alt=\"\" srcset=\"https:\/\/www.rivera.gub.uy\/portal\/wp-content\/uploads\/2018\/03\/Banner-Concurso-Orejon-188x188.png 188w, https:\/\/www.rivera.gub.uy\/portal\/wp-content\/uploads\/2018\/03\/Banner-Concurso-Orejon-94x94.png 94w, https:\/\/www.rivera.gub.uy\/portal\/wp-content\/uploads\/2018\/03\/Banner-Concurso-Orejon-768x768.png 768w, https:\/\/www.rivera.gub.uy\/portal\/wp-content\/uploads\/2018\/03\/Banner-Concurso-Orejon-626x626.png 626w, https:\/\/www.rivera.gub.uy\/portal\/wp-content\/uploads\/2018\/03\/Banner-Concurso-Orejon-820x820.png 820w, https:\/\/www.rivera.gub.uy\/portal\/wp-content\/uploads\/2018\/03\/Banner-Concurso-Orejon.png 1000w\" sizes=\"auto, (max-width: 188px) 100vw, 188px\" \/><\/a>\n\t\t\t<\/div><\/figure><figure class='gallery-item'>\n\t\t\t<div class='gallery-icon landscape'>\n\t\t\t\t<a href='https:\/\/www.rivera.gub.uy\/portal\/wp-content\/uploads\/2018\/03\/Banner-Concurso-Cometas.png'><img loading=\"lazy\" decoding=\"async\" width=\"188\" height=\"188\" src=\"https:\/\/www.rivera.gub.uy\/portal\/wp-content\/uploads\/2018\/03\/Banner-Concurso-Cometas-188x188.png\" class=\"attachment-medium size-medium\" alt=\"\" srcset=\"https:\/\/www.rivera.gub.uy\/portal\/wp-content\/uploads\/2018\/03\/Banner-Concurso-Cometas-188x188.png 188w, https:\/\/www.rivera.gub.uy\/portal\/wp-content\/uploads\/2018\/03\/Banner-Concurso-Cometas-94x94.png 94w, https:\/\/www.rivera.gub.uy\/portal\/wp-content\/uploads\/2018\/03\/Banner-Concurso-Cometas-768x768.png 768w, https:\/\/www.rivera.gub.uy\/portal\/wp-content\/uploads\/2018\/03\/Banner-Concurso-Cometas-626x626.png 626w, https:\/\/www.rivera.gub.uy\/portal\/wp-content\/uploads\/2018\/03\/Banner-Concurso-Cometas-820x820.png 820w, https:\/\/www.rivera.gub.uy\/portal\/wp-content\/uploads\/2018\/03\/Banner-Concurso-Cometas.png 1000w\" sizes=\"auto, (max-width: 188px) 100vw, 188px\" \/><\/a>\n\t\t\t<\/div><\/figure>\n\t\t<\/div>\n\n<div id='gallery-3' class='gallery galleryid-4720 gallery-columns-4 gallery-size-medium'><figure class='gallery-item'>\n\t\t\t<div class='gallery-icon landscape'>\n\t\t\t\t<a href='https:\/\/www.rivera.gub.uy\/portal\/wp-content\/uploads\/2018\/03\/Banner-pascua-06.png'><img loading=\"lazy\" decoding=\"async\" width=\"188\" height=\"188\" src=\"https:\/\/www.rivera.gub.uy\/portal\/wp-content\/uploads\/2018\/03\/Banner-pascua-06-188x188.png\" class=\"attachment-medium size-medium\" alt=\"\" srcset=\"https:\/\/www.rivera.gub.uy\/portal\/wp-content\/uploads\/2018\/03\/Banner-pascua-06-188x188.png 188w, https:\/\/www.rivera.gub.uy\/portal\/wp-content\/uploads\/2018\/03\/Banner-pascua-06-94x94.png 94w, https:\/\/www.rivera.gub.uy\/portal\/wp-content\/uploads\/2018\/03\/Banner-pascua-06-768x768.png 768w, https:\/\/www.rivera.gub.uy\/portal\/wp-content\/uploads\/2018\/03\/Banner-pascua-06-626x626.png 626w, https:\/\/www.rivera.gub.uy\/portal\/wp-content\/uploads\/2018\/03\/Banner-pascua-06-820x820.png 820w, https:\/\/www.rivera.gub.uy\/portal\/wp-content\/uploads\/2018\/03\/Banner-pascua-06.png 1000w\" sizes=\"auto, (max-width: 188px) 100vw, 188px\" \/><\/a>\n\t\t\t<\/div><\/figure><figure class='gallery-item'>\n\t\t\t<div class='gallery-icon landscape'>\n\t\t\t\t<a href='https:\/\/www.rivera.gub.uy\/portal\/wp-content\/uploads\/2018\/03\/Banner-pascua-Si\u00f1eriz.png'><img loading=\"lazy\" decoding=\"async\" width=\"188\" height=\"188\" src=\"https:\/\/www.rivera.gub.uy\/portal\/wp-content\/uploads\/2018\/03\/Banner-pascua-Si\u00f1eriz-188x188.png\" class=\"attachment-medium size-medium\" alt=\"\" srcset=\"https:\/\/www.rivera.gub.uy\/portal\/wp-content\/uploads\/2018\/03\/Banner-pascua-Si\u00f1eriz-188x188.png 188w, https:\/\/www.rivera.gub.uy\/portal\/wp-content\/uploads\/2018\/03\/Banner-pascua-Si\u00f1eriz-94x94.png 94w, https:\/\/www.rivera.gub.uy\/portal\/wp-content\/uploads\/2018\/03\/Banner-pascua-Si\u00f1eriz-768x768.png 768w, https:\/\/www.rivera.gub.uy\/portal\/wp-content\/uploads\/2018\/03\/Banner-pascua-Si\u00f1eriz-626x626.png 626w, https:\/\/www.rivera.gub.uy\/portal\/wp-content\/uploads\/2018\/03\/Banner-pascua-Si\u00f1eriz-820x820.png 820w, https:\/\/www.rivera.gub.uy\/portal\/wp-content\/uploads\/2018\/03\/Banner-pascua-Si\u00f1eriz.png 1000w\" sizes=\"auto, (max-width: 188px) 100vw, 188px\" \/><\/a>\n\t\t\t<\/div><\/figure><figure class='gallery-item'>\n\t\t\t<div class='gallery-icon landscape'>\n\t\t\t\t<a href='https:\/\/www.rivera.gub.uy\/portal\/wp-content\/uploads\/2018\/03\/Banner-pascua-Tranqueras.png'><img loading=\"lazy\" decoding=\"async\" width=\"188\" height=\"188\" src=\"https:\/\/www.rivera.gub.uy\/portal\/wp-content\/uploads\/2018\/03\/Banner-pascua-Tranqueras-188x188.png\" class=\"attachment-medium size-medium\" alt=\"\" srcset=\"https:\/\/www.rivera.gub.uy\/portal\/wp-content\/uploads\/2018\/03\/Banner-pascua-Tranqueras-188x188.png 188w, https:\/\/www.rivera.gub.uy\/portal\/wp-content\/uploads\/2018\/03\/Banner-pascua-Tranqueras-94x94.png 94w, https:\/\/www.rivera.gub.uy\/portal\/wp-content\/uploads\/2018\/03\/Banner-pascua-Tranqueras-768x768.png 768w, https:\/\/www.rivera.gub.uy\/portal\/wp-content\/uploads\/2018\/03\/Banner-pascua-Tranqueras-626x626.png 626w, https:\/\/www.rivera.gub.uy\/portal\/wp-content\/uploads\/2018\/03\/Banner-pascua-Tranqueras-820x820.png 820w, https:\/\/www.rivera.gub.uy\/portal\/wp-content\/uploads\/2018\/03\/Banner-pascua-Tranqueras.png 1000w\" sizes=\"auto, (max-width: 188px) 100vw, 188px\" \/><\/a>\n\t\t\t<\/div><\/figure><figure class='gallery-item'>\n\t\t\t<div class='gallery-icon landscape'>\n\t\t\t\t<a href='https:\/\/www.rivera.gub.uy\/portal\/wp-content\/uploads\/2018\/03\/Banner-pascua-Vichadero.png'><img loading=\"lazy\" decoding=\"async\" width=\"188\" height=\"188\" src=\"https:\/\/www.rivera.gub.uy\/portal\/wp-content\/uploads\/2018\/03\/Banner-pascua-Vichadero-188x188.png\" class=\"attachment-medium size-medium\" alt=\"\" srcset=\"https:\/\/www.rivera.gub.uy\/portal\/wp-content\/uploads\/2018\/03\/Banner-pascua-Vichadero-188x188.png 188w, https:\/\/www.rivera.gub.uy\/portal\/wp-content\/uploads\/2018\/03\/Banner-pascua-Vichadero-94x94.png 94w, https:\/\/www.rivera.gub.uy\/portal\/wp-content\/uploads\/2018\/03\/Banner-pascua-Vichadero-768x768.png 768w, https:\/\/www.rivera.gub.uy\/portal\/wp-content\/uploads\/2018\/03\/Banner-pascua-Vichadero-626x626.png 626w, https:\/\/www.rivera.gub.uy\/portal\/wp-content\/uploads\/2018\/03\/Banner-pascua-Vichadero-820x820.png 820w, https:\/\/www.rivera.gub.uy\/portal\/wp-content\/uploads\/2018\/03\/Banner-pascua-Vichadero.png 1000w\" sizes=\"auto, (max-width: 188px) 100vw, 188px\" \/><\/a>\n\t\t\t<\/div><\/figure>\n\t\t<\/div>\n\n<p><iframe loading=\"lazy\" width=\"1160\" height=\"653\" src=\"https:\/\/www.youtube.com\/embed\/sSqnHmaGErI?feature=oembed\" frameborder=\"0\" allow=\"autoplay; encrypted-media\" allowfullscreen><\/iframe><\/p>\n","protected":false},"excerpt":{"rendered":"<p>Se realiz\u00f3 en las instalaciones de restaurante La Perdiz, en Shopping Si\u00f1eriz, el lanzamiento de VI Semana Binacional de Pascua, en presencia de autoridades de ambas ciudades.<\/p>\n","protected":false},"author":7,"featured_media":4723,"comment_status":"open","ping_status":"open","sticky":false,"template":"","format":"standard","meta":{"footnotes":""},"categories":[3,1,20],"tags":[635,58,103,172,345,335,114,36,69,262,452,434,33,451,363,642],"class_list":["post-4720","post","type-post","status-publish","format-standard","has-post-thumbnail","hentry","category-multimedia","category-novedades","category-turismo","tag-actividades","tag-barrios","tag-binacional","tag-curticeiras","tag-dgpas","tag-giovani-conti","tag-idr","tag-intendencia","tag-livramento","tag-parque-internacional","tag-pascua","tag-plaza-flores","tag-rivera","tag-semana","tag-turismo","tag-vi-semana"],"_links":{"self":[{"href":"https:\/\/www.rivera.gub.uy\/portal\/wp-json\/wp\/v2\/posts\/4720","targetHints":{"allow":["GET"]}}],"collection":[{"href":"https:\/\/www.rivera.gub.uy\/portal\/wp-json\/wp\/v2\/posts"}],"about":[{"href":"https:\/\/www.rivera.gub.uy\/portal\/wp-json\/wp\/v2\/types\/post"}],"author":[{"embeddable":true,"href":"https:\/\/www.rivera.gub.uy\/portal\/wp-json\/wp\/v2\/users\/7"}],"replies":[{"embeddable":true,"href":"https:\/\/www.rivera.gub.uy\/portal\/wp-json\/wp\/v2\/comments?post=4720"}],"version-history":[{"count":9,"href":"https:\/\/www.rivera.gub.uy\/portal\/wp-json\/wp\/v2\/posts\/4720\/revisions"}],"predecessor-version":[{"id":4836,"href":"https:\/\/www.rivera.gub.uy\/portal\/wp-json\/wp\/v2\/posts\/4720\/revisions\/4836"}],"wp:featuredmedia":[{"embeddable":true,"href":"https:\/\/www.rivera.gub.uy\/portal\/wp-json\/wp\/v2\/media\/4723"}],"wp:attachment":[{"href":"https:\/\/www.rivera.gub.uy\/portal\/wp-json\/wp\/v2\/media?parent=4720"}],"wp:term":[{"taxonomy":"category","embeddable":true,"href":"https:\/\/www.rivera.gub.uy\/portal\/wp-json\/wp\/v2\/categories?post=4720"},{"taxonomy":"post_tag","embeddable":true,"href":"https:\/\/www.rivera.gub.uy\/portal\/wp-json\/wp\/v2\/tags?post=4720"}],"curies":[{"name":"wp","href":"https:\/\/api.w.org\/{rel}","templated":true}]}}