{"id":47416,"date":"2023-12-08T14:39:04","date_gmt":"2023-12-08T17:39:04","guid":{"rendered":"https:\/\/www.rivera.gub.uy\/portal\/?p=47416"},"modified":"2023-12-08T14:39:11","modified_gmt":"2023-12-08T17:39:11","slug":"intendente-por-un-dia-una-experiencia-unica","status":"publish","type":"post","link":"https:\/\/www.rivera.gub.uy\/portal\/intendente-por-un-dia-una-experiencia-unica\/","title":{"rendered":"Intendente por un d\u00eda \u2013 una experiencia \u00fanica"},"content":{"rendered":"<p>En horas de la ma\u00f1ana de hoy, el intendente de Rivera Cr. Richard Sander Dar\u00edn, acompa\u00f1ado de su equipo de gobierno, recibi\u00f3 en su despacho a Yamila Pi\u00f1eiro do Canto (10 a\u00f1os) y Ederson Daniel Etchechuy Sosa (12 a\u00f1os), ni\u00f1os con espectro autista, quienes acompa\u00f1aron al intendente, en una experiencia \u00fanica llamada \u201cIntendente por un d\u00eda\u201d.<!--more--><\/p>\n<p>Luego de la presentaci\u00f3n de los directores generales, los ni\u00f1os entregaron al mandatario departamental una carta donde sugieren algunas ideas que fueron de muy buen recibo para el equipo y ser\u00e1n analizadas para su implementaci\u00f3n.<\/p>\n<p>Seguidamente en comitiva se dirigieron al Parque Gran Breta\u00f1a donde observaron las obras e inversiones que vienen siendo realizadas all\u00ed para la mejor comodidad de los usuarios en la temporada de uso de balnearios que inicia hoy.<\/p>\n<p>Intendente por un d\u00eda, actividad que se realiza por tercera vez, hace parte de las actividades del Mes de Sensibilizaci\u00f3n de las personas con discapacidad, que \u00e9ste a\u00f1o lleva la consigna \u201cDerribando barreras construimos una sociedad inclusiva\u201d<\/p>\n","protected":false},"excerpt":{"rendered":"<p>En horas de la ma\u00f1ana de hoy, el intendente de Rivera Cr. Richard Sander Dar\u00edn, acompa\u00f1ado de su equipo de gobierno, recibi\u00f3 en su despacho a Yamila Pi\u00f1eiro do Canto (10 a\u00f1os) y Ederson Daniel Etchechuy Sosa (12 a\u00f1os), ni\u00f1os con espectro autista, quienes acompa\u00f1aron al intendente, en una experiencia \u00fanica llamada \u201cIntendente por un [&hellip;]<\/p>\n","protected":false},"author":7,"featured_media":47408,"comment_status":"open","ping_status":"open","sticky":false,"template":"","format":"standard","meta":{"footnotes":""},"categories":[1],"tags":[],"class_list":["post-47416","post","type-post","status-publish","format-standard","has-post-thumbnail","hentry","category-novedades"],"_links":{"self":[{"href":"https:\/\/www.rivera.gub.uy\/portal\/wp-json\/wp\/v2\/posts\/47416","targetHints":{"allow":["GET"]}}],"collection":[{"href":"https:\/\/www.rivera.gub.uy\/portal\/wp-json\/wp\/v2\/posts"}],"about":[{"href":"https:\/\/www.rivera.gub.uy\/portal\/wp-json\/wp\/v2\/types\/post"}],"author":[{"embeddable":true,"href":"https:\/\/www.rivera.gub.uy\/portal\/wp-json\/wp\/v2\/users\/7"}],"replies":[{"embeddable":true,"href":"https:\/\/www.rivera.gub.uy\/portal\/wp-json\/wp\/v2\/comments?post=47416"}],"version-history":[{"count":1,"href":"https:\/\/www.rivera.gub.uy\/portal\/wp-json\/wp\/v2\/posts\/47416\/revisions"}],"predecessor-version":[{"id":47417,"href":"https:\/\/www.rivera.gub.uy\/portal\/wp-json\/wp\/v2\/posts\/47416\/revisions\/47417"}],"wp:featuredmedia":[{"embeddable":true,"href":"https:\/\/www.rivera.gub.uy\/portal\/wp-json\/wp\/v2\/media\/47408"}],"wp:attachment":[{"href":"https:\/\/www.rivera.gub.uy\/portal\/wp-json\/wp\/v2\/media?parent=47416"}],"wp:term":[{"taxonomy":"category","embeddable":true,"href":"https:\/\/www.rivera.gub.uy\/portal\/wp-json\/wp\/v2\/categories?post=47416"},{"taxonomy":"post_tag","embeddable":true,"href":"https:\/\/www.rivera.gub.uy\/portal\/wp-json\/wp\/v2\/tags?post=47416"}],"curies":[{"name":"wp","href":"https:\/\/api.w.org\/{rel}","templated":true}]}}