{"id":47441,"date":"2023-12-12T14:53:13","date_gmt":"2023-12-12T17:53:13","guid":{"rendered":"https:\/\/www.rivera.gub.uy\/portal\/?p=47441"},"modified":"2023-12-12T14:53:18","modified_gmt":"2023-12-12T17:53:18","slug":"rivera-y-livramento-inauguraron-el-primer-aeropuerto-binacional-de-latinoamerica","status":"publish","type":"post","link":"https:\/\/www.rivera.gub.uy\/portal\/rivera-y-livramento-inauguraron-el-primer-aeropuerto-binacional-de-latinoamerica\/","title":{"rendered":"Rivera y Livramento inauguraron el primer aeropuerto binacional de Latinoam\u00e9rica"},"content":{"rendered":"<p>En horas de la tarde de \u00e9ste lunes 11 de diciembre autoridades nacionales y departamentales de Brasil y Uruguay se hicieron presentes en el aeropuerto Presidente General Oscar Diego Gestido de la ciudad de Rivera, donde se procedi\u00f3 a la ceremonia de inauguraci\u00f3n del primer aeropuerto binacional de Am\u00e9rica.<!--more--><\/p>\n<p>El presidente de Uruguay, Luis Alberto Lacalle Pou, encabez\u00f3 la presentaci\u00f3n del remozado aeropuerto de car\u00e1cter binacional, donde se realizar\u00e1n operaciones dom\u00e9sticas de Brasil y el transporte de carga y pasaje entre ese pa\u00eds y Uruguay.<\/p>\n<p>La inversi\u00f3n realizada por la empresa Aeropuertos del Uruguay fue de 13.000.000 de d\u00f3lares e incluy\u00f3 reforma total en pista, torre, edificio, instalaciones varias y comunicaci\u00f3n. El intendente de Rivera, Cr. Richard Sander Dar\u00edn manifest\u00f3: \u201choy es un d\u00eda hist\u00f3rico para Rivera, para Santana, para los fronterizos.\u201d<\/p>\n<div id='gallery-1' class='gallery galleryid-47441 gallery-columns-6 gallery-size-thumbnail'><figure class='gallery-item'>\n\t\t\t<div class='gallery-icon landscape'>\n\t\t\t\t<a href='https:\/\/www.rivera.gub.uy\/portal\/wp-content\/uploads\/2023\/12\/aeropuerto.jpg'><img loading=\"lazy\" decoding=\"async\" width=\"141\" height=\"94\" src=\"https:\/\/www.rivera.gub.uy\/portal\/wp-content\/uploads\/2023\/12\/aeropuerto-141x94.jpg\" class=\"attachment-thumbnail size-thumbnail\" alt=\"aeropuerto binacional\" srcset=\"https:\/\/www.rivera.gub.uy\/portal\/wp-content\/uploads\/2023\/12\/aeropuerto-141x94.jpg 141w, https:\/\/www.rivera.gub.uy\/portal\/wp-content\/uploads\/2023\/12\/aeropuerto-282x188.jpg 282w, https:\/\/www.rivera.gub.uy\/portal\/wp-content\/uploads\/2023\/12\/aeropuerto-768x512.jpg 768w, https:\/\/www.rivera.gub.uy\/portal\/wp-content\/uploads\/2023\/12\/aeropuerto-938x626.jpg 938w, https:\/\/www.rivera.gub.uy\/portal\/wp-content\/uploads\/2023\/12\/aeropuerto-600x400.jpg 600w, https:\/\/www.rivera.gub.uy\/portal\/wp-content\/uploads\/2023\/12\/aeropuerto-820x547.jpg 820w, https:\/\/www.rivera.gub.uy\/portal\/wp-content\/uploads\/2023\/12\/aeropuerto-272x182.jpg 272w\" sizes=\"auto, (max-width: 141px) 100vw, 141px\" \/><\/a>\n\t\t\t<\/div><\/figure><figure class='gallery-item'>\n\t\t\t<div class='gallery-icon landscape'>\n\t\t\t\t<a href='https:\/\/www.rivera.gub.uy\/portal\/wp-content\/uploads\/2023\/12\/aeropuerto-3.jpg'><img loading=\"lazy\" decoding=\"async\" width=\"141\" height=\"94\" src=\"https:\/\/www.rivera.gub.uy\/portal\/wp-content\/uploads\/2023\/12\/aeropuerto-3-141x94.jpg\" class=\"attachment-thumbnail size-thumbnail\" alt=\"\" srcset=\"https:\/\/www.rivera.gub.uy\/portal\/wp-content\/uploads\/2023\/12\/aeropuerto-3-141x94.jpg 141w, https:\/\/www.rivera.gub.uy\/portal\/wp-content\/uploads\/2023\/12\/aeropuerto-3-282x188.jpg 282w, https:\/\/www.rivera.gub.uy\/portal\/wp-content\/uploads\/2023\/12\/aeropuerto-3-768x512.jpg 768w, https:\/\/www.rivera.gub.uy\/portal\/wp-content\/uploads\/2023\/12\/aeropuerto-3-938x626.jpg 938w, https:\/\/www.rivera.gub.uy\/portal\/wp-content\/uploads\/2023\/12\/aeropuerto-3-600x400.jpg 600w, https:\/\/www.rivera.gub.uy\/portal\/wp-content\/uploads\/2023\/12\/aeropuerto-3-820x547.jpg 820w, https:\/\/www.rivera.gub.uy\/portal\/wp-content\/uploads\/2023\/12\/aeropuerto-3-272x182.jpg 272w\" sizes=\"auto, (max-width: 141px) 100vw, 141px\" \/><\/a>\n\t\t\t<\/div><\/figure><figure class='gallery-item'>\n\t\t\t<div class='gallery-icon portrait'>\n\t\t\t\t<a href='https:\/\/www.rivera.gub.uy\/portal\/wp-content\/uploads\/2023\/12\/aeropuerto-4.jpg'><img loading=\"lazy\" decoding=\"async\" width=\"63\" height=\"94\" src=\"https:\/\/www.rivera.gub.uy\/portal\/wp-content\/uploads\/2023\/12\/aeropuerto-4-63x94.jpg\" class=\"attachment-thumbnail size-thumbnail\" alt=\"\" srcset=\"https:\/\/www.rivera.gub.uy\/portal\/wp-content\/uploads\/2023\/12\/aeropuerto-4-63x94.jpg 63w, https:\/\/www.rivera.gub.uy\/portal\/wp-content\/uploads\/2023\/12\/aeropuerto-4-125x188.jpg 125w, https:\/\/www.rivera.gub.uy\/portal\/wp-content\/uploads\/2023\/12\/aeropuerto-4-768x1151.jpg 768w, https:\/\/www.rivera.gub.uy\/portal\/wp-content\/uploads\/2023\/12\/aeropuerto-4-418x626.jpg 418w, https:\/\/www.rivera.gub.uy\/portal\/wp-content\/uploads\/2023\/12\/aeropuerto-4-820x1229.jpg 820w\" sizes=\"auto, (max-width: 63px) 100vw, 63px\" \/><\/a>\n\t\t\t<\/div><\/figure><figure class='gallery-item'>\n\t\t\t<div class='gallery-icon landscape'>\n\t\t\t\t<a href='https:\/\/www.rivera.gub.uy\/portal\/wp-content\/uploads\/2023\/12\/aeropuerto-5.jpg'><img loading=\"lazy\" decoding=\"async\" width=\"141\" height=\"94\" src=\"https:\/\/www.rivera.gub.uy\/portal\/wp-content\/uploads\/2023\/12\/aeropuerto-5-141x94.jpg\" class=\"attachment-thumbnail size-thumbnail\" alt=\"\" srcset=\"https:\/\/www.rivera.gub.uy\/portal\/wp-content\/uploads\/2023\/12\/aeropuerto-5-141x94.jpg 141w, https:\/\/www.rivera.gub.uy\/portal\/wp-content\/uploads\/2023\/12\/aeropuerto-5-282x188.jpg 282w, https:\/\/www.rivera.gub.uy\/portal\/wp-content\/uploads\/2023\/12\/aeropuerto-5-768x512.jpg 768w, https:\/\/www.rivera.gub.uy\/portal\/wp-content\/uploads\/2023\/12\/aeropuerto-5-938x626.jpg 938w, https:\/\/www.rivera.gub.uy\/portal\/wp-content\/uploads\/2023\/12\/aeropuerto-5-600x400.jpg 600w, https:\/\/www.rivera.gub.uy\/portal\/wp-content\/uploads\/2023\/12\/aeropuerto-5-820x547.jpg 820w, https:\/\/www.rivera.gub.uy\/portal\/wp-content\/uploads\/2023\/12\/aeropuerto-5-272x182.jpg 272w\" sizes=\"auto, (max-width: 141px) 100vw, 141px\" \/><\/a>\n\t\t\t<\/div><\/figure><figure class='gallery-item'>\n\t\t\t<div class='gallery-icon landscape'>\n\t\t\t\t<a href='https:\/\/www.rivera.gub.uy\/portal\/wp-content\/uploads\/2023\/12\/aeropuerto-6.jpg'><img loading=\"lazy\" decoding=\"async\" width=\"141\" height=\"94\" src=\"https:\/\/www.rivera.gub.uy\/portal\/wp-content\/uploads\/2023\/12\/aeropuerto-6-141x94.jpg\" class=\"attachment-thumbnail size-thumbnail\" alt=\"\" srcset=\"https:\/\/www.rivera.gub.uy\/portal\/wp-content\/uploads\/2023\/12\/aeropuerto-6-141x94.jpg 141w, https:\/\/www.rivera.gub.uy\/portal\/wp-content\/uploads\/2023\/12\/aeropuerto-6-282x188.jpg 282w, https:\/\/www.rivera.gub.uy\/portal\/wp-content\/uploads\/2023\/12\/aeropuerto-6-768x512.jpg 768w, https:\/\/www.rivera.gub.uy\/portal\/wp-content\/uploads\/2023\/12\/aeropuerto-6-938x626.jpg 938w, https:\/\/www.rivera.gub.uy\/portal\/wp-content\/uploads\/2023\/12\/aeropuerto-6-600x400.jpg 600w, https:\/\/www.rivera.gub.uy\/portal\/wp-content\/uploads\/2023\/12\/aeropuerto-6-820x547.jpg 820w, https:\/\/www.rivera.gub.uy\/portal\/wp-content\/uploads\/2023\/12\/aeropuerto-6-272x182.jpg 272w\" sizes=\"auto, (max-width: 141px) 100vw, 141px\" \/><\/a>\n\t\t\t<\/div><\/figure><figure class='gallery-item'>\n\t\t\t<div class='gallery-icon landscape'>\n\t\t\t\t<a href='https:\/\/www.rivera.gub.uy\/portal\/wp-content\/uploads\/2023\/12\/aeropuerto-7.jpg'><img loading=\"lazy\" decoding=\"async\" width=\"141\" height=\"94\" src=\"https:\/\/www.rivera.gub.uy\/portal\/wp-content\/uploads\/2023\/12\/aeropuerto-7-141x94.jpg\" class=\"attachment-thumbnail size-thumbnail\" alt=\"\" srcset=\"https:\/\/www.rivera.gub.uy\/portal\/wp-content\/uploads\/2023\/12\/aeropuerto-7-141x94.jpg 141w, https:\/\/www.rivera.gub.uy\/portal\/wp-content\/uploads\/2023\/12\/aeropuerto-7-282x188.jpg 282w, https:\/\/www.rivera.gub.uy\/portal\/wp-content\/uploads\/2023\/12\/aeropuerto-7-768x512.jpg 768w, https:\/\/www.rivera.gub.uy\/portal\/wp-content\/uploads\/2023\/12\/aeropuerto-7-938x626.jpg 938w, https:\/\/www.rivera.gub.uy\/portal\/wp-content\/uploads\/2023\/12\/aeropuerto-7-600x400.jpg 600w, https:\/\/www.rivera.gub.uy\/portal\/wp-content\/uploads\/2023\/12\/aeropuerto-7-820x547.jpg 820w, https:\/\/www.rivera.gub.uy\/portal\/wp-content\/uploads\/2023\/12\/aeropuerto-7-272x182.jpg 272w\" sizes=\"auto, (max-width: 141px) 100vw, 141px\" \/><\/a>\n\t\t\t<\/div><\/figure><figure class='gallery-item'>\n\t\t\t<div class='gallery-icon landscape'>\n\t\t\t\t<a href='https:\/\/www.rivera.gub.uy\/portal\/wp-content\/uploads\/2023\/12\/aeropuerto-8.jpg'><img loading=\"lazy\" decoding=\"async\" width=\"141\" height=\"94\" src=\"https:\/\/www.rivera.gub.uy\/portal\/wp-content\/uploads\/2023\/12\/aeropuerto-8-141x94.jpg\" class=\"attachment-thumbnail size-thumbnail\" alt=\"\" srcset=\"https:\/\/www.rivera.gub.uy\/portal\/wp-content\/uploads\/2023\/12\/aeropuerto-8-141x94.jpg 141w, https:\/\/www.rivera.gub.uy\/portal\/wp-content\/uploads\/2023\/12\/aeropuerto-8-282x188.jpg 282w, https:\/\/www.rivera.gub.uy\/portal\/wp-content\/uploads\/2023\/12\/aeropuerto-8-768x512.jpg 768w, https:\/\/www.rivera.gub.uy\/portal\/wp-content\/uploads\/2023\/12\/aeropuerto-8-938x626.jpg 938w, https:\/\/www.rivera.gub.uy\/portal\/wp-content\/uploads\/2023\/12\/aeropuerto-8-600x400.jpg 600w, https:\/\/www.rivera.gub.uy\/portal\/wp-content\/uploads\/2023\/12\/aeropuerto-8-820x547.jpg 820w, https:\/\/www.rivera.gub.uy\/portal\/wp-content\/uploads\/2023\/12\/aeropuerto-8-272x182.jpg 272w\" sizes=\"auto, (max-width: 141px) 100vw, 141px\" \/><\/a>\n\t\t\t<\/div><\/figure><figure class='gallery-item'>\n\t\t\t<div class='gallery-icon landscape'>\n\t\t\t\t<a href='https:\/\/www.rivera.gub.uy\/portal\/wp-content\/uploads\/2023\/12\/aeropuerto-9.jpg'><img loading=\"lazy\" decoding=\"async\" width=\"141\" height=\"94\" src=\"https:\/\/www.rivera.gub.uy\/portal\/wp-content\/uploads\/2023\/12\/aeropuerto-9-141x94.jpg\" class=\"attachment-thumbnail size-thumbnail\" alt=\"\" srcset=\"https:\/\/www.rivera.gub.uy\/portal\/wp-content\/uploads\/2023\/12\/aeropuerto-9-141x94.jpg 141w, https:\/\/www.rivera.gub.uy\/portal\/wp-content\/uploads\/2023\/12\/aeropuerto-9-282x188.jpg 282w, https:\/\/www.rivera.gub.uy\/portal\/wp-content\/uploads\/2023\/12\/aeropuerto-9-768x512.jpg 768w, https:\/\/www.rivera.gub.uy\/portal\/wp-content\/uploads\/2023\/12\/aeropuerto-9-938x626.jpg 938w, https:\/\/www.rivera.gub.uy\/portal\/wp-content\/uploads\/2023\/12\/aeropuerto-9-600x400.jpg 600w, https:\/\/www.rivera.gub.uy\/portal\/wp-content\/uploads\/2023\/12\/aeropuerto-9-820x547.jpg 820w, https:\/\/www.rivera.gub.uy\/portal\/wp-content\/uploads\/2023\/12\/aeropuerto-9-272x182.jpg 272w\" sizes=\"auto, (max-width: 141px) 100vw, 141px\" \/><\/a>\n\t\t\t<\/div><\/figure><figure class='gallery-item'>\n\t\t\t<div class='gallery-icon landscape'>\n\t\t\t\t<a href='https:\/\/www.rivera.gub.uy\/portal\/wp-content\/uploads\/2023\/12\/aeropuerto-10.jpg'><img loading=\"lazy\" decoding=\"async\" width=\"141\" height=\"94\" src=\"https:\/\/www.rivera.gub.uy\/portal\/wp-content\/uploads\/2023\/12\/aeropuerto-10-141x94.jpg\" class=\"attachment-thumbnail size-thumbnail\" alt=\"\" srcset=\"https:\/\/www.rivera.gub.uy\/portal\/wp-content\/uploads\/2023\/12\/aeropuerto-10-141x94.jpg 141w, https:\/\/www.rivera.gub.uy\/portal\/wp-content\/uploads\/2023\/12\/aeropuerto-10-282x188.jpg 282w, https:\/\/www.rivera.gub.uy\/portal\/wp-content\/uploads\/2023\/12\/aeropuerto-10-768x512.jpg 768w, https:\/\/www.rivera.gub.uy\/portal\/wp-content\/uploads\/2023\/12\/aeropuerto-10-938x626.jpg 938w, https:\/\/www.rivera.gub.uy\/portal\/wp-content\/uploads\/2023\/12\/aeropuerto-10-600x400.jpg 600w, https:\/\/www.rivera.gub.uy\/portal\/wp-content\/uploads\/2023\/12\/aeropuerto-10-820x547.jpg 820w, https:\/\/www.rivera.gub.uy\/portal\/wp-content\/uploads\/2023\/12\/aeropuerto-10-272x182.jpg 272w\" sizes=\"auto, (max-width: 141px) 100vw, 141px\" \/><\/a>\n\t\t\t<\/div><\/figure><figure class='gallery-item'>\n\t\t\t<div class='gallery-icon landscape'>\n\t\t\t\t<a href='https:\/\/www.rivera.gub.uy\/portal\/wp-content\/uploads\/2023\/12\/aeropuerto-11.jpg'><img loading=\"lazy\" decoding=\"async\" width=\"141\" height=\"94\" src=\"https:\/\/www.rivera.gub.uy\/portal\/wp-content\/uploads\/2023\/12\/aeropuerto-11-141x94.jpg\" class=\"attachment-thumbnail size-thumbnail\" alt=\"\" srcset=\"https:\/\/www.rivera.gub.uy\/portal\/wp-content\/uploads\/2023\/12\/aeropuerto-11-141x94.jpg 141w, https:\/\/www.rivera.gub.uy\/portal\/wp-content\/uploads\/2023\/12\/aeropuerto-11-282x188.jpg 282w, https:\/\/www.rivera.gub.uy\/portal\/wp-content\/uploads\/2023\/12\/aeropuerto-11-768x512.jpg 768w, https:\/\/www.rivera.gub.uy\/portal\/wp-content\/uploads\/2023\/12\/aeropuerto-11-938x626.jpg 938w, https:\/\/www.rivera.gub.uy\/portal\/wp-content\/uploads\/2023\/12\/aeropuerto-11-600x400.jpg 600w, https:\/\/www.rivera.gub.uy\/portal\/wp-content\/uploads\/2023\/12\/aeropuerto-11-820x547.jpg 820w, https:\/\/www.rivera.gub.uy\/portal\/wp-content\/uploads\/2023\/12\/aeropuerto-11-272x182.jpg 272w\" sizes=\"auto, (max-width: 141px) 100vw, 141px\" \/><\/a>\n\t\t\t<\/div><\/figure><figure class='gallery-item'>\n\t\t\t<div class='gallery-icon landscape'>\n\t\t\t\t<a href='https:\/\/www.rivera.gub.uy\/portal\/wp-content\/uploads\/2023\/12\/aeropuerto-12.jpg'><img loading=\"lazy\" decoding=\"async\" width=\"141\" height=\"94\" src=\"https:\/\/www.rivera.gub.uy\/portal\/wp-content\/uploads\/2023\/12\/aeropuerto-12-141x94.jpg\" class=\"attachment-thumbnail size-thumbnail\" alt=\"\" srcset=\"https:\/\/www.rivera.gub.uy\/portal\/wp-content\/uploads\/2023\/12\/aeropuerto-12-141x94.jpg 141w, https:\/\/www.rivera.gub.uy\/portal\/wp-content\/uploads\/2023\/12\/aeropuerto-12-282x188.jpg 282w, https:\/\/www.rivera.gub.uy\/portal\/wp-content\/uploads\/2023\/12\/aeropuerto-12-768x512.jpg 768w, https:\/\/www.rivera.gub.uy\/portal\/wp-content\/uploads\/2023\/12\/aeropuerto-12-938x626.jpg 938w, https:\/\/www.rivera.gub.uy\/portal\/wp-content\/uploads\/2023\/12\/aeropuerto-12-600x400.jpg 600w, https:\/\/www.rivera.gub.uy\/portal\/wp-content\/uploads\/2023\/12\/aeropuerto-12-820x547.jpg 820w, https:\/\/www.rivera.gub.uy\/portal\/wp-content\/uploads\/2023\/12\/aeropuerto-12-272x182.jpg 272w\" sizes=\"auto, (max-width: 141px) 100vw, 141px\" \/><\/a>\n\t\t\t<\/div><\/figure><figure class='gallery-item'>\n\t\t\t<div class='gallery-icon landscape'>\n\t\t\t\t<a href='https:\/\/www.rivera.gub.uy\/portal\/wp-content\/uploads\/2023\/12\/aeropuerto-14.jpg'><img loading=\"lazy\" decoding=\"async\" width=\"141\" height=\"94\" src=\"https:\/\/www.rivera.gub.uy\/portal\/wp-content\/uploads\/2023\/12\/aeropuerto-14-141x94.jpg\" class=\"attachment-thumbnail size-thumbnail\" alt=\"\" srcset=\"https:\/\/www.rivera.gub.uy\/portal\/wp-content\/uploads\/2023\/12\/aeropuerto-14-141x94.jpg 141w, https:\/\/www.rivera.gub.uy\/portal\/wp-content\/uploads\/2023\/12\/aeropuerto-14-282x188.jpg 282w, https:\/\/www.rivera.gub.uy\/portal\/wp-content\/uploads\/2023\/12\/aeropuerto-14-768x512.jpg 768w, https:\/\/www.rivera.gub.uy\/portal\/wp-content\/uploads\/2023\/12\/aeropuerto-14-938x626.jpg 938w, https:\/\/www.rivera.gub.uy\/portal\/wp-content\/uploads\/2023\/12\/aeropuerto-14-600x400.jpg 600w, https:\/\/www.rivera.gub.uy\/portal\/wp-content\/uploads\/2023\/12\/aeropuerto-14-820x547.jpg 820w, https:\/\/www.rivera.gub.uy\/portal\/wp-content\/uploads\/2023\/12\/aeropuerto-14-272x182.jpg 272w\" sizes=\"auto, (max-width: 141px) 100vw, 141px\" \/><\/a>\n\t\t\t<\/div><\/figure><figure class='gallery-item'>\n\t\t\t<div class='gallery-icon landscape'>\n\t\t\t\t<a href='https:\/\/www.rivera.gub.uy\/portal\/wp-content\/uploads\/2023\/12\/aeropuerto-15.jpg'><img loading=\"lazy\" decoding=\"async\" width=\"141\" height=\"94\" src=\"https:\/\/www.rivera.gub.uy\/portal\/wp-content\/uploads\/2023\/12\/aeropuerto-15-141x94.jpg\" class=\"attachment-thumbnail size-thumbnail\" alt=\"\" srcset=\"https:\/\/www.rivera.gub.uy\/portal\/wp-content\/uploads\/2023\/12\/aeropuerto-15-141x94.jpg 141w, https:\/\/www.rivera.gub.uy\/portal\/wp-content\/uploads\/2023\/12\/aeropuerto-15-282x188.jpg 282w, https:\/\/www.rivera.gub.uy\/portal\/wp-content\/uploads\/2023\/12\/aeropuerto-15-768x512.jpg 768w, https:\/\/www.rivera.gub.uy\/portal\/wp-content\/uploads\/2023\/12\/aeropuerto-15-938x626.jpg 938w, https:\/\/www.rivera.gub.uy\/portal\/wp-content\/uploads\/2023\/12\/aeropuerto-15-600x400.jpg 600w, https:\/\/www.rivera.gub.uy\/portal\/wp-content\/uploads\/2023\/12\/aeropuerto-15-820x547.jpg 820w, https:\/\/www.rivera.gub.uy\/portal\/wp-content\/uploads\/2023\/12\/aeropuerto-15-272x182.jpg 272w\" sizes=\"auto, (max-width: 141px) 100vw, 141px\" \/><\/a>\n\t\t\t<\/div><\/figure><figure class='gallery-item'>\n\t\t\t<div class='gallery-icon landscape'>\n\t\t\t\t<a href='https:\/\/www.rivera.gub.uy\/portal\/wp-content\/uploads\/2023\/12\/aeropuerto-16.jpg'><img loading=\"lazy\" decoding=\"async\" width=\"141\" height=\"94\" src=\"https:\/\/www.rivera.gub.uy\/portal\/wp-content\/uploads\/2023\/12\/aeropuerto-16-141x94.jpg\" class=\"attachment-thumbnail size-thumbnail\" alt=\"\" srcset=\"https:\/\/www.rivera.gub.uy\/portal\/wp-content\/uploads\/2023\/12\/aeropuerto-16-141x94.jpg 141w, https:\/\/www.rivera.gub.uy\/portal\/wp-content\/uploads\/2023\/12\/aeropuerto-16-282x188.jpg 282w, https:\/\/www.rivera.gub.uy\/portal\/wp-content\/uploads\/2023\/12\/aeropuerto-16-768x512.jpg 768w, https:\/\/www.rivera.gub.uy\/portal\/wp-content\/uploads\/2023\/12\/aeropuerto-16-938x626.jpg 938w, https:\/\/www.rivera.gub.uy\/portal\/wp-content\/uploads\/2023\/12\/aeropuerto-16-600x400.jpg 600w, https:\/\/www.rivera.gub.uy\/portal\/wp-content\/uploads\/2023\/12\/aeropuerto-16-820x547.jpg 820w, https:\/\/www.rivera.gub.uy\/portal\/wp-content\/uploads\/2023\/12\/aeropuerto-16-272x182.jpg 272w\" sizes=\"auto, (max-width: 141px) 100vw, 141px\" \/><\/a>\n\t\t\t<\/div><\/figure><figure class='gallery-item'>\n\t\t\t<div class='gallery-icon landscape'>\n\t\t\t\t<a href='https:\/\/www.rivera.gub.uy\/portal\/wp-content\/uploads\/2023\/12\/aeropuerto-17.jpg'><img loading=\"lazy\" decoding=\"async\" width=\"141\" height=\"94\" src=\"https:\/\/www.rivera.gub.uy\/portal\/wp-content\/uploads\/2023\/12\/aeropuerto-17-141x94.jpg\" class=\"attachment-thumbnail size-thumbnail\" alt=\"\" srcset=\"https:\/\/www.rivera.gub.uy\/portal\/wp-content\/uploads\/2023\/12\/aeropuerto-17-141x94.jpg 141w, https:\/\/www.rivera.gub.uy\/portal\/wp-content\/uploads\/2023\/12\/aeropuerto-17-282x188.jpg 282w, https:\/\/www.rivera.gub.uy\/portal\/wp-content\/uploads\/2023\/12\/aeropuerto-17-768x512.jpg 768w, https:\/\/www.rivera.gub.uy\/portal\/wp-content\/uploads\/2023\/12\/aeropuerto-17-938x626.jpg 938w, https:\/\/www.rivera.gub.uy\/portal\/wp-content\/uploads\/2023\/12\/aeropuerto-17-600x400.jpg 600w, https:\/\/www.rivera.gub.uy\/portal\/wp-content\/uploads\/2023\/12\/aeropuerto-17-820x547.jpg 820w, https:\/\/www.rivera.gub.uy\/portal\/wp-content\/uploads\/2023\/12\/aeropuerto-17-272x182.jpg 272w\" sizes=\"auto, (max-width: 141px) 100vw, 141px\" \/><\/a>\n\t\t\t<\/div><\/figure><figure class='gallery-item'>\n\t\t\t<div class='gallery-icon landscape'>\n\t\t\t\t<a href='https:\/\/www.rivera.gub.uy\/portal\/wp-content\/uploads\/2023\/12\/aeropuerto-19.jpg'><img loading=\"lazy\" decoding=\"async\" width=\"141\" height=\"94\" src=\"https:\/\/www.rivera.gub.uy\/portal\/wp-content\/uploads\/2023\/12\/aeropuerto-19-141x94.jpg\" class=\"attachment-thumbnail size-thumbnail\" alt=\"\" srcset=\"https:\/\/www.rivera.gub.uy\/portal\/wp-content\/uploads\/2023\/12\/aeropuerto-19-141x94.jpg 141w, https:\/\/www.rivera.gub.uy\/portal\/wp-content\/uploads\/2023\/12\/aeropuerto-19-282x188.jpg 282w, https:\/\/www.rivera.gub.uy\/portal\/wp-content\/uploads\/2023\/12\/aeropuerto-19-768x512.jpg 768w, https:\/\/www.rivera.gub.uy\/portal\/wp-content\/uploads\/2023\/12\/aeropuerto-19-938x626.jpg 938w, https:\/\/www.rivera.gub.uy\/portal\/wp-content\/uploads\/2023\/12\/aeropuerto-19-600x400.jpg 600w, https:\/\/www.rivera.gub.uy\/portal\/wp-content\/uploads\/2023\/12\/aeropuerto-19-820x547.jpg 820w, https:\/\/www.rivera.gub.uy\/portal\/wp-content\/uploads\/2023\/12\/aeropuerto-19-272x182.jpg 272w\" sizes=\"auto, (max-width: 141px) 100vw, 141px\" \/><\/a>\n\t\t\t<\/div><\/figure><figure class='gallery-item'>\n\t\t\t<div class='gallery-icon landscape'>\n\t\t\t\t<a href='https:\/\/www.rivera.gub.uy\/portal\/wp-content\/uploads\/2023\/12\/aeropuerto-20.jpg'><img loading=\"lazy\" decoding=\"async\" width=\"141\" height=\"94\" src=\"https:\/\/www.rivera.gub.uy\/portal\/wp-content\/uploads\/2023\/12\/aeropuerto-20-141x94.jpg\" class=\"attachment-thumbnail size-thumbnail\" alt=\"\" srcset=\"https:\/\/www.rivera.gub.uy\/portal\/wp-content\/uploads\/2023\/12\/aeropuerto-20-141x94.jpg 141w, https:\/\/www.rivera.gub.uy\/portal\/wp-content\/uploads\/2023\/12\/aeropuerto-20-282x188.jpg 282w, https:\/\/www.rivera.gub.uy\/portal\/wp-content\/uploads\/2023\/12\/aeropuerto-20-768x512.jpg 768w, https:\/\/www.rivera.gub.uy\/portal\/wp-content\/uploads\/2023\/12\/aeropuerto-20-938x626.jpg 938w, https:\/\/www.rivera.gub.uy\/portal\/wp-content\/uploads\/2023\/12\/aeropuerto-20-600x400.jpg 600w, https:\/\/www.rivera.gub.uy\/portal\/wp-content\/uploads\/2023\/12\/aeropuerto-20-820x547.jpg 820w, https:\/\/www.rivera.gub.uy\/portal\/wp-content\/uploads\/2023\/12\/aeropuerto-20-272x182.jpg 272w\" sizes=\"auto, (max-width: 141px) 100vw, 141px\" \/><\/a>\n\t\t\t<\/div><\/figure><figure class='gallery-item'>\n\t\t\t<div class='gallery-icon landscape'>\n\t\t\t\t<a href='https:\/\/www.rivera.gub.uy\/portal\/wp-content\/uploads\/2023\/12\/aeropuerto-22.jpg'><img loading=\"lazy\" decoding=\"async\" width=\"141\" height=\"94\" src=\"https:\/\/www.rivera.gub.uy\/portal\/wp-content\/uploads\/2023\/12\/aeropuerto-22-141x94.jpg\" class=\"attachment-thumbnail size-thumbnail\" alt=\"\" srcset=\"https:\/\/www.rivera.gub.uy\/portal\/wp-content\/uploads\/2023\/12\/aeropuerto-22-141x94.jpg 141w, https:\/\/www.rivera.gub.uy\/portal\/wp-content\/uploads\/2023\/12\/aeropuerto-22-282x188.jpg 282w, https:\/\/www.rivera.gub.uy\/portal\/wp-content\/uploads\/2023\/12\/aeropuerto-22-768x512.jpg 768w, https:\/\/www.rivera.gub.uy\/portal\/wp-content\/uploads\/2023\/12\/aeropuerto-22-938x626.jpg 938w, https:\/\/www.rivera.gub.uy\/portal\/wp-content\/uploads\/2023\/12\/aeropuerto-22-600x400.jpg 600w, https:\/\/www.rivera.gub.uy\/portal\/wp-content\/uploads\/2023\/12\/aeropuerto-22-820x547.jpg 820w, https:\/\/www.rivera.gub.uy\/portal\/wp-content\/uploads\/2023\/12\/aeropuerto-22-272x182.jpg 272w\" sizes=\"auto, (max-width: 141px) 100vw, 141px\" \/><\/a>\n\t\t\t<\/div><\/figure><figure class='gallery-item'>\n\t\t\t<div class='gallery-icon landscape'>\n\t\t\t\t<a href='https:\/\/www.rivera.gub.uy\/portal\/wp-content\/uploads\/2023\/12\/aeropuerto-23.jpg'><img loading=\"lazy\" decoding=\"async\" width=\"141\" height=\"94\" src=\"https:\/\/www.rivera.gub.uy\/portal\/wp-content\/uploads\/2023\/12\/aeropuerto-23-141x94.jpg\" class=\"attachment-thumbnail size-thumbnail\" alt=\"\" srcset=\"https:\/\/www.rivera.gub.uy\/portal\/wp-content\/uploads\/2023\/12\/aeropuerto-23-141x94.jpg 141w, https:\/\/www.rivera.gub.uy\/portal\/wp-content\/uploads\/2023\/12\/aeropuerto-23-282x188.jpg 282w, https:\/\/www.rivera.gub.uy\/portal\/wp-content\/uploads\/2023\/12\/aeropuerto-23-768x512.jpg 768w, https:\/\/www.rivera.gub.uy\/portal\/wp-content\/uploads\/2023\/12\/aeropuerto-23-938x626.jpg 938w, https:\/\/www.rivera.gub.uy\/portal\/wp-content\/uploads\/2023\/12\/aeropuerto-23-600x400.jpg 600w, https:\/\/www.rivera.gub.uy\/portal\/wp-content\/uploads\/2023\/12\/aeropuerto-23-820x547.jpg 820w, https:\/\/www.rivera.gub.uy\/portal\/wp-content\/uploads\/2023\/12\/aeropuerto-23-272x182.jpg 272w\" sizes=\"auto, (max-width: 141px) 100vw, 141px\" \/><\/a>\n\t\t\t<\/div><\/figure>\n\t\t<\/div>\n\n","protected":false},"excerpt":{"rendered":"<p>En horas de la tarde de \u00e9ste lunes 11 de diciembre autoridades nacionales y departamentales de Brasil y Uruguay se hicieron presentes en el aeropuerto Presidente General Oscar Diego Gestido de la ciudad de Rivera, donde se procedi\u00f3 a la ceremonia de inauguraci\u00f3n del primer aeropuerto binacional de Am\u00e9rica.<\/p>\n","protected":false},"author":7,"featured_media":47442,"comment_status":"open","ping_status":"open","sticky":false,"template":"","format":"standard","meta":{"footnotes":""},"categories":[1],"tags":[1328,103,105,33,104],"class_list":["post-47441","post","type-post","status-publish","format-standard","has-post-thumbnail","hentry","category-novedades","tag-aeropuerto","tag-binacional","tag-brasil","tag-rivera","tag-uruguay"],"_links":{"self":[{"href":"https:\/\/www.rivera.gub.uy\/portal\/wp-json\/wp\/v2\/posts\/47441","targetHints":{"allow":["GET"]}}],"collection":[{"href":"https:\/\/www.rivera.gub.uy\/portal\/wp-json\/wp\/v2\/posts"}],"about":[{"href":"https:\/\/www.rivera.gub.uy\/portal\/wp-json\/wp\/v2\/types\/post"}],"author":[{"embeddable":true,"href":"https:\/\/www.rivera.gub.uy\/portal\/wp-json\/wp\/v2\/users\/7"}],"replies":[{"embeddable":true,"href":"https:\/\/www.rivera.gub.uy\/portal\/wp-json\/wp\/v2\/comments?post=47441"}],"version-history":[{"count":1,"href":"https:\/\/www.rivera.gub.uy\/portal\/wp-json\/wp\/v2\/posts\/47441\/revisions"}],"predecessor-version":[{"id":47461,"href":"https:\/\/www.rivera.gub.uy\/portal\/wp-json\/wp\/v2\/posts\/47441\/revisions\/47461"}],"wp:featuredmedia":[{"embeddable":true,"href":"https:\/\/www.rivera.gub.uy\/portal\/wp-json\/wp\/v2\/media\/47442"}],"wp:attachment":[{"href":"https:\/\/www.rivera.gub.uy\/portal\/wp-json\/wp\/v2\/media?parent=47441"}],"wp:term":[{"taxonomy":"category","embeddable":true,"href":"https:\/\/www.rivera.gub.uy\/portal\/wp-json\/wp\/v2\/categories?post=47441"},{"taxonomy":"post_tag","embeddable":true,"href":"https:\/\/www.rivera.gub.uy\/portal\/wp-json\/wp\/v2\/tags?post=47441"}],"curies":[{"name":"wp","href":"https:\/\/api.w.org\/{rel}","templated":true}]}}