{"id":4765,"date":"2018-03-22T14:58:44","date_gmt":"2018-03-22T17:58:44","guid":{"rendered":"http:\/\/www.rivera.gub.uy\/portal\/?p=4765"},"modified":"2018-06-28T13:24:05","modified_gmt":"2018-06-28T16:24:05","slug":"actividades-en-el-dia-mundial-del-agua","status":"publish","type":"post","link":"https:\/\/www.rivera.gub.uy\/portal\/actividades-en-el-dia-mundial-del-agua\/","title":{"rendered":"Actividades en el D\u00eda Mundial del Agua"},"content":{"rendered":"<p>En el marco del D\u00eda Mundial del Agua, que se celebra este 22 de marzo, se est\u00e1 realizando una actividad desde la Direcci\u00f3n General de Desarrollo y Medio Ambiente, a trav\u00e9s del Departamento Ambiental de la Divisi\u00f3n Medio Ambiente.<!--more--><br \/>\nEn di\u00e1logo con el docente Sebasti\u00e1n Pintos, funcionario de esta divisi\u00f3n municipal, inform\u00f3 que la actividad consta de charlas en instituciones educativas sobre la importancia del agua, en este caso escuelas p\u00fablicas.<br \/>\nPintos indic\u00f3 que el agua es tan importantes que \u201cse le ha dedicado un d\u00eda para celebrarla\u201d, agregando que los cuidados a tener en cuenta para cuidarla son muchos, pero considera que uno de los m\u00e1s importante es \u201cno contaminarla\u201d.<\/p>\n<p>Adem\u00e1s existen cuidados cotidianos a tener en cuenta para cuidar el agua: usar poca agua para lavar veh\u00edculos, usar un vaso para lavarnos los dientes, al ducharnos no usar el agua mientras nos enjabonamos y muchas m\u00e1s.<br \/>\nIndic\u00f3 que aqu\u00ed tenemos el agua del Acu\u00edfero Guaran\u00ed, y debemos cuidar no arrojando nada en los arroyos, porque eso hace parte de la contaminaci\u00f3n de nuestra agua, que tanto debemos proteger y preservar.<\/p>\n<p>Agreg\u00f3: \u201cDicen que el agua es un recurso inagotable, pero s\u00ed es contaminable, por eso creemos importante marcar que hay que cuidarla, a trav\u00e9s de los ni\u00f1os consideramos que podemos llegar a la atenci\u00f3n de la familia y que deben escuchar a los ni\u00f1os porque expresan los que aprendieron. Aprovecho y le mando un mensaje a la poblaci\u00f3n de que aprendan a cuidar el agua porque si no la cuidamos puede ser peor\u201d, concluy\u00f3 enfatizando Sebasti\u00e1n Pintos.<\/p>\n<div id='gallery-1' class='gallery galleryid-4765 gallery-columns-3 gallery-size-thumbnail'><figure class='gallery-item'>\n\t\t\t<div class='gallery-icon landscape'>\n\t\t\t\t<a href='https:\/\/www.rivera.gub.uy\/portal\/wp-content\/uploads\/2018\/03\/1-12.jpg'><img loading=\"lazy\" decoding=\"async\" width=\"141\" height=\"94\" src=\"https:\/\/www.rivera.gub.uy\/portal\/wp-content\/uploads\/2018\/03\/1-12-141x94.jpg\" class=\"attachment-thumbnail size-thumbnail\" alt=\"\" srcset=\"https:\/\/www.rivera.gub.uy\/portal\/wp-content\/uploads\/2018\/03\/1-12-141x94.jpg 141w, https:\/\/www.rivera.gub.uy\/portal\/wp-content\/uploads\/2018\/03\/1-12-282x188.jpg 282w, https:\/\/www.rivera.gub.uy\/portal\/wp-content\/uploads\/2018\/03\/1-12-768x512.jpg 768w, https:\/\/www.rivera.gub.uy\/portal\/wp-content\/uploads\/2018\/03\/1-12-939x626.jpg 939w, https:\/\/www.rivera.gub.uy\/portal\/wp-content\/uploads\/2018\/03\/1-12-600x400.jpg 600w, https:\/\/www.rivera.gub.uy\/portal\/wp-content\/uploads\/2018\/03\/1-12-820x547.jpg 820w, https:\/\/www.rivera.gub.uy\/portal\/wp-content\/uploads\/2018\/03\/1-12-272x182.jpg 272w\" sizes=\"auto, (max-width: 141px) 100vw, 141px\" \/><\/a>\n\t\t\t<\/div><\/figure><figure class='gallery-item'>\n\t\t\t<div class='gallery-icon landscape'>\n\t\t\t\t<a href='https:\/\/www.rivera.gub.uy\/portal\/wp-content\/uploads\/2018\/03\/2-10.jpg'><img loading=\"lazy\" decoding=\"async\" width=\"141\" height=\"94\" src=\"https:\/\/www.rivera.gub.uy\/portal\/wp-content\/uploads\/2018\/03\/2-10-141x94.jpg\" class=\"attachment-thumbnail size-thumbnail\" alt=\"\" srcset=\"https:\/\/www.rivera.gub.uy\/portal\/wp-content\/uploads\/2018\/03\/2-10-141x94.jpg 141w, https:\/\/www.rivera.gub.uy\/portal\/wp-content\/uploads\/2018\/03\/2-10-282x188.jpg 282w, https:\/\/www.rivera.gub.uy\/portal\/wp-content\/uploads\/2018\/03\/2-10-768x512.jpg 768w, https:\/\/www.rivera.gub.uy\/portal\/wp-content\/uploads\/2018\/03\/2-10-939x626.jpg 939w, https:\/\/www.rivera.gub.uy\/portal\/wp-content\/uploads\/2018\/03\/2-10-600x400.jpg 600w, https:\/\/www.rivera.gub.uy\/portal\/wp-content\/uploads\/2018\/03\/2-10-820x547.jpg 820w, https:\/\/www.rivera.gub.uy\/portal\/wp-content\/uploads\/2018\/03\/2-10-272x182.jpg 272w\" sizes=\"auto, (max-width: 141px) 100vw, 141px\" \/><\/a>\n\t\t\t<\/div><\/figure><figure class='gallery-item'>\n\t\t\t<div class='gallery-icon landscape'>\n\t\t\t\t<a href='https:\/\/www.rivera.gub.uy\/portal\/wp-content\/uploads\/2018\/03\/3-9.jpg'><img loading=\"lazy\" decoding=\"async\" width=\"141\" height=\"94\" src=\"https:\/\/www.rivera.gub.uy\/portal\/wp-content\/uploads\/2018\/03\/3-9-141x94.jpg\" class=\"attachment-thumbnail size-thumbnail\" alt=\"\" srcset=\"https:\/\/www.rivera.gub.uy\/portal\/wp-content\/uploads\/2018\/03\/3-9-141x94.jpg 141w, https:\/\/www.rivera.gub.uy\/portal\/wp-content\/uploads\/2018\/03\/3-9-282x188.jpg 282w, https:\/\/www.rivera.gub.uy\/portal\/wp-content\/uploads\/2018\/03\/3-9-768x512.jpg 768w, https:\/\/www.rivera.gub.uy\/portal\/wp-content\/uploads\/2018\/03\/3-9-939x626.jpg 939w, https:\/\/www.rivera.gub.uy\/portal\/wp-content\/uploads\/2018\/03\/3-9-600x400.jpg 600w, https:\/\/www.rivera.gub.uy\/portal\/wp-content\/uploads\/2018\/03\/3-9-820x547.jpg 820w, https:\/\/www.rivera.gub.uy\/portal\/wp-content\/uploads\/2018\/03\/3-9-272x182.jpg 272w\" sizes=\"auto, (max-width: 141px) 100vw, 141px\" \/><\/a>\n\t\t\t<\/div><\/figure>\n\t\t<\/div>\n\n<p><iframe loading=\"lazy\" width=\"1160\" height=\"653\" src=\"https:\/\/www.youtube.com\/embed\/E-QCSw3DtVE?feature=oembed\" frameborder=\"0\" allow=\"autoplay; encrypted-media\" allowfullscreen><\/iframe><\/p>\n","protected":false},"excerpt":{"rendered":"<p>En el marco del D\u00eda Mundial del Agua, que se celebra este 22 de marzo, se est\u00e1 realizando una actividad desde la Direcci\u00f3n General de Desarrollo y Medio Ambiente, a trav\u00e9s del Departamento Ambiental de la Divisi\u00f3n Medio Ambiente.<\/p>\n","protected":false},"author":7,"featured_media":4767,"comment_status":"open","ping_status":"open","sticky":false,"template":"","format":"standard","meta":{"footnotes":""},"categories":[3,1],"tags":[719,380,453,114,36,79,33],"class_list":["post-4765","post","type-post","status-publish","format-standard","has-post-thumbnail","hentry","category-multimedia","category-novedades","tag-departamento-ambiental","tag-dgdma","tag-dia-del-agua","tag-idr","tag-intendencia","tag-medio-ambiente","tag-rivera"],"_links":{"self":[{"href":"https:\/\/www.rivera.gub.uy\/portal\/wp-json\/wp\/v2\/posts\/4765","targetHints":{"allow":["GET"]}}],"collection":[{"href":"https:\/\/www.rivera.gub.uy\/portal\/wp-json\/wp\/v2\/posts"}],"about":[{"href":"https:\/\/www.rivera.gub.uy\/portal\/wp-json\/wp\/v2\/types\/post"}],"author":[{"embeddable":true,"href":"https:\/\/www.rivera.gub.uy\/portal\/wp-json\/wp\/v2\/users\/7"}],"replies":[{"embeddable":true,"href":"https:\/\/www.rivera.gub.uy\/portal\/wp-json\/wp\/v2\/comments?post=4765"}],"version-history":[{"count":4,"href":"https:\/\/www.rivera.gub.uy\/portal\/wp-json\/wp\/v2\/posts\/4765\/revisions"}],"predecessor-version":[{"id":4774,"href":"https:\/\/www.rivera.gub.uy\/portal\/wp-json\/wp\/v2\/posts\/4765\/revisions\/4774"}],"wp:featuredmedia":[{"embeddable":true,"href":"https:\/\/www.rivera.gub.uy\/portal\/wp-json\/wp\/v2\/media\/4767"}],"wp:attachment":[{"href":"https:\/\/www.rivera.gub.uy\/portal\/wp-json\/wp\/v2\/media?parent=4765"}],"wp:term":[{"taxonomy":"category","embeddable":true,"href":"https:\/\/www.rivera.gub.uy\/portal\/wp-json\/wp\/v2\/categories?post=4765"},{"taxonomy":"post_tag","embeddable":true,"href":"https:\/\/www.rivera.gub.uy\/portal\/wp-json\/wp\/v2\/tags?post=4765"}],"curies":[{"name":"wp","href":"https:\/\/api.w.org\/{rel}","templated":true}]}}