{"id":47824,"date":"2023-12-28T13:19:18","date_gmt":"2023-12-28T16:19:18","guid":{"rendered":"https:\/\/www.rivera.gub.uy\/portal\/?p=47824"},"modified":"2023-12-28T13:19:18","modified_gmt":"2023-12-28T16:19:18","slug":"oficinas-de-transito-sin-atencion-al-publico","status":"publish","type":"post","link":"https:\/\/www.rivera.gub.uy\/portal\/oficinas-de-transito-sin-atencion-al-publico\/","title":{"rendered":"Oficinas de tr\u00e1nsito sin atenci\u00f3n al p\u00fablico"},"content":{"rendered":"<p>La Intendencia Departamental de Rivera comunica que sus oficinas de tr\u00e1nsito no atender\u00e1n al p\u00fablico los d\u00edas 2, 3 y 4 de enero, debido a la actualizaci\u00f3n y carga de datos de SUCIVE, que deriva en la baja de los sistemas inform\u00e1ticos.<!--more--><\/p>\n<p>Por este motivo, no se llevar\u00e1n a cabo tr\u00e1mites en forma presencial o en l\u00ednea, referentes a veh\u00edculos, licencia de conducir y pagos de tributos de tr\u00e1nsito.<\/p>\n<p>Las actividades se retomar\u00e1n normalmente el viernes 5 de enero, de 8:15 a 15 horas en nuestras oficinas y en l\u00ednea a trav\u00e9s de <a href=\"https:\/\/www.sucive.gub.uy\/?1#\">sucive.gub.uy<\/a>.<\/p>\n","protected":false},"excerpt":{"rendered":"<p>La Intendencia Departamental de Rivera comunica que sus oficinas de tr\u00e1nsito no atender\u00e1n al p\u00fablico los d\u00edas 2, 3 y 4 de enero, debido a la actualizaci\u00f3n y carga de datos de SUCIVE, que deriva en la baja de los sistemas inform\u00e1ticos.<\/p>\n","protected":false},"author":7,"featured_media":47826,"comment_status":"open","ping_status":"open","sticky":false,"template":"","format":"standard","meta":{"footnotes":""},"categories":[1],"tags":[],"class_list":["post-47824","post","type-post","status-publish","format-standard","has-post-thumbnail","hentry","category-novedades"],"_links":{"self":[{"href":"https:\/\/www.rivera.gub.uy\/portal\/wp-json\/wp\/v2\/posts\/47824","targetHints":{"allow":["GET"]}}],"collection":[{"href":"https:\/\/www.rivera.gub.uy\/portal\/wp-json\/wp\/v2\/posts"}],"about":[{"href":"https:\/\/www.rivera.gub.uy\/portal\/wp-json\/wp\/v2\/types\/post"}],"author":[{"embeddable":true,"href":"https:\/\/www.rivera.gub.uy\/portal\/wp-json\/wp\/v2\/users\/7"}],"replies":[{"embeddable":true,"href":"https:\/\/www.rivera.gub.uy\/portal\/wp-json\/wp\/v2\/comments?post=47824"}],"version-history":[{"count":2,"href":"https:\/\/www.rivera.gub.uy\/portal\/wp-json\/wp\/v2\/posts\/47824\/revisions"}],"predecessor-version":[{"id":47827,"href":"https:\/\/www.rivera.gub.uy\/portal\/wp-json\/wp\/v2\/posts\/47824\/revisions\/47827"}],"wp:featuredmedia":[{"embeddable":true,"href":"https:\/\/www.rivera.gub.uy\/portal\/wp-json\/wp\/v2\/media\/47826"}],"wp:attachment":[{"href":"https:\/\/www.rivera.gub.uy\/portal\/wp-json\/wp\/v2\/media?parent=47824"}],"wp:term":[{"taxonomy":"category","embeddable":true,"href":"https:\/\/www.rivera.gub.uy\/portal\/wp-json\/wp\/v2\/categories?post=47824"},{"taxonomy":"post_tag","embeddable":true,"href":"https:\/\/www.rivera.gub.uy\/portal\/wp-json\/wp\/v2\/tags?post=47824"}],"curies":[{"name":"wp","href":"https:\/\/api.w.org\/{rel}","templated":true}]}}