{"id":4787,"date":"2018-03-23T14:34:11","date_gmt":"2018-03-23T17:34:11","guid":{"rendered":"http:\/\/www.rivera.gub.uy\/portal\/?p=4787"},"modified":"2018-05-30T12:33:46","modified_gmt":"2018-05-30T15:33:46","slug":"mesa-de-estrategia-nacional-de-politicas-publicas-para-la-poblacion-afrouruguaya-y-afrodescendientes-2030-se-realizo-en-rivera","status":"publish","type":"post","link":"https:\/\/www.rivera.gub.uy\/portal\/mesa-de-estrategia-nacional-de-politicas-publicas-para-la-poblacion-afrouruguaya-y-afrodescendientes-2030-se-realizo-en-rivera\/","title":{"rendered":"Mesa de Estrategia Nacional de Pol\u00edticas P\u00fablicas para la Poblaci\u00f3n Afrouruguaya y Afrodescendientes 2030, se realiz\u00f3 en Rivera"},"content":{"rendered":"<p>Los d\u00edas 16 y 17 de marzo, se realiz\u00f3 en el sal\u00f3n IBICUY, del Hotel Rivera Casino&amp; Resort, una mesa de trabajo para analizar y planificar estrategias de pol\u00edticas p\u00fablicas para la poblaci\u00f3n afrodescendiente y afrouruguaya.<!--more--><\/p>\n<p>Participaron en la mesa, representantes de algunas intendencias del pa\u00eds, integrantes de la Oficina de Planeamiento y Presupuesto (OPP), representantes del Banco Interamericano de Desarrollo (BID) en pro de trabajar en las consultas sobre las pol\u00edticas p\u00fablicas de inclusi\u00f3n racial y \u00e9tnica, con los representantes de las comunidades.<\/p>\n<p>En di\u00e1logo con Yudith Morrinson, representante del BID, rectific\u00f3 la oportunidad de reunirse y entender el proceso de construcci\u00f3n de las pol\u00edticas que van hasta el a\u00f1o 2030, \u201cque es bastante tiempo\u201d<\/p>\n<p>Morrinson manifest\u00f3: \u201cComo representante del BID, estamos presentes dando cooperaci\u00f3n t\u00e9cnica y acompa\u00f1ando los procesos para que los resultados sean los mejores. Es una oportunidad \u00fanica estar aqu\u00ed en la frontera, teniendo en cuenta la poblaci\u00f3n afro que hay en esta regi\u00f3n, luego de las experiencias que tuvimos en Brasil\u201d.<\/p>\n<p>Por su parte el representante de la OPP, Orlando Rivero, indic\u00f3 que la Oficina viene trabajando desde el 2015 en la construcci\u00f3n de una estrategia pa\u00eds, vinculada a la poblaci\u00f3n vulnerable- afrodescendientes.<\/p>\n<p>\u201c..Se tuvo una primer etapa de consulta con asociaciones civiles y la segunda etapa, con las intendencias. Considero que debemos trabajar por las brechas que aun existen en lo laboral, en lo educativo, la mejora de las pol\u00edticas p\u00fablicas, salud, vivienda, realidades bi fronterizas. Rivera tiene una poblaci\u00f3n muy importante lo que hace que estemos trabajando muy bien con esta intendencia\u201d, manifest\u00f3 Rivero.<\/p>\n<p>En otro orden, el Director de Desarrollo y Medio Ambiente de la IDR, QF Alejandro Bert\u00f3n, agreg\u00f3 que a instancias de lo que fue el proceso Di\u00e1logos por el Empleo, se cont\u00f3 con la presencia de afrodescendientes organizados que hicieron una serie de planteos muy interesantes y se detect\u00f3 la importancia de trabajar la dimensi\u00f3n \u201cempleo\u201d con una visi\u00f3n especial de inclusi\u00f3n del tema afrodescendientes.<\/p>\n<p>\u201cSimult\u00e1neamente ven\u00edamos haciendo un trabajo con ART\/PNUD, con la colaboraci\u00f3n del gobierno de Suiza donde empezamos a desarrollar un proceso juntamente a Recursos Humanos de la IDR. Esto llevo a un acercamiento fuerte con la OPP y en este avance se creo la Oficina de Inclusi\u00f3n, que dirige Ximena Pique, motivo por la cual nos encontramos trabajando con otras intendencias y sabemos que tenemos que mover mucho la aguja en ese sentido, porque somos una de las intendencias mas pobres y ocupamos un porcentaje alto en la poblaci\u00f3n afro\u201d, manifest\u00f3 Bert\u00f3n.<\/p>\n<div id='gallery-1' class='gallery galleryid-4787 gallery-columns-3 gallery-size-thumbnail'><figure class='gallery-item'>\n\t\t\t<div class='gallery-icon landscape'>\n\t\t\t\t<a href='https:\/\/www.rivera.gub.uy\/portal\/wp-content\/uploads\/2018\/03\/1-14.jpg'><img loading=\"lazy\" decoding=\"async\" width=\"144\" height=\"94\" src=\"https:\/\/www.rivera.gub.uy\/portal\/wp-content\/uploads\/2018\/03\/1-14-144x94.jpg\" class=\"attachment-thumbnail size-thumbnail\" alt=\"\" srcset=\"https:\/\/www.rivera.gub.uy\/portal\/wp-content\/uploads\/2018\/03\/1-14-144x94.jpg 144w, https:\/\/www.rivera.gub.uy\/portal\/wp-content\/uploads\/2018\/03\/1-14-288x188.jpg 288w, https:\/\/www.rivera.gub.uy\/portal\/wp-content\/uploads\/2018\/03\/1-14-768x501.jpg 768w, https:\/\/www.rivera.gub.uy\/portal\/wp-content\/uploads\/2018\/03\/1-14-960x626.jpg 960w, https:\/\/www.rivera.gub.uy\/portal\/wp-content\/uploads\/2018\/03\/1-14-820x535.jpg 820w\" sizes=\"auto, (max-width: 144px) 100vw, 144px\" \/><\/a>\n\t\t\t<\/div><\/figure><figure class='gallery-item'>\n\t\t\t<div class='gallery-icon landscape'>\n\t\t\t\t<a href='https:\/\/www.rivera.gub.uy\/portal\/wp-content\/uploads\/2018\/03\/2-11.jpg'><img loading=\"lazy\" decoding=\"async\" width=\"132\" height=\"94\" src=\"https:\/\/www.rivera.gub.uy\/portal\/wp-content\/uploads\/2018\/03\/2-11-132x94.jpg\" class=\"attachment-thumbnail size-thumbnail\" alt=\"\" srcset=\"https:\/\/www.rivera.gub.uy\/portal\/wp-content\/uploads\/2018\/03\/2-11-132x94.jpg 132w, https:\/\/www.rivera.gub.uy\/portal\/wp-content\/uploads\/2018\/03\/2-11-263x188.jpg 263w, https:\/\/www.rivera.gub.uy\/portal\/wp-content\/uploads\/2018\/03\/2-11-768x549.jpg 768w, https:\/\/www.rivera.gub.uy\/portal\/wp-content\/uploads\/2018\/03\/2-11-876x626.jpg 876w, https:\/\/www.rivera.gub.uy\/portal\/wp-content\/uploads\/2018\/03\/2-11-820x586.jpg 820w\" sizes=\"auto, (max-width: 132px) 100vw, 132px\" \/><\/a>\n\t\t\t<\/div><\/figure><figure class='gallery-item'>\n\t\t\t<div class='gallery-icon landscape'>\n\t\t\t\t<a href='https:\/\/www.rivera.gub.uy\/portal\/wp-content\/uploads\/2018\/03\/3-10.jpg'><img loading=\"lazy\" decoding=\"async\" width=\"132\" height=\"94\" src=\"https:\/\/www.rivera.gub.uy\/portal\/wp-content\/uploads\/2018\/03\/3-10-132x94.jpg\" class=\"attachment-thumbnail size-thumbnail\" alt=\"\" srcset=\"https:\/\/www.rivera.gub.uy\/portal\/wp-content\/uploads\/2018\/03\/3-10-132x94.jpg 132w, https:\/\/www.rivera.gub.uy\/portal\/wp-content\/uploads\/2018\/03\/3-10-263x188.jpg 263w, https:\/\/www.rivera.gub.uy\/portal\/wp-content\/uploads\/2018\/03\/3-10-768x549.jpg 768w, https:\/\/www.rivera.gub.uy\/portal\/wp-content\/uploads\/2018\/03\/3-10-876x626.jpg 876w, https:\/\/www.rivera.gub.uy\/portal\/wp-content\/uploads\/2018\/03\/3-10-820x586.jpg 820w\" sizes=\"auto, (max-width: 132px) 100vw, 132px\" \/><\/a>\n\t\t\t<\/div><\/figure>\n\t\t<\/div>\n\n<p><iframe loading=\"lazy\" width=\"1160\" height=\"653\" src=\"https:\/\/www.youtube.com\/embed\/yzToPUlRcFw?feature=oembed\" frameborder=\"0\" allow=\"autoplay; encrypted-media\" allowfullscreen><\/iframe><\/p>\n<p>&nbsp;<\/p>\n<p>&nbsp;<\/p>\n<p>&nbsp;<\/p>\n","protected":false},"excerpt":{"rendered":"<p>Los d\u00edas 16 y 17 de marzo, se realiz\u00f3 en el sal\u00f3n IBICUY, del Hotel Rivera Casino&amp; Resort, una mesa de trabajo para analizar y planificar estrategias de pol\u00edticas p\u00fablicas para la poblaci\u00f3n afrodescendiente y afrouruguaya.<\/p>\n","protected":false},"author":7,"featured_media":4789,"comment_status":"open","ping_status":"open","sticky":false,"template":"","format":"standard","meta":{"footnotes":""},"categories":[3,1],"tags":[454,455,175,380,639,114,36,282,641,33,640],"class_list":["post-4787","post","type-post","status-publish","format-standard","has-post-thumbnail","hentry","category-multimedia","category-novedades","tag-afrodescendiente","tag-afrouruguaya","tag-comunidad","tag-dgdma","tag-estrategia","tag-idr","tag-intendencia","tag-nacional","tag-politicas-publicas","tag-rivera","tag-rivera-casino-resort"],"_links":{"self":[{"href":"https:\/\/www.rivera.gub.uy\/portal\/wp-json\/wp\/v2\/posts\/4787","targetHints":{"allow":["GET"]}}],"collection":[{"href":"https:\/\/www.rivera.gub.uy\/portal\/wp-json\/wp\/v2\/posts"}],"about":[{"href":"https:\/\/www.rivera.gub.uy\/portal\/wp-json\/wp\/v2\/types\/post"}],"author":[{"embeddable":true,"href":"https:\/\/www.rivera.gub.uy\/portal\/wp-json\/wp\/v2\/users\/7"}],"replies":[{"embeddable":true,"href":"https:\/\/www.rivera.gub.uy\/portal\/wp-json\/wp\/v2\/comments?post=4787"}],"version-history":[{"count":3,"href":"https:\/\/www.rivera.gub.uy\/portal\/wp-json\/wp\/v2\/posts\/4787\/revisions"}],"predecessor-version":[{"id":4800,"href":"https:\/\/www.rivera.gub.uy\/portal\/wp-json\/wp\/v2\/posts\/4787\/revisions\/4800"}],"wp:featuredmedia":[{"embeddable":true,"href":"https:\/\/www.rivera.gub.uy\/portal\/wp-json\/wp\/v2\/media\/4789"}],"wp:attachment":[{"href":"https:\/\/www.rivera.gub.uy\/portal\/wp-json\/wp\/v2\/media?parent=4787"}],"wp:term":[{"taxonomy":"category","embeddable":true,"href":"https:\/\/www.rivera.gub.uy\/portal\/wp-json\/wp\/v2\/categories?post=4787"},{"taxonomy":"post_tag","embeddable":true,"href":"https:\/\/www.rivera.gub.uy\/portal\/wp-json\/wp\/v2\/tags?post=4787"}],"curies":[{"name":"wp","href":"https:\/\/api.w.org\/{rel}","templated":true}]}}