{"id":48629,"date":"2024-02-06T17:46:31","date_gmt":"2024-02-06T20:46:31","guid":{"rendered":"https:\/\/www.rivera.gub.uy\/portal\/?p=48629"},"modified":"2024-02-06T17:46:31","modified_gmt":"2024-02-06T20:46:31","slug":"gabinetes-higienicos-con-horarios-medida-resulta-de-un-extremo-para-evitar-danos","status":"publish","type":"post","link":"https:\/\/www.rivera.gub.uy\/portal\/gabinetes-higienicos-con-horarios-medida-resulta-de-un-extremo-para-evitar-danos\/","title":{"rendered":"Gabinetes higi\u00e9nicos con horarios: Medida resulta de un extremo para evitar da\u00f1os"},"content":{"rendered":"<p>Una situaci\u00f3n reportada en Plaza \u201c18 de Julio\u201d viene generando discrepancias con usuarios, al haberse establecido horarios para que los ba\u00f1os est\u00e9n habilitados, medida extrema implementada entre la comuna y los propietarios de los puestos gastron\u00f3micos del espacio p\u00fablico, para conservar en las m\u00ednimas condiciones posibles las estructuras, tanto de higiene, como de evitar los da\u00f1os por vandalismo que eran constantes.<!--more--><\/p>\n<p>\u201cSe ha tomado la determinaci\u00f3n de preservar el estado de los gabinetes higi\u00e9nicos, limitando el acceso durante las horas en las que no hay condiciones de ofrecer el cuidado necesario\u201d, detall\u00f3 el Sr. Atanacildo Souza, nexo entre la Intendencia y la Comisi\u00f3n en formaci\u00f3n que re\u00fane a los comerciantes, \u201cFuncionarios de la Intendencia est\u00e1n presentes de lunes a s\u00e1bado 7:00 a 14:00, a partir de las 18:00 lo abren los Trailler y lo est\u00e1n gestionando, soluci\u00f3n encontrada para mantenerlos en condiciones y sin las consecuencias del vandalismo\u201d.<\/p>\n","protected":false},"excerpt":{"rendered":"<p>Una situaci\u00f3n reportada en Plaza \u201c18 de Julio\u201d viene generando discrepancias con usuarios, al haberse establecido horarios para que los ba\u00f1os est\u00e9n habilitados, medida extrema implementada entre la comuna y los propietarios de los puestos gastron\u00f3micos del espacio p\u00fablico, para conservar en las m\u00ednimas condiciones posibles las estructuras, tanto de higiene, como de evitar los [&hellip;]<\/p>\n","protected":false},"author":7,"featured_media":48630,"comment_status":"open","ping_status":"open","sticky":false,"template":"","format":"standard","meta":{"footnotes":""},"categories":[1],"tags":[],"class_list":["post-48629","post","type-post","status-publish","format-standard","has-post-thumbnail","hentry","category-novedades"],"_links":{"self":[{"href":"https:\/\/www.rivera.gub.uy\/portal\/wp-json\/wp\/v2\/posts\/48629","targetHints":{"allow":["GET"]}}],"collection":[{"href":"https:\/\/www.rivera.gub.uy\/portal\/wp-json\/wp\/v2\/posts"}],"about":[{"href":"https:\/\/www.rivera.gub.uy\/portal\/wp-json\/wp\/v2\/types\/post"}],"author":[{"embeddable":true,"href":"https:\/\/www.rivera.gub.uy\/portal\/wp-json\/wp\/v2\/users\/7"}],"replies":[{"embeddable":true,"href":"https:\/\/www.rivera.gub.uy\/portal\/wp-json\/wp\/v2\/comments?post=48629"}],"version-history":[{"count":1,"href":"https:\/\/www.rivera.gub.uy\/portal\/wp-json\/wp\/v2\/posts\/48629\/revisions"}],"predecessor-version":[{"id":48631,"href":"https:\/\/www.rivera.gub.uy\/portal\/wp-json\/wp\/v2\/posts\/48629\/revisions\/48631"}],"wp:featuredmedia":[{"embeddable":true,"href":"https:\/\/www.rivera.gub.uy\/portal\/wp-json\/wp\/v2\/media\/48630"}],"wp:attachment":[{"href":"https:\/\/www.rivera.gub.uy\/portal\/wp-json\/wp\/v2\/media?parent=48629"}],"wp:term":[{"taxonomy":"category","embeddable":true,"href":"https:\/\/www.rivera.gub.uy\/portal\/wp-json\/wp\/v2\/categories?post=48629"},{"taxonomy":"post_tag","embeddable":true,"href":"https:\/\/www.rivera.gub.uy\/portal\/wp-json\/wp\/v2\/tags?post=48629"}],"curies":[{"name":"wp","href":"https:\/\/api.w.org\/{rel}","templated":true}]}}