{"id":48998,"date":"2024-02-20T12:57:42","date_gmt":"2024-02-20T15:57:42","guid":{"rendered":"https:\/\/www.rivera.gub.uy\/portal\/?p=48998"},"modified":"2024-02-20T12:57:42","modified_gmt":"2024-02-20T15:57:42","slug":"94-alumnos-riverenses-estudian-en-montevideo-de-la-mano-de-la-idr","status":"publish","type":"post","link":"https:\/\/www.rivera.gub.uy\/portal\/94-alumnos-riverenses-estudian-en-montevideo-de-la-mano-de-la-idr\/","title":{"rendered":"94 alumnos riverenses estudian en Montevideo de la mano de la IDR"},"content":{"rendered":"<p>Este a\u00f1o se ha superado enormemente el inter\u00e9s de los j\u00f3venes riverenses en seguir sus estudios en Montevideo.<\/p>\n<p>Eso lleva a unir esfuerzos para encontrar soluciones a corto plazo; el director general de Promoci\u00f3n y Acci\u00f3n Social de la IDR, Cr. Giovani Conti inform\u00f3 que el departamento de Rivera cuenta con 6 Hogares Estudiantiles en Rivera y 1 en Montevideo, totalizando 7 hogares y se suman convenios con otros Hogares Estudiantiles para cumplir a\u00f1o a a\u00f1o con la demanda de estudiantes que siguen sus estudios en la capital del pa\u00eds.<!--more--><\/p>\n<p>El Hogar Estudiantil de Montevideo tiene capacidad para albergar a 54 alumnos. Desde hace tres a\u00f1os la demanda de estudiantes aumenta (primer a\u00f1o se sumaron 10 lugares, segundo a\u00f1o 25 lugares y este a\u00f1o super\u00f3 la cifra con 40 alumnos m\u00e1s); desde el Gobierno Departamental buscaron soluciones (sabiendo la importancia que tiene para las familias riverenses que m\u00e1s lo necesitan) y firmaron convenio con la Federaci\u00f3n de C\u00edrculos, Centros y Clubes Policiales del Interior del Pa\u00eds (FEDECIR) contratando este a\u00f1o 40 lugares m\u00e1s.<\/p>\n<p>El lunes 19 de febrero se realiz\u00f3 una reuni\u00f3n con los alumnos y familiares de los 40 inscriptos para transmitir las normas de convivencia y contarles como fueron seleccionados para poder empatizar con el esfuerzo desde la Intendencia, unida al compromiso de cada alumno para aprovechar la oportunidad de lograr sus objetivos.<\/p>\n<p>&nbsp;<\/p>\n\r\n\t<div class=\"msacwl-slider-wrap msacwl-row-clearfix \" data-conf=\"{&quot;autoplay&quot;:&quot;true&quot;,&quot;autoplay_speed&quot;:3000,&quot;speed&quot;:300,&quot;arrows&quot;:&quot;true&quot;,&quot;dots&quot;:&quot;true&quot;,&quot;lazyload&quot;:&quot;&quot;}\">\r\n\t\t<div id=\"msacwl-slider-1\" class=\"msacwl-slider msacwl-common-slider msacwl-slider-popup\">\r\n\t\t\t\t\t\t<div class=\"msacwl-slide\" data-item-index=\"1\" >\r\n\t\t\t\t<a class=\"msacwl-img-link\" href=\"javascript:void(0);\" data-mfp-src=\"https:\/\/www.rivera.gub.uy\/portal\/wp-content\/uploads\/2024\/02\/carnaval-hogar-estudiantil.jpg\">\r\n\t\t\t\t\t<img decoding=\"async\" class=\"msacwl-img\" src=\"https:\/\/www.rivera.gub.uy\/portal\/wp-content\/uploads\/2024\/02\/carnaval-hogar-estudiantil.jpg\"  data-title=\"\" alt=\"\" \/>\r\n\t\t\t\t<\/a>\r\n\t\t\t\t\t\t\t\t\t<div class=\"msacwl-gallery-caption\">\r\n\t\t\t\t\t\t\t\t\t\t\t\t\t<span class=\"image_title\"><\/span>\r\n\t\t\t\t\t\t\t\t\t\t\t\t\t<span><\/span>\r\n\t\t\t\t\t\t \t\t\t\t\t<\/div>\r\n\t\t\t\t\t\t\t<\/div>\r\n\t\t\t\t\t\t<div class=\"msacwl-slide\" data-item-index=\"2\" >\r\n\t\t\t\t<a class=\"msacwl-img-link\" href=\"javascript:void(0);\" data-mfp-src=\"https:\/\/www.rivera.gub.uy\/portal\/wp-content\/uploads\/2024\/02\/carnaval-hogar-estudiantil-2.jpg\">\r\n\t\t\t\t\t<img decoding=\"async\" class=\"msacwl-img\" src=\"https:\/\/www.rivera.gub.uy\/portal\/wp-content\/uploads\/2024\/02\/carnaval-hogar-estudiantil-2.jpg\"  data-title=\"\" alt=\"\" \/>\r\n\t\t\t\t<\/a>\r\n\t\t\t\t\t\t\t\t\t<div class=\"msacwl-gallery-caption\">\r\n\t\t\t\t\t\t\t\t\t\t\t\t\t<span class=\"image_title\"><\/span>\r\n\t\t\t\t\t\t\t\t\t\t\t\t\t<span><\/span>\r\n\t\t\t\t\t\t \t\t\t\t\t<\/div>\r\n\t\t\t\t\t\t\t<\/div>\r\n\t\t\t\t\t\t<div class=\"msacwl-slide\" data-item-index=\"3\" >\r\n\t\t\t\t<a class=\"msacwl-img-link\" href=\"javascript:void(0);\" data-mfp-src=\"https:\/\/www.rivera.gub.uy\/portal\/wp-content\/uploads\/2024\/02\/carnaval-hogar-estudiantil-3.jpg\">\r\n\t\t\t\t\t<img decoding=\"async\" class=\"msacwl-img\" src=\"https:\/\/www.rivera.gub.uy\/portal\/wp-content\/uploads\/2024\/02\/carnaval-hogar-estudiantil-3.jpg\"  data-title=\"\" alt=\"\" \/>\r\n\t\t\t\t<\/a>\r\n\t\t\t\t\t\t\t\t\t<div class=\"msacwl-gallery-caption\">\r\n\t\t\t\t\t\t\t\t\t\t\t\t\t<span class=\"image_title\"><\/span>\r\n\t\t\t\t\t\t\t\t\t\t\t\t\t<span><\/span>\r\n\t\t\t\t\t\t \t\t\t\t\t<\/div>\r\n\t\t\t\t\t\t\t<\/div>\r\n\t\t\t\t\t\t<div class=\"msacwl-slide\" data-item-index=\"4\" >\r\n\t\t\t\t<a class=\"msacwl-img-link\" href=\"javascript:void(0);\" data-mfp-src=\"https:\/\/www.rivera.gub.uy\/portal\/wp-content\/uploads\/2024\/02\/carnaval-hogar-estudiantil-4.jpg\">\r\n\t\t\t\t\t<img decoding=\"async\" class=\"msacwl-img\" src=\"https:\/\/www.rivera.gub.uy\/portal\/wp-content\/uploads\/2024\/02\/carnaval-hogar-estudiantil-4.jpg\"  data-title=\"\" alt=\"\" \/>\r\n\t\t\t\t<\/a>\r\n\t\t\t\t\t\t\t\t\t<div class=\"msacwl-gallery-caption\">\r\n\t\t\t\t\t\t\t\t\t\t\t\t\t<span class=\"image_title\"><\/span>\r\n\t\t\t\t\t\t\t\t\t\t\t\t\t<span><\/span>\r\n\t\t\t\t\t\t \t\t\t\t\t<\/div>\r\n\t\t\t\t\t\t\t<\/div>\r\n\t\t\t\t\t\t<div class=\"msacwl-slide\" data-item-index=\"5\" >\r\n\t\t\t\t<a class=\"msacwl-img-link\" href=\"javascript:void(0);\" data-mfp-src=\"https:\/\/www.rivera.gub.uy\/portal\/wp-content\/uploads\/2024\/02\/carnaval-hogar-estudiantil-5.jpg\">\r\n\t\t\t\t\t<img decoding=\"async\" class=\"msacwl-img\" src=\"https:\/\/www.rivera.gub.uy\/portal\/wp-content\/uploads\/2024\/02\/carnaval-hogar-estudiantil-5.jpg\"  data-title=\"\" alt=\"\" \/>\r\n\t\t\t\t<\/a>\r\n\t\t\t\t\t\t\t\t\t<div class=\"msacwl-gallery-caption\">\r\n\t\t\t\t\t\t\t\t\t\t\t\t\t<span class=\"image_title\"><\/span>\r\n\t\t\t\t\t\t\t\t\t\t\t\t\t<span><\/span>\r\n\t\t\t\t\t\t \t\t\t\t\t<\/div>\r\n\t\t\t\t\t\t\t<\/div>\r\n\t\t\t\t\t\t<div class=\"msacwl-slide\" data-item-index=\"6\" >\r\n\t\t\t\t<a class=\"msacwl-img-link\" href=\"javascript:void(0);\" data-mfp-src=\"https:\/\/www.rivera.gub.uy\/portal\/wp-content\/uploads\/2024\/02\/carnaval-hogar-estudiantil-6.jpg\">\r\n\t\t\t\t\t<img decoding=\"async\" class=\"msacwl-img\" src=\"https:\/\/www.rivera.gub.uy\/portal\/wp-content\/uploads\/2024\/02\/carnaval-hogar-estudiantil-6.jpg\"  data-title=\"\" alt=\"hogares estudiantiles\" \/>\r\n\t\t\t\t<\/a>\r\n\t\t\t\t\t\t\t\t\t<div class=\"msacwl-gallery-caption\">\r\n\t\t\t\t\t\t\t\t\t\t\t\t\t<span class=\"image_title\"><\/span>\r\n\t\t\t\t\t\t\t\t\t\t\t\t\t<span><\/span>\r\n\t\t\t\t\t\t \t\t\t\t\t<\/div>\r\n\t\t\t\t\t\t\t<\/div>\r\n\t\t\t\t\t<\/div>\r\n\t<\/div>\r\n\r\n\t\n","protected":false},"excerpt":{"rendered":"<p>Este a\u00f1o se ha superado enormemente el inter\u00e9s de los j\u00f3venes riverenses en seguir sus estudios en Montevideo. Eso lleva a unir esfuerzos para encontrar soluciones a corto plazo; el director general de Promoci\u00f3n y Acci\u00f3n Social de la IDR, Cr. Giovani Conti inform\u00f3 que el departamento de Rivera cuenta con 6 Hogares Estudiantiles en [&hellip;]<\/p>\n","protected":false},"author":7,"featured_media":49004,"comment_status":"open","ping_status":"open","sticky":false,"template":"","format":"standard","meta":{"footnotes":""},"categories":[1],"tags":[433],"class_list":["post-48998","post","type-post","status-publish","format-standard","has-post-thumbnail","hentry","category-novedades","tag-hogar-estudiantil"],"_links":{"self":[{"href":"https:\/\/www.rivera.gub.uy\/portal\/wp-json\/wp\/v2\/posts\/48998","targetHints":{"allow":["GET"]}}],"collection":[{"href":"https:\/\/www.rivera.gub.uy\/portal\/wp-json\/wp\/v2\/posts"}],"about":[{"href":"https:\/\/www.rivera.gub.uy\/portal\/wp-json\/wp\/v2\/types\/post"}],"author":[{"embeddable":true,"href":"https:\/\/www.rivera.gub.uy\/portal\/wp-json\/wp\/v2\/users\/7"}],"replies":[{"embeddable":true,"href":"https:\/\/www.rivera.gub.uy\/portal\/wp-json\/wp\/v2\/comments?post=48998"}],"version-history":[{"count":1,"href":"https:\/\/www.rivera.gub.uy\/portal\/wp-json\/wp\/v2\/posts\/48998\/revisions"}],"predecessor-version":[{"id":49005,"href":"https:\/\/www.rivera.gub.uy\/portal\/wp-json\/wp\/v2\/posts\/48998\/revisions\/49005"}],"wp:featuredmedia":[{"embeddable":true,"href":"https:\/\/www.rivera.gub.uy\/portal\/wp-json\/wp\/v2\/media\/49004"}],"wp:attachment":[{"href":"https:\/\/www.rivera.gub.uy\/portal\/wp-json\/wp\/v2\/media?parent=48998"}],"wp:term":[{"taxonomy":"category","embeddable":true,"href":"https:\/\/www.rivera.gub.uy\/portal\/wp-json\/wp\/v2\/categories?post=48998"},{"taxonomy":"post_tag","embeddable":true,"href":"https:\/\/www.rivera.gub.uy\/portal\/wp-json\/wp\/v2\/tags?post=48998"}],"curies":[{"name":"wp","href":"https:\/\/api.w.org\/{rel}","templated":true}]}}