{"id":4919,"date":"2018-04-05T09:07:50","date_gmt":"2018-04-05T12:07:50","guid":{"rendered":"http:\/\/www.rivera.gub.uy\/portal\/?p=4919"},"modified":"2018-05-30T11:46:39","modified_gmt":"2018-05-30T14:46:39","slug":"direccion-general-de-transito-lo-que-hacemos-es-brindar-mas-seguridad-y-calidad-de-vida-para-los-riverenses","status":"publish","type":"post","link":"https:\/\/www.rivera.gub.uy\/portal\/direccion-general-de-transito-lo-que-hacemos-es-brindar-mas-seguridad-y-calidad-de-vida-para-los-riverenses\/","title":{"rendered":"Direcci\u00f3n General de Tr\u00e1nsito: \u201cLo que hacemos es brindar m\u00e1s seguridad y calidad de vida para los riverenses\u201d"},"content":{"rendered":"<p>El director General de Tr\u00e1nsito y Transporte de la Intendencia Departamental de Rivera, Mauricio Gonz\u00e1lez, inform\u00f3 al respecto de los trabajos de se\u00f1alizaci\u00f3n que vienen realizando desde su Direcci\u00f3n en la zona oeste de nuestra ciudad.<br \/>\nExplic\u00f3 que si bien ya est\u00e1 librado al uso p\u00fablico se ha trabajado mucho en la demarcaci\u00f3n de la continuaci\u00f3n de la ciclov\u00eda que terminaba en el Lagun\u00f3n y se conect\u00f3 desde Pte. Gir\u00f3, hasta la Chasques de los Santos y desde ah\u00ed hasta Bernab\u00e9 Rivera, sumado al trabajo de veredas para la mejor circulaci\u00f3n de peatones.<!--more--><br \/>\nEsta obra conjunta con la Direcci\u00f3n General de Obras, brindar\u00e1 seguridad y garant\u00edas para todas las personas que circulen tanto en veh\u00edculos y a los peatones, afirm\u00f3 el director de Tr\u00e1nsito.<\/p>\n<p>\u201cSeguiremos instalando un circuito de civclovia por otras zonas de la ciudad como Avenida Italia y calle Escobar, para brindar seguridad a los ciclistas y conductores de manera que el tr\u00e1nsito se vaya ordenando de manera amigable e inteligente\u201d, a\u00f1adi\u00f3.<br \/>\nGonz\u00e1lez indic\u00f3 que en el primer tramo se ha construido una peque\u00f1a rotonda y una lomada que da preferencia a los veh\u00edculos que vienen por Pte. Gir\u00f3 y van al barrio Sacrificio de Sonia.<\/p>\n<p>El director se\u00f1al\u00f3: \u201cLos que circulen por el lugar se van a encontrar con una obra integrada, buena carpeta asf\u00e1ltica, veredas para peatones, ciclov\u00eda demarcada, tr\u00e1nsito ordenado en ambos sentido, se\u00f1alizaci\u00f3n vertical que es reflectiva para las horas de la noche. Lo que hacemos es brindar seguridad a la poblaci\u00f3n y calidad de vida a todos los riverenses\u201d.<\/p>\n<p><iframe loading=\"lazy\" width=\"1160\" height=\"653\" src=\"https:\/\/www.youtube.com\/embed\/cQWD9_kb2vs?feature=oembed\" frameborder=\"0\" allow=\"autoplay; encrypted-media\" allowfullscreen><\/iframe><\/p>\n","protected":false},"excerpt":{"rendered":"<p>El director General de Tr\u00e1nsito y Transporte de la Intendencia Departamental de Rivera, Mauricio Gonz\u00e1lez, inform\u00f3 al respecto de los trabajos de se\u00f1alizaci\u00f3n que vienen realizando desde su Direcci\u00f3n en la zona oeste de nuestra ciudad. Explic\u00f3 que si bien ya est\u00e1 librado al uso p\u00fablico se ha trabajado mucho en la demarcaci\u00f3n de la [&hellip;]<\/p>\n","protected":false},"author":7,"featured_media":4921,"comment_status":"open","ping_status":"open","sticky":false,"template":"","format":"standard","meta":{"footnotes":""},"categories":[3,1],"tags":[631,467,630,328,114,36,386,81,33,632,633,468,43,96],"class_list":["post-4919","post","type-post","status-publish","format-standard","has-post-thumbnail","hentry","category-multimedia","category-novedades","tag-calidad","tag-chasques-de-los-santos","tag-ciclovia","tag-dgtt","tag-idr","tag-intendencia","tag-lagunon","tag-obras","tag-rivera","tag-riverenses","tag-seguridad","tag-senalizacion","tag-transito","tag-transporte"],"_links":{"self":[{"href":"https:\/\/www.rivera.gub.uy\/portal\/wp-json\/wp\/v2\/posts\/4919","targetHints":{"allow":["GET"]}}],"collection":[{"href":"https:\/\/www.rivera.gub.uy\/portal\/wp-json\/wp\/v2\/posts"}],"about":[{"href":"https:\/\/www.rivera.gub.uy\/portal\/wp-json\/wp\/v2\/types\/post"}],"author":[{"embeddable":true,"href":"https:\/\/www.rivera.gub.uy\/portal\/wp-json\/wp\/v2\/users\/7"}],"replies":[{"embeddable":true,"href":"https:\/\/www.rivera.gub.uy\/portal\/wp-json\/wp\/v2\/comments?post=4919"}],"version-history":[{"count":3,"href":"https:\/\/www.rivera.gub.uy\/portal\/wp-json\/wp\/v2\/posts\/4919\/revisions"}],"predecessor-version":[{"id":4945,"href":"https:\/\/www.rivera.gub.uy\/portal\/wp-json\/wp\/v2\/posts\/4919\/revisions\/4945"}],"wp:featuredmedia":[{"embeddable":true,"href":"https:\/\/www.rivera.gub.uy\/portal\/wp-json\/wp\/v2\/media\/4921"}],"wp:attachment":[{"href":"https:\/\/www.rivera.gub.uy\/portal\/wp-json\/wp\/v2\/media?parent=4919"}],"wp:term":[{"taxonomy":"category","embeddable":true,"href":"https:\/\/www.rivera.gub.uy\/portal\/wp-json\/wp\/v2\/categories?post=4919"},{"taxonomy":"post_tag","embeddable":true,"href":"https:\/\/www.rivera.gub.uy\/portal\/wp-json\/wp\/v2\/tags?post=4919"}],"curies":[{"name":"wp","href":"https:\/\/api.w.org\/{rel}","templated":true}]}}