{"id":49618,"date":"2024-04-02T09:26:04","date_gmt":"2024-04-02T12:26:04","guid":{"rendered":"https:\/\/www.rivera.gub.uy\/portal\/?p=49618"},"modified":"2024-04-05T12:04:55","modified_gmt":"2024-04-05T15:04:55","slug":"jornales-solidarios-fase-v-etapa-1","status":"publish","type":"post","link":"https:\/\/www.rivera.gub.uy\/portal\/jornales-solidarios-fase-v-etapa-1\/","title":{"rendered":"Jornales Solidarios &#8211; Fase V etapa 1"},"content":{"rendered":"<p><strong>El programa Oportunidad Laboral abre inscripciones el pr\u00f3ximo lunes 8 de abril de 2024.<\/strong><\/p>\n<p><strong>\u00bfCu\u00e1ndo y c\u00f3mo inscribirse?<\/strong><\/p>\n<ul>\n<li>Desde el<strong> lunes 8 (08:00 horas) al jueves 11 de abril de 2024 (23:59 horas)<\/strong>.<\/li>\n<li>Accediendo por la <strong>Web de la IDR<\/strong>, desde la direcci\u00f3n web <a href=\"https:\/\/www.gub.uy\/oportunidad-laboral\" target=\"_blank\" rel=\"noopener noreferrer\"><strong>https:\/\/www.gub.uy\/oportunidad-laboral<\/strong>\u00a0<\/a> o <strong>presencialmente en centro de atenci\u00f3n al p\u00fablico en Biblioteca Municipal<\/strong> (Uruguay esquina Artigas \u2013 <strong>de 08:30 a 14:30 horas<\/strong>).<\/li>\n<\/ul>\n<p><strong>\u00bfA qui\u00e9nes est\u00e1 dirigido?<\/strong><\/p>\n<ul>\n<li>Personas desocupadas.<\/li>\n<li>De entre 18 y 65 a\u00f1os.<\/li>\n<li>Con c\u00e9dula de identidad vigente.<\/li>\n<li>No reciban ninguna prestaci\u00f3n salarial, ni p\u00fablica ni privada, ni subsidio por desempleo, por enfermedad, jubilaci\u00f3n, pensi\u00f3n u otra retribuci\u00f3n de car\u00e1cter personal.<\/li>\n<\/ul>\n<p><strong>\u00bfDuraci\u00f3n?<\/strong><\/p>\n<ul>\n<li>4 meses, mayo a agosto de 2024.<\/li>\n<\/ul>\n<p><strong>\u00bfCronograma?<\/strong><\/p>\n<ul>\n<li><strong>08\/04\/2024 &#8211; 11\/04\/2024: <\/strong>Postulaciones, accediendo por la Web de la IDR, desde la direcci\u00f3n web oportunidadlaboral.gub.uy o presencialmente en centro de atenci\u00f3n al p\u00fablico en Biblioteca Municipal (Uruguay esquina Artigas).<\/li>\n<li><strong>12\/04\/2024 &#8211; 19\/04\/2024: <\/strong>Chequeo de Habilitados\/No habilitados con las Cajas (BPS, Caja Policial, Caja Militar, Activos Militares).<\/li>\n<li><strong>23\/04\/2024 &#8211; 26\/04\/2024:<\/strong> Sorteos por parte de la Intendencia y del MTSS.<\/li>\n<\/ul>\n<div id=\"gtx-trans\" style=\"position: absolute; left: 269px; top: 200px;\">\n<div class=\"gtx-trans-icon\"><\/div>\n<\/div>\n","protected":false},"excerpt":{"rendered":"<p>El programa Oportunidad Laboral abre inscripciones el pr\u00f3ximo lunes 8 de abril de 2024. \u00bfCu\u00e1ndo y c\u00f3mo inscribirse? Desde el lunes 8 (08:00 horas) al jueves 11 de abril de 2024 (23:59 horas). Accediendo por la Web de la IDR, desde la direcci\u00f3n web https:\/\/www.gub.uy\/oportunidad-laboral\u00a0 o presencialmente en centro de atenci\u00f3n al p\u00fablico en Biblioteca [&hellip;]<\/p>\n","protected":false},"author":5,"featured_media":49621,"comment_status":"open","ping_status":"open","sticky":false,"template":"","format":"standard","meta":{"footnotes":""},"categories":[1],"tags":[1323,1254],"class_list":["post-49618","post","type-post","status-publish","format-standard","has-post-thumbnail","hentry","category-novedades","tag-jornales-solidarios","tag-oportunidad-laboral"],"_links":{"self":[{"href":"https:\/\/www.rivera.gub.uy\/portal\/wp-json\/wp\/v2\/posts\/49618","targetHints":{"allow":["GET"]}}],"collection":[{"href":"https:\/\/www.rivera.gub.uy\/portal\/wp-json\/wp\/v2\/posts"}],"about":[{"href":"https:\/\/www.rivera.gub.uy\/portal\/wp-json\/wp\/v2\/types\/post"}],"author":[{"embeddable":true,"href":"https:\/\/www.rivera.gub.uy\/portal\/wp-json\/wp\/v2\/users\/5"}],"replies":[{"embeddable":true,"href":"https:\/\/www.rivera.gub.uy\/portal\/wp-json\/wp\/v2\/comments?post=49618"}],"version-history":[{"count":7,"href":"https:\/\/www.rivera.gub.uy\/portal\/wp-json\/wp\/v2\/posts\/49618\/revisions"}],"predecessor-version":[{"id":49694,"href":"https:\/\/www.rivera.gub.uy\/portal\/wp-json\/wp\/v2\/posts\/49618\/revisions\/49694"}],"wp:featuredmedia":[{"embeddable":true,"href":"https:\/\/www.rivera.gub.uy\/portal\/wp-json\/wp\/v2\/media\/49621"}],"wp:attachment":[{"href":"https:\/\/www.rivera.gub.uy\/portal\/wp-json\/wp\/v2\/media?parent=49618"}],"wp:term":[{"taxonomy":"category","embeddable":true,"href":"https:\/\/www.rivera.gub.uy\/portal\/wp-json\/wp\/v2\/categories?post=49618"},{"taxonomy":"post_tag","embeddable":true,"href":"https:\/\/www.rivera.gub.uy\/portal\/wp-json\/wp\/v2\/tags?post=49618"}],"curies":[{"name":"wp","href":"https:\/\/api.w.org\/{rel}","templated":true}]}}