{"id":4982,"date":"2018-04-12T08:20:02","date_gmt":"2018-04-12T11:20:02","guid":{"rendered":"http:\/\/www.rivera.gub.uy\/portal\/?p=4982"},"modified":"2018-05-30T11:08:11","modified_gmt":"2018-05-30T14:08:11","slug":"propuestas-de-ejercicios-para-educacion-ambiental","status":"publish","type":"post","link":"https:\/\/www.rivera.gub.uy\/portal\/propuestas-de-ejercicios-para-educacion-ambiental\/","title":{"rendered":"\u201cPropuestas de Ejercicios para Educaci\u00f3n Ambiental\u201d"},"content":{"rendered":"<p>La publicaci\u00f3n del libro <a href=\"http:\/\/www.rivera.gub.uy\/medioambiente\/divisiones\/medio-ambiente\/\" target=\"_blank\" rel=\"noopener\">\u201cPropuestas de Ejercicios para Educaci\u00f3n Ambiental\u201d<\/a><br \/>\nde autor\u00eda del Director de Div. Medio Ambiente de la IDR, Jos\u00e9 Mar\u00eda Almada Sad, surge de un llamado efectuado por la Asociaci\u00f3n Uruguayo-Japonesa, de Cooperaci\u00f3n T\u00e9cnica (AUJCT) con el respaldo de la Agencia de Cooperaci\u00f3n Internacional del Jap\u00f3n, JICA.<!--more--><br \/>\nEsas entidades invitaron a ex \u2013 becarios, que visitaron Jap\u00f3n, para capacitaci\u00f3n en diversas \u00e1reas, a presentar propuestas con el fin de editar un trabajo impreso que refleje la capacitaci\u00f3n recibida en el pa\u00eds nip\u00f3n, as\u00ed como el trabajo del becario en origen y abordar en alguna forma la relaci\u00f3n cultural entre Uruguay y Jap\u00f3n.<\/p>\n<p>El ex becario riverense propuso una publicaci\u00f3n de 40 p\u00e1ginas con ejercicios<br \/>\nde apoyo a la educaci\u00f3n ambiental, en centros educativos, de autor\u00eda propia,<br \/>\ntodos diferentes entre s\u00ed, intentando abordar tem\u00e1ticas relacionadas al ambiente<br \/>\ny que son difundidas en las charlas did\u00e1cticas y programas de la Divisi\u00f3n Medio Ambiente, hace 17 a\u00f1os.<\/p>\n<p>Se incluyen textos en japon\u00e9s, la experiencia educativa en Jap\u00f3n, y algunas ilustraciones motivadoras.<br \/>\nLa propuesta de Almada fue la seleccionada, pas\u00f3 por un exhaustivo proceso de correcciones y revisiones y se termin\u00f3 de imprimir en Marzo de 2018.<\/p>\n<div id='gallery-1' class='gallery galleryid-4982 gallery-columns-4 gallery-size-thumbnail'><figure class='gallery-item'>\n\t\t\t<div class='gallery-icon landscape'>\n\t\t\t\t<a href='https:\/\/www.rivera.gub.uy\/portal\/wp-content\/uploads\/2018\/04\/ENTREGAS-017.jpg'><img loading=\"lazy\" decoding=\"async\" width=\"150\" height=\"84\" src=\"https:\/\/www.rivera.gub.uy\/portal\/wp-content\/uploads\/2018\/04\/ENTREGAS-017-150x84.jpg\" class=\"attachment-thumbnail size-thumbnail\" alt=\"\" srcset=\"https:\/\/www.rivera.gub.uy\/portal\/wp-content\/uploads\/2018\/04\/ENTREGAS-017-150x84.jpg 150w, https:\/\/www.rivera.gub.uy\/portal\/wp-content\/uploads\/2018\/04\/ENTREGAS-017-300x169.jpg 300w, https:\/\/www.rivera.gub.uy\/portal\/wp-content\/uploads\/2018\/04\/ENTREGAS-017-768x432.jpg 768w, https:\/\/www.rivera.gub.uy\/portal\/wp-content\/uploads\/2018\/04\/ENTREGAS-017-1000x563.jpg 1000w, https:\/\/www.rivera.gub.uy\/portal\/wp-content\/uploads\/2018\/04\/ENTREGAS-017-820x461.jpg 820w, https:\/\/www.rivera.gub.uy\/portal\/wp-content\/uploads\/2018\/04\/ENTREGAS-017.jpg 1600w\" sizes=\"auto, (max-width: 150px) 100vw, 150px\" \/><\/a>\n\t\t\t<\/div><\/figure><figure class='gallery-item'>\n\t\t\t<div class='gallery-icon landscape'>\n\t\t\t\t<a href='https:\/\/www.rivera.gub.uy\/portal\/wp-content\/uploads\/2018\/04\/EXP-EDUARDO-tgtgyhu-004.jpg'><img loading=\"lazy\" decoding=\"async\" width=\"125\" height=\"94\" src=\"https:\/\/www.rivera.gub.uy\/portal\/wp-content\/uploads\/2018\/04\/EXP-EDUARDO-tgtgyhu-004-125x94.jpg\" class=\"attachment-thumbnail size-thumbnail\" alt=\"\" srcset=\"https:\/\/www.rivera.gub.uy\/portal\/wp-content\/uploads\/2018\/04\/EXP-EDUARDO-tgtgyhu-004-125x94.jpg 125w, https:\/\/www.rivera.gub.uy\/portal\/wp-content\/uploads\/2018\/04\/EXP-EDUARDO-tgtgyhu-004-251x188.jpg 251w, https:\/\/www.rivera.gub.uy\/portal\/wp-content\/uploads\/2018\/04\/EXP-EDUARDO-tgtgyhu-004-768x576.jpg 768w, https:\/\/www.rivera.gub.uy\/portal\/wp-content\/uploads\/2018\/04\/EXP-EDUARDO-tgtgyhu-004-835x626.jpg 835w, https:\/\/www.rivera.gub.uy\/portal\/wp-content\/uploads\/2018\/04\/EXP-EDUARDO-tgtgyhu-004-820x615.jpg 820w, https:\/\/www.rivera.gub.uy\/portal\/wp-content\/uploads\/2018\/04\/EXP-EDUARDO-tgtgyhu-004.jpg 1600w\" sizes=\"auto, (max-width: 125px) 100vw, 125px\" \/><\/a>\n\t\t\t<\/div><\/figure><figure class='gallery-item'>\n\t\t\t<div class='gallery-icon portrait'>\n\t\t\t\t<a href='https:\/\/www.rivera.gub.uy\/portal\/wp-content\/uploads\/2018\/04\/LIBROS-PRONTOS.jpg'><img loading=\"lazy\" decoding=\"async\" width=\"53\" height=\"94\" src=\"https:\/\/www.rivera.gub.uy\/portal\/wp-content\/uploads\/2018\/04\/LIBROS-PRONTOS-53x94.jpg\" class=\"attachment-thumbnail size-thumbnail\" alt=\"\" srcset=\"https:\/\/www.rivera.gub.uy\/portal\/wp-content\/uploads\/2018\/04\/LIBROS-PRONTOS-53x94.jpg 53w, https:\/\/www.rivera.gub.uy\/portal\/wp-content\/uploads\/2018\/04\/LIBROS-PRONTOS-106x188.jpg 106w, https:\/\/www.rivera.gub.uy\/portal\/wp-content\/uploads\/2018\/04\/LIBROS-PRONTOS-768x1365.jpg 768w, https:\/\/www.rivera.gub.uy\/portal\/wp-content\/uploads\/2018\/04\/LIBROS-PRONTOS-352x626.jpg 352w, https:\/\/www.rivera.gub.uy\/portal\/wp-content\/uploads\/2018\/04\/LIBROS-PRONTOS-820x1458.jpg 820w, https:\/\/www.rivera.gub.uy\/portal\/wp-content\/uploads\/2018\/04\/LIBROS-PRONTOS.jpg 900w\" sizes=\"auto, (max-width: 53px) 100vw, 53px\" \/><\/a>\n\t\t\t<\/div><\/figure><figure class='gallery-item'>\n\t\t\t<div class='gallery-icon landscape'>\n\t\t\t\t<a href='https:\/\/www.rivera.gub.uy\/portal\/wp-content\/uploads\/2018\/04\/Pag-6-Sopa-letras-Fauna.jpg'><img loading=\"lazy\" decoding=\"async\" width=\"150\" height=\"90\" src=\"https:\/\/www.rivera.gub.uy\/portal\/wp-content\/uploads\/2018\/04\/Pag-6-Sopa-letras-Fauna-150x90.jpg\" class=\"attachment-thumbnail size-thumbnail\" alt=\"\" srcset=\"https:\/\/www.rivera.gub.uy\/portal\/wp-content\/uploads\/2018\/04\/Pag-6-Sopa-letras-Fauna-150x90.jpg 150w, https:\/\/www.rivera.gub.uy\/portal\/wp-content\/uploads\/2018\/04\/Pag-6-Sopa-letras-Fauna-300x180.jpg 300w, https:\/\/www.rivera.gub.uy\/portal\/wp-content\/uploads\/2018\/04\/Pag-6-Sopa-letras-Fauna-768x462.jpg 768w, https:\/\/www.rivera.gub.uy\/portal\/wp-content\/uploads\/2018\/04\/Pag-6-Sopa-letras-Fauna.jpg 800w\" sizes=\"auto, (max-width: 150px) 100vw, 150px\" \/><\/a>\n\t\t\t<\/div><\/figure><figure class='gallery-item'>\n\t\t\t<div class='gallery-icon landscape'>\n\t\t\t\t<a href='https:\/\/www.rivera.gub.uy\/portal\/wp-content\/uploads\/2018\/04\/Pag-15-La-Pila.jpg'><img loading=\"lazy\" decoding=\"async\" width=\"134\" height=\"94\" src=\"https:\/\/www.rivera.gub.uy\/portal\/wp-content\/uploads\/2018\/04\/Pag-15-La-Pila-134x94.jpg\" class=\"attachment-thumbnail size-thumbnail\" alt=\"\" srcset=\"https:\/\/www.rivera.gub.uy\/portal\/wp-content\/uploads\/2018\/04\/Pag-15-La-Pila-134x94.jpg 134w, https:\/\/www.rivera.gub.uy\/portal\/wp-content\/uploads\/2018\/04\/Pag-15-La-Pila-268x188.jpg 268w, https:\/\/www.rivera.gub.uy\/portal\/wp-content\/uploads\/2018\/04\/Pag-15-La-Pila-768x539.jpg 768w, https:\/\/www.rivera.gub.uy\/portal\/wp-content\/uploads\/2018\/04\/Pag-15-La-Pila.jpg 800w\" sizes=\"auto, (max-width: 134px) 100vw, 134px\" \/><\/a>\n\t\t\t<\/div><\/figure><figure class='gallery-item'>\n\t\t\t<div class='gallery-icon landscape'>\n\t\t\t\t<a href='https:\/\/www.rivera.gub.uy\/portal\/wp-content\/uploads\/2018\/04\/Pag-30-Mas-de-F-y-Naturaleza.jpg'><img loading=\"lazy\" decoding=\"async\" width=\"123\" height=\"94\" src=\"https:\/\/www.rivera.gub.uy\/portal\/wp-content\/uploads\/2018\/04\/Pag-30-Mas-de-F-y-Naturaleza-123x94.jpg\" class=\"attachment-thumbnail size-thumbnail\" alt=\"\" srcset=\"https:\/\/www.rivera.gub.uy\/portal\/wp-content\/uploads\/2018\/04\/Pag-30-Mas-de-F-y-Naturaleza-123x94.jpg 123w, https:\/\/www.rivera.gub.uy\/portal\/wp-content\/uploads\/2018\/04\/Pag-30-Mas-de-F-y-Naturaleza-247x188.jpg 247w, https:\/\/www.rivera.gub.uy\/portal\/wp-content\/uploads\/2018\/04\/Pag-30-Mas-de-F-y-Naturaleza-768x586.jpg 768w, https:\/\/www.rivera.gub.uy\/portal\/wp-content\/uploads\/2018\/04\/Pag-30-Mas-de-F-y-Naturaleza.jpg 800w\" sizes=\"auto, (max-width: 123px) 100vw, 123px\" \/><\/a>\n\t\t\t<\/div><\/figure><figure class='gallery-item'>\n\t\t\t<div class='gallery-icon portrait'>\n\t\t\t\t<a href='https:\/\/www.rivera.gub.uy\/portal\/wp-content\/uploads\/2018\/04\/Pag-32-Nuestra-Naturaleza.jpg'><img loading=\"lazy\" decoding=\"async\" width=\"72\" height=\"94\" src=\"https:\/\/www.rivera.gub.uy\/portal\/wp-content\/uploads\/2018\/04\/Pag-32-Nuestra-Naturaleza-72x94.jpg\" class=\"attachment-thumbnail size-thumbnail\" alt=\"\" srcset=\"https:\/\/www.rivera.gub.uy\/portal\/wp-content\/uploads\/2018\/04\/Pag-32-Nuestra-Naturaleza-72x94.jpg 72w, https:\/\/www.rivera.gub.uy\/portal\/wp-content\/uploads\/2018\/04\/Pag-32-Nuestra-Naturaleza-144x188.jpg 144w, https:\/\/www.rivera.gub.uy\/portal\/wp-content\/uploads\/2018\/04\/Pag-32-Nuestra-Naturaleza-480x626.jpg 480w, https:\/\/www.rivera.gub.uy\/portal\/wp-content\/uploads\/2018\/04\/Pag-32-Nuestra-Naturaleza.jpg 614w\" sizes=\"auto, (max-width: 72px) 100vw, 72px\" \/><\/a>\n\t\t\t<\/div><\/figure><figure class='gallery-item'>\n\t\t\t<div class='gallery-icon portrait'>\n\t\t\t\t<a href='https:\/\/www.rivera.gub.uy\/portal\/wp-content\/uploads\/2018\/04\/Pag10-Las-3-R.jpg'><img loading=\"lazy\" decoding=\"async\" width=\"90\" height=\"94\" src=\"https:\/\/www.rivera.gub.uy\/portal\/wp-content\/uploads\/2018\/04\/Pag10-Las-3-R-90x94.jpg\" class=\"attachment-thumbnail size-thumbnail\" alt=\"\" srcset=\"https:\/\/www.rivera.gub.uy\/portal\/wp-content\/uploads\/2018\/04\/Pag10-Las-3-R-90x94.jpg 90w, https:\/\/www.rivera.gub.uy\/portal\/wp-content\/uploads\/2018\/04\/Pag10-Las-3-R-180x188.jpg 180w, https:\/\/www.rivera.gub.uy\/portal\/wp-content\/uploads\/2018\/04\/Pag10-Las-3-R-599x626.jpg 599w, https:\/\/www.rivera.gub.uy\/portal\/wp-content\/uploads\/2018\/04\/Pag10-Las-3-R.jpg 766w\" sizes=\"auto, (max-width: 90px) 100vw, 90px\" \/><\/a>\n\t\t\t<\/div><\/figure>\n\t\t<\/div>\n\n<p>Se trata de una partida limitada y de acuerdo al proyecto se est\u00e1 entregando a todas las Escuelas del departamento de Rivera, centros educativos y agentes ambientales. Adem\u00e1s desde los primeros d\u00edas de abril, est\u00e1 disponible en cuatro sitios de internet, IDR, RENEA, JICA y AUJCT, desde donde docentes, alumnos y toda persona interesada, puede imprimir y\/o reproducir total o parcialmente los contenidos.<\/p>\n<p>Si bien el autor responsable por el trabajo es el mencionado Director de Divisi\u00f3n de la IDR, cont\u00f3 adem\u00e1s con el aval institucional de la propia Intendencia Departamental, de la RENEA ( Red Nacional de Educaci\u00f3n Ambiental),<br \/>\ndel Ministerio de Educaci\u00f3n y Cultura, y varias colaboraciones;<\/p>\n<ul>\n<li>a) Los textos en japon\u00e9s fueron orientados por el voluntario senior Sr. Akio Nakamura, quien trabaj\u00f3 como int\u00e9rprete en la IDR, como apoyo de JICA.<\/li>\n<li>b) La revisi\u00f3n t\u00e9cnica de los ejercicios cont\u00f3 con la colaboraci\u00f3n del encargado\u00a0de Educaci\u00f3n Ambiental, de Div. Medio Ambiente, Prof. Sebasti\u00e1n Pintos, y a distancia el Prof. Yoshifumi Shimomura, Voluntario Senior de JICA, experto en Educaci\u00f3n Ambiental, quien trabaj\u00f3 por dos a\u00f1os en la Div. Medio Ambiente hasta 2016.<\/li>\n<li>c) Las ilustraciones son de la estudiante del I.F.D. de Rivera, Sra. Micaela Da Silveira.<\/li>\n<\/ul>\n<p>Almada destaca y agradece a las instituciones JICA y AUJCT, de larga trayectoria de cooperaci\u00f3n con la IDR y la comunidad, por haber posibilitado materialmente, adem\u00e1s de constante orientaci\u00f3n, la edici\u00f3n de esta herramienta, que espera sea un nuevo insumo para las tareas de Educaci\u00f3n Ambiental, que se cumplen en el departamento de Rivera y en otros espacios.<\/p>\n<p><iframe loading=\"lazy\" width=\"1160\" height=\"653\" src=\"https:\/\/www.youtube.com\/embed\/KxTbd7kGgCM?feature=oembed\" frameborder=\"0\" allow=\"autoplay; encrypted-media\" allowfullscreen><\/iframe><\/p>\n","protected":false},"excerpt":{"rendered":"<p>La publicaci\u00f3n del libro \u201cPropuestas de Ejercicios para Educaci\u00f3n Ambiental\u201d de autor\u00eda del Director de Div. Medio Ambiente de la IDR, Jos\u00e9 Mar\u00eda Almada Sad, surge de un llamado efectuado por la Asociaci\u00f3n Uruguayo-Japonesa, de Cooperaci\u00f3n T\u00e9cnica (AUJCT) con el respaldo de la Agencia de Cooperaci\u00f3n Internacional del Jap\u00f3n, JICA.<\/p>\n","protected":false},"author":7,"featured_media":4984,"comment_status":"open","ping_status":"open","sticky":false,"template":"","format":"standard","meta":{"footnotes":""},"categories":[3,1],"tags":[380,472,114,36,323,324,79,33],"class_list":["post-4982","post","type-post","status-publish","format-standard","has-post-thumbnail","hentry","category-multimedia","category-novedades","tag-dgdma","tag-educacion-ambiental","tag-idr","tag-intendencia","tag-japon","tag-jica","tag-medio-ambiente","tag-rivera"],"_links":{"self":[{"href":"https:\/\/www.rivera.gub.uy\/portal\/wp-json\/wp\/v2\/posts\/4982","targetHints":{"allow":["GET"]}}],"collection":[{"href":"https:\/\/www.rivera.gub.uy\/portal\/wp-json\/wp\/v2\/posts"}],"about":[{"href":"https:\/\/www.rivera.gub.uy\/portal\/wp-json\/wp\/v2\/types\/post"}],"author":[{"embeddable":true,"href":"https:\/\/www.rivera.gub.uy\/portal\/wp-json\/wp\/v2\/users\/7"}],"replies":[{"embeddable":true,"href":"https:\/\/www.rivera.gub.uy\/portal\/wp-json\/wp\/v2\/comments?post=4982"}],"version-history":[{"count":6,"href":"https:\/\/www.rivera.gub.uy\/portal\/wp-json\/wp\/v2\/posts\/4982\/revisions"}],"predecessor-version":[{"id":4997,"href":"https:\/\/www.rivera.gub.uy\/portal\/wp-json\/wp\/v2\/posts\/4982\/revisions\/4997"}],"wp:featuredmedia":[{"embeddable":true,"href":"https:\/\/www.rivera.gub.uy\/portal\/wp-json\/wp\/v2\/media\/4984"}],"wp:attachment":[{"href":"https:\/\/www.rivera.gub.uy\/portal\/wp-json\/wp\/v2\/media?parent=4982"}],"wp:term":[{"taxonomy":"category","embeddable":true,"href":"https:\/\/www.rivera.gub.uy\/portal\/wp-json\/wp\/v2\/categories?post=4982"},{"taxonomy":"post_tag","embeddable":true,"href":"https:\/\/www.rivera.gub.uy\/portal\/wp-json\/wp\/v2\/tags?post=4982"}],"curies":[{"name":"wp","href":"https:\/\/api.w.org\/{rel}","templated":true}]}}