{"id":49965,"date":"2024-04-23T13:28:41","date_gmt":"2024-04-23T16:28:41","guid":{"rendered":"https:\/\/www.rivera.gub.uy\/portal\/?p=49965"},"modified":"2024-04-23T15:28:54","modified_gmt":"2024-04-23T18:28:54","slug":"indicadores-territoriales-economicos-de-rivera","status":"publish","type":"post","link":"https:\/\/www.rivera.gub.uy\/portal\/indicadores-territoriales-economicos-de-rivera\/","title":{"rendered":"Indicadores territoriales econ\u00f3micos de Rivera"},"content":{"rendered":"<p>El jueves 18 de abril en conferencia de prensa se present\u00f3 un Proyecto de Investigaci\u00f3n sobre el \u00edndice de desarrollo regional para Uruguay que data desde el a\u00f1o 2006 al 2022.<!--more--><br \/>\nPresentes en la oportunidad el Intendente de Rivera Cr. Richard Sander Dar\u00edn, el Secretario General de la IDR, Arquitecto Jos\u00e9 Mazzoni Gollard\u00eda, y los economistas Camilo Vial, Adri\u00e1n Rodr\u00edguez, Gonzalo Far\u00edas (IDR) y Sabrina Rivero, quienes brindaron detalles de tan importante investigaci\u00f3n donde colabora la Intendencia de Rivera.<\/p>\n<p>Es un dise\u00f1o e implementaci\u00f3n de una metodolog\u00eda de medici\u00f3n del desarrollo de cada departamento incluido Rivera, sus indicadores se transforman en herramientas de Gesti\u00f3n Territorial para orientar pol\u00edticas y acciones de cada Gobierno Departamental.<\/p>\n<p>El proyecto es financiado por ANII, colaboran tres Gobiernos Departamentales entre ellos la Intendencia Departamental de Rivera a trav\u00e9s de la direcci\u00f3n General de Desarrollo y Medio Ambiente, junto con la FCEA ; los cuales se unen a los Doctores en Econom\u00eda, Camilo Vial y Adri\u00e1n Rodr\u00edguez; buscando generar informaci\u00f3n en base al desarrollo departamental; el proyecto expresa sus valores de 0 como el m\u00e1s bajo y 1 como m\u00e1ximo.<\/p>\n<p>El valor total del departamento de Rivera es = 1.00<\/p>\n<p>Los estudios se basaron en Seguridad, Medio Ambiente, G\u00e9nero, Instituciones, Actividad Econ\u00f3mica, Bienestar y Cohesi\u00f3n, Salud y Educaci\u00f3n.<\/p>\n<p>Son dos IDERE ( \u00cdndice de desarrollo Regional), el primero se centra en 5 dimensiones: econom\u00eda, salud, educaci\u00f3n, bienestar y coacci\u00f3n, dimensi\u00f3n institucional; y el segundo IDERE ampliado que abarca; g\u00e9nero, ambiente y seguridad.<\/p>\n<p>Si buscamos al departamento de Rivera en las gr\u00e1ficas, podemos observar que se encuentra sobre los departamentos de Salto, Lavalleja, Durazno, Tacuaremb\u00f3, Cerro Largo, Artigas y Treinta y Tres; lo que indica el arduo trabajo que la Intendencia de Rivera viene realizando para equilibrar en algunos casos el bajo \u00edndice de profesionales en la salud; y que por tal motivo se cre\u00f3 el Bus Expreso Esperanza, el cual traslada a profesionales al interior del departamento, llevando de forma gratuita soluciones a corto plazo.<\/p>\n<p>Descargar presentaci\u00f3n (<a href=\"https:\/\/www.rivera.gub.uy\/portal\/wp-content\/uploads\/2024\/04\/presentaci\u00f3n-17abril2024.pdf\" target=\"_blank\" rel=\"noopener noreferrer\">descargar<\/a>)<\/p>\n<p>&nbsp;<\/p>\n<div id='gallery-1' class='gallery galleryid-49965 gallery-columns-3 gallery-size-thumbnail'><figure class='gallery-item'>\n\t\t\t<div class='gallery-icon landscape'>\n\t\t\t\t<a href='https:\/\/www.rivera.gub.uy\/portal\/wp-content\/uploads\/2024\/04\/indicadores.jpg'><img loading=\"lazy\" decoding=\"async\" width=\"144\" height=\"94\" src=\"https:\/\/www.rivera.gub.uy\/portal\/wp-content\/uploads\/2024\/04\/indicadores-144x94.jpg\" class=\"attachment-thumbnail size-thumbnail\" alt=\"\" srcset=\"https:\/\/www.rivera.gub.uy\/portal\/wp-content\/uploads\/2024\/04\/indicadores-144x94.jpg 144w, https:\/\/www.rivera.gub.uy\/portal\/wp-content\/uploads\/2024\/04\/indicadores-288x188.jpg 288w, https:\/\/www.rivera.gub.uy\/portal\/wp-content\/uploads\/2024\/04\/indicadores-768x501.jpg 768w, https:\/\/www.rivera.gub.uy\/portal\/wp-content\/uploads\/2024\/04\/indicadores-960x626.jpg 960w, https:\/\/www.rivera.gub.uy\/portal\/wp-content\/uploads\/2024\/04\/indicadores-820x535.jpg 820w\" sizes=\"auto, (max-width: 144px) 100vw, 144px\" \/><\/a>\n\t\t\t<\/div><\/figure><figure class='gallery-item'>\n\t\t\t<div class='gallery-icon landscape'>\n\t\t\t\t<a href='https:\/\/www.rivera.gub.uy\/portal\/wp-content\/uploads\/2024\/04\/indicadores-2.jpg'><img loading=\"lazy\" decoding=\"async\" width=\"144\" height=\"94\" src=\"https:\/\/www.rivera.gub.uy\/portal\/wp-content\/uploads\/2024\/04\/indicadores-2-144x94.jpg\" class=\"attachment-thumbnail size-thumbnail\" alt=\"\" srcset=\"https:\/\/www.rivera.gub.uy\/portal\/wp-content\/uploads\/2024\/04\/indicadores-2-144x94.jpg 144w, https:\/\/www.rivera.gub.uy\/portal\/wp-content\/uploads\/2024\/04\/indicadores-2-288x188.jpg 288w, https:\/\/www.rivera.gub.uy\/portal\/wp-content\/uploads\/2024\/04\/indicadores-2-768x501.jpg 768w, https:\/\/www.rivera.gub.uy\/portal\/wp-content\/uploads\/2024\/04\/indicadores-2-960x626.jpg 960w, https:\/\/www.rivera.gub.uy\/portal\/wp-content\/uploads\/2024\/04\/indicadores-2-820x535.jpg 820w\" sizes=\"auto, (max-width: 144px) 100vw, 144px\" \/><\/a>\n\t\t\t<\/div><\/figure><figure class='gallery-item'>\n\t\t\t<div class='gallery-icon landscape'>\n\t\t\t\t<a href='https:\/\/www.rivera.gub.uy\/portal\/wp-content\/uploads\/2024\/04\/indicadores-3.jpg'><img loading=\"lazy\" decoding=\"async\" width=\"144\" height=\"94\" src=\"https:\/\/www.rivera.gub.uy\/portal\/wp-content\/uploads\/2024\/04\/indicadores-3-144x94.jpg\" class=\"attachment-thumbnail size-thumbnail\" alt=\"\" srcset=\"https:\/\/www.rivera.gub.uy\/portal\/wp-content\/uploads\/2024\/04\/indicadores-3-144x94.jpg 144w, https:\/\/www.rivera.gub.uy\/portal\/wp-content\/uploads\/2024\/04\/indicadores-3-288x188.jpg 288w, https:\/\/www.rivera.gub.uy\/portal\/wp-content\/uploads\/2024\/04\/indicadores-3-768x501.jpg 768w, https:\/\/www.rivera.gub.uy\/portal\/wp-content\/uploads\/2024\/04\/indicadores-3-960x626.jpg 960w, https:\/\/www.rivera.gub.uy\/portal\/wp-content\/uploads\/2024\/04\/indicadores-3-820x535.jpg 820w\" sizes=\"auto, (max-width: 144px) 100vw, 144px\" \/><\/a>\n\t\t\t<\/div><\/figure><figure class='gallery-item'>\n\t\t\t<div class='gallery-icon landscape'>\n\t\t\t\t<a href='https:\/\/www.rivera.gub.uy\/portal\/wp-content\/uploads\/2024\/04\/indicadores-4.jpg'><img loading=\"lazy\" decoding=\"async\" width=\"144\" height=\"94\" src=\"https:\/\/www.rivera.gub.uy\/portal\/wp-content\/uploads\/2024\/04\/indicadores-4-144x94.jpg\" class=\"attachment-thumbnail size-thumbnail\" alt=\"\" srcset=\"https:\/\/www.rivera.gub.uy\/portal\/wp-content\/uploads\/2024\/04\/indicadores-4-144x94.jpg 144w, https:\/\/www.rivera.gub.uy\/portal\/wp-content\/uploads\/2024\/04\/indicadores-4-288x188.jpg 288w, https:\/\/www.rivera.gub.uy\/portal\/wp-content\/uploads\/2024\/04\/indicadores-4-768x501.jpg 768w, https:\/\/www.rivera.gub.uy\/portal\/wp-content\/uploads\/2024\/04\/indicadores-4-960x626.jpg 960w, https:\/\/www.rivera.gub.uy\/portal\/wp-content\/uploads\/2024\/04\/indicadores-4-820x535.jpg 820w\" sizes=\"auto, (max-width: 144px) 100vw, 144px\" \/><\/a>\n\t\t\t<\/div><\/figure><figure class='gallery-item'>\n\t\t\t<div class='gallery-icon landscape'>\n\t\t\t\t<a href='https:\/\/www.rivera.gub.uy\/portal\/wp-content\/uploads\/2024\/04\/indicadores-5.jpg'><img loading=\"lazy\" decoding=\"async\" width=\"144\" height=\"94\" src=\"https:\/\/www.rivera.gub.uy\/portal\/wp-content\/uploads\/2024\/04\/indicadores-5-144x94.jpg\" class=\"attachment-thumbnail size-thumbnail\" alt=\"\" srcset=\"https:\/\/www.rivera.gub.uy\/portal\/wp-content\/uploads\/2024\/04\/indicadores-5-144x94.jpg 144w, https:\/\/www.rivera.gub.uy\/portal\/wp-content\/uploads\/2024\/04\/indicadores-5-288x188.jpg 288w, https:\/\/www.rivera.gub.uy\/portal\/wp-content\/uploads\/2024\/04\/indicadores-5-768x501.jpg 768w, https:\/\/www.rivera.gub.uy\/portal\/wp-content\/uploads\/2024\/04\/indicadores-5-960x626.jpg 960w, https:\/\/www.rivera.gub.uy\/portal\/wp-content\/uploads\/2024\/04\/indicadores-5-820x535.jpg 820w\" sizes=\"auto, (max-width: 144px) 100vw, 144px\" \/><\/a>\n\t\t\t<\/div><\/figure><figure class='gallery-item'>\n\t\t\t<div class='gallery-icon landscape'>\n\t\t\t\t<a href='https:\/\/www.rivera.gub.uy\/portal\/wp-content\/uploads\/2024\/04\/indicadores-6.jpg'><img loading=\"lazy\" decoding=\"async\" width=\"144\" height=\"94\" src=\"https:\/\/www.rivera.gub.uy\/portal\/wp-content\/uploads\/2024\/04\/indicadores-6-144x94.jpg\" class=\"attachment-thumbnail size-thumbnail\" alt=\"conferencia indicadores\" srcset=\"https:\/\/www.rivera.gub.uy\/portal\/wp-content\/uploads\/2024\/04\/indicadores-6-144x94.jpg 144w, https:\/\/www.rivera.gub.uy\/portal\/wp-content\/uploads\/2024\/04\/indicadores-6-288x188.jpg 288w, https:\/\/www.rivera.gub.uy\/portal\/wp-content\/uploads\/2024\/04\/indicadores-6-768x501.jpg 768w, https:\/\/www.rivera.gub.uy\/portal\/wp-content\/uploads\/2024\/04\/indicadores-6-960x626.jpg 960w, https:\/\/www.rivera.gub.uy\/portal\/wp-content\/uploads\/2024\/04\/indicadores-6-820x535.jpg 820w\" sizes=\"auto, (max-width: 144px) 100vw, 144px\" \/><\/a>\n\t\t\t<\/div><\/figure>\n\t\t<\/div>\n\n","protected":false},"excerpt":{"rendered":"<p>El jueves 18 de abril en conferencia de prensa se present\u00f3 un Proyecto de Investigaci\u00f3n sobre el \u00edndice de desarrollo regional para Uruguay que data desde el a\u00f1o 2006 al 2022.<\/p>\n","protected":false},"author":7,"featured_media":49973,"comment_status":"open","ping_status":"open","sticky":false,"template":"","format":"standard","meta":{"footnotes":""},"categories":[1],"tags":[],"class_list":["post-49965","post","type-post","status-publish","format-standard","has-post-thumbnail","hentry","category-novedades"],"_links":{"self":[{"href":"https:\/\/www.rivera.gub.uy\/portal\/wp-json\/wp\/v2\/posts\/49965","targetHints":{"allow":["GET"]}}],"collection":[{"href":"https:\/\/www.rivera.gub.uy\/portal\/wp-json\/wp\/v2\/posts"}],"about":[{"href":"https:\/\/www.rivera.gub.uy\/portal\/wp-json\/wp\/v2\/types\/post"}],"author":[{"embeddable":true,"href":"https:\/\/www.rivera.gub.uy\/portal\/wp-json\/wp\/v2\/users\/7"}],"replies":[{"embeddable":true,"href":"https:\/\/www.rivera.gub.uy\/portal\/wp-json\/wp\/v2\/comments?post=49965"}],"version-history":[{"count":2,"href":"https:\/\/www.rivera.gub.uy\/portal\/wp-json\/wp\/v2\/posts\/49965\/revisions"}],"predecessor-version":[{"id":49974,"href":"https:\/\/www.rivera.gub.uy\/portal\/wp-json\/wp\/v2\/posts\/49965\/revisions\/49974"}],"wp:featuredmedia":[{"embeddable":true,"href":"https:\/\/www.rivera.gub.uy\/portal\/wp-json\/wp\/v2\/media\/49973"}],"wp:attachment":[{"href":"https:\/\/www.rivera.gub.uy\/portal\/wp-json\/wp\/v2\/media?parent=49965"}],"wp:term":[{"taxonomy":"category","embeddable":true,"href":"https:\/\/www.rivera.gub.uy\/portal\/wp-json\/wp\/v2\/categories?post=49965"},{"taxonomy":"post_tag","embeddable":true,"href":"https:\/\/www.rivera.gub.uy\/portal\/wp-json\/wp\/v2\/tags?post=49965"}],"curies":[{"name":"wp","href":"https:\/\/api.w.org\/{rel}","templated":true}]}}