{"id":5002,"date":"2018-04-13T12:56:50","date_gmt":"2018-04-13T15:56:50","guid":{"rendered":"http:\/\/www.rivera.gub.uy\/portal\/?p=5002"},"modified":"2018-05-30T11:01:51","modified_gmt":"2018-05-30T14:01:51","slug":"el-intendente-visito-el-cc-bb-paso-de-la-estiba","status":"publish","type":"post","link":"https:\/\/www.rivera.gub.uy\/portal\/el-intendente-visito-el-cc-bb-paso-de-la-estiba\/","title":{"rendered":"El Intendente visit\u00f3 el CC.BB Paso de la Estiba"},"content":{"rendered":"<p>En horas de la tarde del d\u00eda 11 de abril, el Sr. Intendente Departamental, Dr. Marne Osorio, acompa\u00f1ado por el Sec. Gral. de la IDR. Cr. Richard Sander y el Dir. Gral. de Promoci\u00f3n y Acci\u00f3n Social, Cr. Giovani Conti, realizaron una visita al local del Centro barrial &#8211; Paso de la Estiba -, donde se lleva adelante un curso de capacitaci\u00f3n en \u201cDecoupage y reciclado\u201d.<br \/>\n<!--more--><br \/>\nEsta capacitaci\u00f3n viene siendo brindada por la docente tallerista, Martha Rodriguez, a 19 alumnas, vecinas del barrio, con edades que van desde 10 a 70 a\u00f1os.<br \/>\nTiene una duraci\u00f3n de 2 meses, con 3 horas de clase semanales, donde las asistentes aprenden la t\u00e9cnica para realizar hermosos trabajos artesanales que ya est\u00e1n siendo comercializados en varios puntos de venta en la ciudad y en la feria de Av. Cuar\u00f3, proporcionando un r\u00e9dito econ\u00f3mico que es de mucha ayuda en el presupuesto familiar.<br \/>\nLas alumnas no ocultan su satisfacci\u00f3n y alegr\u00eda por todo el aprendizaje recibido y lo hicieron saber a los ilustres visitantes.<\/p>\n<p>Las capacitaciones que brinda la Intendencia, en todo el departamento, orientan a ampliar los conocimientos, habilidades y aptitudes de todos los participantes en ese proceso educativo.<br \/>\nAnualmente, en los diferentes centros barriales y dependencias municipales en la ciudad de Rivera, Alcald\u00edas y centros poblados, miles de personas se benefician de alguna formaci\u00f3n brindada por la Intendencia y encuentran una nueva oportunidad para generar nuevos conocimientos e ingresos.<\/p>\n<p>El intendente Osorio y sus acompa\u00f1antes se retiraron muy complacidos con lo visto en el centro barrial La Estiba, y prometieron volver en mayo para la entrega de los certificados.<\/p>\n<div id='gallery-1' class='gallery galleryid-5002 gallery-columns-4 gallery-size-thumbnail'><figure class='gallery-item'>\n\t\t\t<div class='gallery-icon landscape'>\n\t\t\t\t<a href='https:\/\/www.rivera.gub.uy\/portal\/wp-content\/uploads\/2018\/04\/1-7.jpg'><img loading=\"lazy\" decoding=\"async\" width=\"132\" height=\"94\" src=\"https:\/\/www.rivera.gub.uy\/portal\/wp-content\/uploads\/2018\/04\/1-7-132x94.jpg\" class=\"attachment-thumbnail size-thumbnail\" alt=\"\" srcset=\"https:\/\/www.rivera.gub.uy\/portal\/wp-content\/uploads\/2018\/04\/1-7-132x94.jpg 132w, https:\/\/www.rivera.gub.uy\/portal\/wp-content\/uploads\/2018\/04\/1-7-263x188.jpg 263w, https:\/\/www.rivera.gub.uy\/portal\/wp-content\/uploads\/2018\/04\/1-7-768x549.jpg 768w, https:\/\/www.rivera.gub.uy\/portal\/wp-content\/uploads\/2018\/04\/1-7-876x626.jpg 876w, https:\/\/www.rivera.gub.uy\/portal\/wp-content\/uploads\/2018\/04\/1-7-820x586.jpg 820w\" sizes=\"auto, (max-width: 132px) 100vw, 132px\" \/><\/a>\n\t\t\t<\/div><\/figure><figure class='gallery-item'>\n\t\t\t<div class='gallery-icon landscape'>\n\t\t\t\t<a href='https:\/\/www.rivera.gub.uy\/portal\/wp-content\/uploads\/2018\/04\/2-6.jpg'><img loading=\"lazy\" decoding=\"async\" width=\"132\" height=\"94\" src=\"https:\/\/www.rivera.gub.uy\/portal\/wp-content\/uploads\/2018\/04\/2-6-132x94.jpg\" class=\"attachment-thumbnail size-thumbnail\" alt=\"\" srcset=\"https:\/\/www.rivera.gub.uy\/portal\/wp-content\/uploads\/2018\/04\/2-6-132x94.jpg 132w, https:\/\/www.rivera.gub.uy\/portal\/wp-content\/uploads\/2018\/04\/2-6-263x188.jpg 263w, https:\/\/www.rivera.gub.uy\/portal\/wp-content\/uploads\/2018\/04\/2-6-768x549.jpg 768w, https:\/\/www.rivera.gub.uy\/portal\/wp-content\/uploads\/2018\/04\/2-6-876x626.jpg 876w, https:\/\/www.rivera.gub.uy\/portal\/wp-content\/uploads\/2018\/04\/2-6-820x586.jpg 820w\" sizes=\"auto, (max-width: 132px) 100vw, 132px\" \/><\/a>\n\t\t\t<\/div><\/figure><figure class='gallery-item'>\n\t\t\t<div class='gallery-icon landscape'>\n\t\t\t\t<a href='https:\/\/www.rivera.gub.uy\/portal\/wp-content\/uploads\/2018\/04\/3-5.jpg'><img loading=\"lazy\" decoding=\"async\" width=\"132\" height=\"94\" src=\"https:\/\/www.rivera.gub.uy\/portal\/wp-content\/uploads\/2018\/04\/3-5-132x94.jpg\" class=\"attachment-thumbnail size-thumbnail\" alt=\"\" srcset=\"https:\/\/www.rivera.gub.uy\/portal\/wp-content\/uploads\/2018\/04\/3-5-132x94.jpg 132w, https:\/\/www.rivera.gub.uy\/portal\/wp-content\/uploads\/2018\/04\/3-5-263x188.jpg 263w, https:\/\/www.rivera.gub.uy\/portal\/wp-content\/uploads\/2018\/04\/3-5-768x549.jpg 768w, https:\/\/www.rivera.gub.uy\/portal\/wp-content\/uploads\/2018\/04\/3-5-876x626.jpg 876w, https:\/\/www.rivera.gub.uy\/portal\/wp-content\/uploads\/2018\/04\/3-5-820x586.jpg 820w\" sizes=\"auto, (max-width: 132px) 100vw, 132px\" \/><\/a>\n\t\t\t<\/div><\/figure><figure class='gallery-item'>\n\t\t\t<div class='gallery-icon portrait'>\n\t\t\t\t<a href='https:\/\/www.rivera.gub.uy\/portal\/wp-content\/uploads\/2018\/04\/4-5.jpg'><img loading=\"lazy\" decoding=\"async\" width=\"67\" height=\"94\" src=\"https:\/\/www.rivera.gub.uy\/portal\/wp-content\/uploads\/2018\/04\/4-5-67x94.jpg\" class=\"attachment-thumbnail size-thumbnail\" alt=\"\" srcset=\"https:\/\/www.rivera.gub.uy\/portal\/wp-content\/uploads\/2018\/04\/4-5-67x94.jpg 67w, https:\/\/www.rivera.gub.uy\/portal\/wp-content\/uploads\/2018\/04\/4-5-134x188.jpg 134w, https:\/\/www.rivera.gub.uy\/portal\/wp-content\/uploads\/2018\/04\/4-5-768x1075.jpg 768w, https:\/\/www.rivera.gub.uy\/portal\/wp-content\/uploads\/2018\/04\/4-5-447x626.jpg 447w, https:\/\/www.rivera.gub.uy\/portal\/wp-content\/uploads\/2018\/04\/4-5-820x1148.jpg 820w, https:\/\/www.rivera.gub.uy\/portal\/wp-content\/uploads\/2018\/04\/4-5.jpg 1800w\" sizes=\"auto, (max-width: 67px) 100vw, 67px\" \/><\/a>\n\t\t\t<\/div><\/figure><figure class='gallery-item'>\n\t\t\t<div class='gallery-icon portrait'>\n\t\t\t\t<a href='https:\/\/www.rivera.gub.uy\/portal\/wp-content\/uploads\/2018\/04\/5-4.jpg'><img loading=\"lazy\" decoding=\"async\" width=\"67\" height=\"94\" src=\"https:\/\/www.rivera.gub.uy\/portal\/wp-content\/uploads\/2018\/04\/5-4-67x94.jpg\" class=\"attachment-thumbnail size-thumbnail\" alt=\"\" srcset=\"https:\/\/www.rivera.gub.uy\/portal\/wp-content\/uploads\/2018\/04\/5-4-67x94.jpg 67w, https:\/\/www.rivera.gub.uy\/portal\/wp-content\/uploads\/2018\/04\/5-4-134x188.jpg 134w, https:\/\/www.rivera.gub.uy\/portal\/wp-content\/uploads\/2018\/04\/5-4-768x1075.jpg 768w, https:\/\/www.rivera.gub.uy\/portal\/wp-content\/uploads\/2018\/04\/5-4-447x626.jpg 447w, https:\/\/www.rivera.gub.uy\/portal\/wp-content\/uploads\/2018\/04\/5-4-820x1148.jpg 820w, https:\/\/www.rivera.gub.uy\/portal\/wp-content\/uploads\/2018\/04\/5-4.jpg 1800w\" sizes=\"auto, (max-width: 67px) 100vw, 67px\" \/><\/a>\n\t\t\t<\/div><\/figure><figure class='gallery-item'>\n\t\t\t<div class='gallery-icon landscape'>\n\t\t\t\t<a href='https:\/\/www.rivera.gub.uy\/portal\/wp-content\/uploads\/2018\/04\/6-2.jpg'><img loading=\"lazy\" decoding=\"async\" width=\"132\" height=\"94\" src=\"https:\/\/www.rivera.gub.uy\/portal\/wp-content\/uploads\/2018\/04\/6-2-132x94.jpg\" class=\"attachment-thumbnail size-thumbnail\" alt=\"\" srcset=\"https:\/\/www.rivera.gub.uy\/portal\/wp-content\/uploads\/2018\/04\/6-2-132x94.jpg 132w, https:\/\/www.rivera.gub.uy\/portal\/wp-content\/uploads\/2018\/04\/6-2-263x188.jpg 263w, https:\/\/www.rivera.gub.uy\/portal\/wp-content\/uploads\/2018\/04\/6-2-768x549.jpg 768w, https:\/\/www.rivera.gub.uy\/portal\/wp-content\/uploads\/2018\/04\/6-2-876x626.jpg 876w, https:\/\/www.rivera.gub.uy\/portal\/wp-content\/uploads\/2018\/04\/6-2-820x586.jpg 820w\" sizes=\"auto, (max-width: 132px) 100vw, 132px\" \/><\/a>\n\t\t\t<\/div><\/figure><figure class='gallery-item'>\n\t\t\t<div class='gallery-icon landscape'>\n\t\t\t\t<a href='https:\/\/www.rivera.gub.uy\/portal\/wp-content\/uploads\/2018\/04\/7-2.jpg'><img loading=\"lazy\" decoding=\"async\" width=\"132\" height=\"94\" src=\"https:\/\/www.rivera.gub.uy\/portal\/wp-content\/uploads\/2018\/04\/7-2-132x94.jpg\" class=\"attachment-thumbnail size-thumbnail\" alt=\"\" srcset=\"https:\/\/www.rivera.gub.uy\/portal\/wp-content\/uploads\/2018\/04\/7-2-132x94.jpg 132w, https:\/\/www.rivera.gub.uy\/portal\/wp-content\/uploads\/2018\/04\/7-2-263x188.jpg 263w, https:\/\/www.rivera.gub.uy\/portal\/wp-content\/uploads\/2018\/04\/7-2-768x549.jpg 768w, https:\/\/www.rivera.gub.uy\/portal\/wp-content\/uploads\/2018\/04\/7-2-876x626.jpg 876w, https:\/\/www.rivera.gub.uy\/portal\/wp-content\/uploads\/2018\/04\/7-2-820x586.jpg 820w\" sizes=\"auto, (max-width: 132px) 100vw, 132px\" \/><\/a>\n\t\t\t<\/div><\/figure><figure class='gallery-item'>\n\t\t\t<div class='gallery-icon landscape'>\n\t\t\t\t<a href='https:\/\/www.rivera.gub.uy\/portal\/wp-content\/uploads\/2018\/04\/8-2.jpg'><img loading=\"lazy\" decoding=\"async\" width=\"132\" height=\"94\" src=\"https:\/\/www.rivera.gub.uy\/portal\/wp-content\/uploads\/2018\/04\/8-2-132x94.jpg\" class=\"attachment-thumbnail size-thumbnail\" alt=\"\" srcset=\"https:\/\/www.rivera.gub.uy\/portal\/wp-content\/uploads\/2018\/04\/8-2-132x94.jpg 132w, https:\/\/www.rivera.gub.uy\/portal\/wp-content\/uploads\/2018\/04\/8-2-263x188.jpg 263w, https:\/\/www.rivera.gub.uy\/portal\/wp-content\/uploads\/2018\/04\/8-2-768x549.jpg 768w, https:\/\/www.rivera.gub.uy\/portal\/wp-content\/uploads\/2018\/04\/8-2-876x626.jpg 876w, https:\/\/www.rivera.gub.uy\/portal\/wp-content\/uploads\/2018\/04\/8-2-820x586.jpg 820w\" sizes=\"auto, (max-width: 132px) 100vw, 132px\" \/><\/a>\n\t\t\t<\/div><\/figure>\n\t\t<\/div>\n\n","protected":false},"excerpt":{"rendered":"<p>En horas de la tarde del d\u00eda 11 de abril, el Sr. Intendente Departamental, Dr. Marne Osorio, acompa\u00f1ado por el Sec. Gral. de la IDR. Cr. Richard Sander y el Dir. Gral. de Promoci\u00f3n y Acci\u00f3n Social, Cr. Giovani Conti, realizaron una visita al local del Centro barrial &#8211; Paso de la Estiba -, donde [&hellip;]<\/p>\n","protected":false},"author":7,"featured_media":5004,"comment_status":"open","ping_status":"open","sticky":false,"template":"","format":"standard","meta":{"footnotes":""},"categories":[1],"tags":[616,474,473,622,345,114,36,475,623,33],"class_list":["post-5002","post","type-post","status-publish","format-standard","has-post-thumbnail","hentry","category-novedades","tag-capacitacion","tag-centro-barrial","tag-curso","tag-decoupage","tag-dgpas","tag-idr","tag-intendencia","tag-la-estiba","tag-reciclado","tag-rivera"],"_links":{"self":[{"href":"https:\/\/www.rivera.gub.uy\/portal\/wp-json\/wp\/v2\/posts\/5002","targetHints":{"allow":["GET"]}}],"collection":[{"href":"https:\/\/www.rivera.gub.uy\/portal\/wp-json\/wp\/v2\/posts"}],"about":[{"href":"https:\/\/www.rivera.gub.uy\/portal\/wp-json\/wp\/v2\/types\/post"}],"author":[{"embeddable":true,"href":"https:\/\/www.rivera.gub.uy\/portal\/wp-json\/wp\/v2\/users\/7"}],"replies":[{"embeddable":true,"href":"https:\/\/www.rivera.gub.uy\/portal\/wp-json\/wp\/v2\/comments?post=5002"}],"version-history":[{"count":5,"href":"https:\/\/www.rivera.gub.uy\/portal\/wp-json\/wp\/v2\/posts\/5002\/revisions"}],"predecessor-version":[{"id":5015,"href":"https:\/\/www.rivera.gub.uy\/portal\/wp-json\/wp\/v2\/posts\/5002\/revisions\/5015"}],"wp:featuredmedia":[{"embeddable":true,"href":"https:\/\/www.rivera.gub.uy\/portal\/wp-json\/wp\/v2\/media\/5004"}],"wp:attachment":[{"href":"https:\/\/www.rivera.gub.uy\/portal\/wp-json\/wp\/v2\/media?parent=5002"}],"wp:term":[{"taxonomy":"category","embeddable":true,"href":"https:\/\/www.rivera.gub.uy\/portal\/wp-json\/wp\/v2\/categories?post=5002"},{"taxonomy":"post_tag","embeddable":true,"href":"https:\/\/www.rivera.gub.uy\/portal\/wp-json\/wp\/v2\/tags?post=5002"}],"curies":[{"name":"wp","href":"https:\/\/api.w.org\/{rel}","templated":true}]}}