{"id":50182,"date":"2024-05-07T08:24:31","date_gmt":"2024-05-07T11:24:31","guid":{"rendered":"https:\/\/www.rivera.gub.uy\/portal\/?p=50182"},"modified":"2024-05-07T08:32:40","modified_gmt":"2024-05-07T11:32:40","slug":"llamado-abierto-para-tecnico-economico-y-social","status":"publish","type":"post","link":"https:\/\/www.rivera.gub.uy\/portal\/llamado-abierto-para-tecnico-economico-y-social\/","title":{"rendered":"Llamado abierto para t\u00e9cnico econ\u00f3mico y social"},"content":{"rendered":"<p>Perfil requerido: profesional, t\u00e9cnico universitario o estudiante avanzado.<!--more--><\/p>\n<p>Puestos en total: 2<\/p>\n<p>Per\u00edodo de inscripci\u00f3n: recepci\u00f3n de C.V a trav\u00e9s de la casilla de correo: <a href=\"mailto:curriculumvitae.idr@gmail.com\">curriculumvitae.idr@gmail.com<\/a> a partir del martes 07 al 17 de mayo del 2024 (inclusive).<\/p>\n<p>Asunto del e-mail: \u201cllamado t\u00e9cnico econ\u00f3mico y social\u201d<\/p>\n<p>Es obligatoria la lectura completa del TDR y el documento adjunto.<\/p>\n<p>&nbsp;<\/p>\n<p>TDR (<a href=\"https:\/\/www.rivera.gub.uy\/portal\/wp-content\/uploads\/2024\/05\/tdr-llamado-tecnico-economico.pdf\" target=\"_blank\" rel=\"noopener noreferrer\">descargar<\/a>)<\/p>\n<p>Documento (<a href=\"https:\/\/www.rivera.gub.uy\/portal\/wp-content\/uploads\/2024\/05\/llamado-tecnico-economico-doc_compressed.pdf\" target=\"_blank\" rel=\"noopener noreferrer\">descargar<\/a>)<\/p>\n","protected":false},"excerpt":{"rendered":"<p>Perfil requerido: profesional, t\u00e9cnico universitario o estudiante avanzado.<\/p>\n","protected":false},"author":7,"featured_media":32846,"comment_status":"open","ping_status":"open","sticky":false,"template":"","format":"standard","meta":{"footnotes":""},"categories":[8,1],"tags":[1330,241,1329],"class_list":["post-50182","post","type-post","status-publish","format-standard","has-post-thumbnail","hentry","category-llamados-a-concursos","category-novedades","tag-emprendimientos","tag-llamado","tag-profesional"],"_links":{"self":[{"href":"https:\/\/www.rivera.gub.uy\/portal\/wp-json\/wp\/v2\/posts\/50182","targetHints":{"allow":["GET"]}}],"collection":[{"href":"https:\/\/www.rivera.gub.uy\/portal\/wp-json\/wp\/v2\/posts"}],"about":[{"href":"https:\/\/www.rivera.gub.uy\/portal\/wp-json\/wp\/v2\/types\/post"}],"author":[{"embeddable":true,"href":"https:\/\/www.rivera.gub.uy\/portal\/wp-json\/wp\/v2\/users\/7"}],"replies":[{"embeddable":true,"href":"https:\/\/www.rivera.gub.uy\/portal\/wp-json\/wp\/v2\/comments?post=50182"}],"version-history":[{"count":3,"href":"https:\/\/www.rivera.gub.uy\/portal\/wp-json\/wp\/v2\/posts\/50182\/revisions"}],"predecessor-version":[{"id":50188,"href":"https:\/\/www.rivera.gub.uy\/portal\/wp-json\/wp\/v2\/posts\/50182\/revisions\/50188"}],"wp:featuredmedia":[{"embeddable":true,"href":"https:\/\/www.rivera.gub.uy\/portal\/wp-json\/wp\/v2\/media\/32846"}],"wp:attachment":[{"href":"https:\/\/www.rivera.gub.uy\/portal\/wp-json\/wp\/v2\/media?parent=50182"}],"wp:term":[{"taxonomy":"category","embeddable":true,"href":"https:\/\/www.rivera.gub.uy\/portal\/wp-json\/wp\/v2\/categories?post=50182"},{"taxonomy":"post_tag","embeddable":true,"href":"https:\/\/www.rivera.gub.uy\/portal\/wp-json\/wp\/v2\/tags?post=50182"}],"curies":[{"name":"wp","href":"https:\/\/api.w.org\/{rel}","templated":true}]}}