{"id":50193,"date":"2024-05-07T15:17:34","date_gmt":"2024-05-07T18:17:34","guid":{"rendered":"https:\/\/www.rivera.gub.uy\/portal\/?p=50193"},"modified":"2024-05-07T15:17:57","modified_gmt":"2024-05-07T18:17:57","slug":"lanzamiento-binacional-mayo-amarillo","status":"publish","type":"post","link":"https:\/\/www.rivera.gub.uy\/portal\/lanzamiento-binacional-mayo-amarillo\/","title":{"rendered":"Lanzamiento binacional &#8220;Mayo Amarillo&#8221;"},"content":{"rendered":"<p>\u201cLa paz en el tr\u00e1nsito, comienza contigo\u201d<\/p>\n<p>En conferencia de prensa el lunes 6 de mayo se realiz\u00f3 como cada a\u00f1o el lanzamiento del movimiento \u201cMayo Amarillo\u201d, bajo el slogan 2024 \u201cLa paz en el tr\u00e1nsito, comienza Contigo\u201d, en su s\u00e9ptima edici\u00f3n en Uruguay.<!--more--><\/p>\n<p>Recordamos que dicho movimiento se origin\u00f3 en Brasil para promover distintas acciones que nos haga reflexionar sobre la cantidad de personas fallecidas y lesionadas por siniestros de tr\u00e1nsito, de los cuales se puede prevenir.<\/p>\n<p>Estaba presente el director General de Tr\u00e1nsito y Transporte, la Inspectora de Primaria, representantes de direcci\u00f3n de Tr\u00e1nsito de Sant\u00b4Ana do Livramento, de Clubes de servicio( Club Rotary Rivera Chico); LICIDERI, Empresas de seguros, prensa y p\u00fablico en general.<\/p>\n<p>Se busca concientizar a la poblaci\u00f3n desde el peat\u00f3n y ciclista a respetar las normas de tr\u00e1nsito en la frontera, con las actividades previstas en el marco de Mayo Amarillo.<\/p>\n<p>Las actividades se realizan la primera semana en la ciudad de Tranqueras, el s\u00e1bado 11 ciclopaseo, y domingo 12 la actividad deportiva se centra en una carrera organizada por la IDR, la Liga de Ciclismo departamental de Rivera (LICIDERI) y el Club Rotary Rivera Chico.<\/p>\n<div id='gallery-1' class='gallery galleryid-50193 gallery-columns-4 gallery-size-thumbnail'><figure class='gallery-item'>\n\t\t\t<div class='gallery-icon landscape'>\n\t\t\t\t<a href='https:\/\/www.rivera.gub.uy\/portal\/wp-content\/uploads\/2024\/05\/mayo-amarillo.jpg'><img loading=\"lazy\" decoding=\"async\" width=\"141\" height=\"94\" src=\"https:\/\/www.rivera.gub.uy\/portal\/wp-content\/uploads\/2024\/05\/mayo-amarillo-141x94.jpg\" class=\"attachment-thumbnail size-thumbnail\" alt=\"\" srcset=\"https:\/\/www.rivera.gub.uy\/portal\/wp-content\/uploads\/2024\/05\/mayo-amarillo-141x94.jpg 141w, https:\/\/www.rivera.gub.uy\/portal\/wp-content\/uploads\/2024\/05\/mayo-amarillo-282x188.jpg 282w, https:\/\/www.rivera.gub.uy\/portal\/wp-content\/uploads\/2024\/05\/mayo-amarillo-768x512.jpg 768w, https:\/\/www.rivera.gub.uy\/portal\/wp-content\/uploads\/2024\/05\/mayo-amarillo-939x626.jpg 939w, https:\/\/www.rivera.gub.uy\/portal\/wp-content\/uploads\/2024\/05\/mayo-amarillo-600x400.jpg 600w, https:\/\/www.rivera.gub.uy\/portal\/wp-content\/uploads\/2024\/05\/mayo-amarillo-820x547.jpg 820w, https:\/\/www.rivera.gub.uy\/portal\/wp-content\/uploads\/2024\/05\/mayo-amarillo-272x182.jpg 272w\" sizes=\"auto, (max-width: 141px) 100vw, 141px\" \/><\/a>\n\t\t\t<\/div><\/figure><figure class='gallery-item'>\n\t\t\t<div class='gallery-icon landscape'>\n\t\t\t\t<a href='https:\/\/www.rivera.gub.uy\/portal\/wp-content\/uploads\/2024\/05\/mayo-amarillo-2.jpg'><img loading=\"lazy\" decoding=\"async\" width=\"141\" height=\"94\" src=\"https:\/\/www.rivera.gub.uy\/portal\/wp-content\/uploads\/2024\/05\/mayo-amarillo-2-141x94.jpg\" class=\"attachment-thumbnail size-thumbnail\" alt=\"\" srcset=\"https:\/\/www.rivera.gub.uy\/portal\/wp-content\/uploads\/2024\/05\/mayo-amarillo-2-141x94.jpg 141w, https:\/\/www.rivera.gub.uy\/portal\/wp-content\/uploads\/2024\/05\/mayo-amarillo-2-282x188.jpg 282w, https:\/\/www.rivera.gub.uy\/portal\/wp-content\/uploads\/2024\/05\/mayo-amarillo-2-768x512.jpg 768w, https:\/\/www.rivera.gub.uy\/portal\/wp-content\/uploads\/2024\/05\/mayo-amarillo-2-939x626.jpg 939w, https:\/\/www.rivera.gub.uy\/portal\/wp-content\/uploads\/2024\/05\/mayo-amarillo-2-600x400.jpg 600w, https:\/\/www.rivera.gub.uy\/portal\/wp-content\/uploads\/2024\/05\/mayo-amarillo-2-820x547.jpg 820w, https:\/\/www.rivera.gub.uy\/portal\/wp-content\/uploads\/2024\/05\/mayo-amarillo-2-272x182.jpg 272w\" sizes=\"auto, (max-width: 141px) 100vw, 141px\" \/><\/a>\n\t\t\t<\/div><\/figure><figure class='gallery-item'>\n\t\t\t<div class='gallery-icon landscape'>\n\t\t\t\t<a href='https:\/\/www.rivera.gub.uy\/portal\/wp-content\/uploads\/2024\/05\/mayo-amarillo-3.jpg'><img loading=\"lazy\" decoding=\"async\" width=\"141\" height=\"94\" src=\"https:\/\/www.rivera.gub.uy\/portal\/wp-content\/uploads\/2024\/05\/mayo-amarillo-3-141x94.jpg\" class=\"attachment-thumbnail size-thumbnail\" alt=\"\" srcset=\"https:\/\/www.rivera.gub.uy\/portal\/wp-content\/uploads\/2024\/05\/mayo-amarillo-3-141x94.jpg 141w, https:\/\/www.rivera.gub.uy\/portal\/wp-content\/uploads\/2024\/05\/mayo-amarillo-3-282x188.jpg 282w, https:\/\/www.rivera.gub.uy\/portal\/wp-content\/uploads\/2024\/05\/mayo-amarillo-3-768x512.jpg 768w, https:\/\/www.rivera.gub.uy\/portal\/wp-content\/uploads\/2024\/05\/mayo-amarillo-3-939x626.jpg 939w, https:\/\/www.rivera.gub.uy\/portal\/wp-content\/uploads\/2024\/05\/mayo-amarillo-3-600x400.jpg 600w, https:\/\/www.rivera.gub.uy\/portal\/wp-content\/uploads\/2024\/05\/mayo-amarillo-3-820x547.jpg 820w, https:\/\/www.rivera.gub.uy\/portal\/wp-content\/uploads\/2024\/05\/mayo-amarillo-3-272x182.jpg 272w\" sizes=\"auto, (max-width: 141px) 100vw, 141px\" \/><\/a>\n\t\t\t<\/div><\/figure><figure class='gallery-item'>\n\t\t\t<div class='gallery-icon landscape'>\n\t\t\t\t<a href='https:\/\/www.rivera.gub.uy\/portal\/wp-content\/uploads\/2024\/05\/mayo-amarillo-4.jpg'><img loading=\"lazy\" decoding=\"async\" width=\"150\" height=\"83\" src=\"https:\/\/www.rivera.gub.uy\/portal\/wp-content\/uploads\/2024\/05\/mayo-amarillo-4-150x83.jpg\" class=\"attachment-thumbnail size-thumbnail\" alt=\"mayo amarillo\" srcset=\"https:\/\/www.rivera.gub.uy\/portal\/wp-content\/uploads\/2024\/05\/mayo-amarillo-4-150x83.jpg 150w, https:\/\/www.rivera.gub.uy\/portal\/wp-content\/uploads\/2024\/05\/mayo-amarillo-4-300x167.jpg 300w, https:\/\/www.rivera.gub.uy\/portal\/wp-content\/uploads\/2024\/05\/mayo-amarillo-4-768x427.jpg 768w, https:\/\/www.rivera.gub.uy\/portal\/wp-content\/uploads\/2024\/05\/mayo-amarillo-4-1000x556.jpg 1000w, https:\/\/www.rivera.gub.uy\/portal\/wp-content\/uploads\/2024\/05\/mayo-amarillo-4-820x456.jpg 820w\" sizes=\"auto, (max-width: 150px) 100vw, 150px\" \/><\/a>\n\t\t\t<\/div><\/figure>\n\t\t<\/div>\n\n","protected":false},"excerpt":{"rendered":"<p>\u201cLa paz en el tr\u00e1nsito, comienza contigo\u201d En conferencia de prensa el lunes 6 de mayo se realiz\u00f3 como cada a\u00f1o el lanzamiento del movimiento \u201cMayo Amarillo\u201d, bajo el slogan 2024 \u201cLa paz en el tr\u00e1nsito, comienza Contigo\u201d, en su s\u00e9ptima edici\u00f3n en Uruguay.<\/p>\n","protected":false},"author":7,"featured_media":50197,"comment_status":"open","ping_status":"open","sticky":false,"template":"","format":"standard","meta":{"footnotes":""},"categories":[1],"tags":[],"class_list":["post-50193","post","type-post","status-publish","format-standard","has-post-thumbnail","hentry","category-novedades"],"_links":{"self":[{"href":"https:\/\/www.rivera.gub.uy\/portal\/wp-json\/wp\/v2\/posts\/50193","targetHints":{"allow":["GET"]}}],"collection":[{"href":"https:\/\/www.rivera.gub.uy\/portal\/wp-json\/wp\/v2\/posts"}],"about":[{"href":"https:\/\/www.rivera.gub.uy\/portal\/wp-json\/wp\/v2\/types\/post"}],"author":[{"embeddable":true,"href":"https:\/\/www.rivera.gub.uy\/portal\/wp-json\/wp\/v2\/users\/7"}],"replies":[{"embeddable":true,"href":"https:\/\/www.rivera.gub.uy\/portal\/wp-json\/wp\/v2\/comments?post=50193"}],"version-history":[{"count":1,"href":"https:\/\/www.rivera.gub.uy\/portal\/wp-json\/wp\/v2\/posts\/50193\/revisions"}],"predecessor-version":[{"id":50198,"href":"https:\/\/www.rivera.gub.uy\/portal\/wp-json\/wp\/v2\/posts\/50193\/revisions\/50198"}],"wp:featuredmedia":[{"embeddable":true,"href":"https:\/\/www.rivera.gub.uy\/portal\/wp-json\/wp\/v2\/media\/50197"}],"wp:attachment":[{"href":"https:\/\/www.rivera.gub.uy\/portal\/wp-json\/wp\/v2\/media?parent=50193"}],"wp:term":[{"taxonomy":"category","embeddable":true,"href":"https:\/\/www.rivera.gub.uy\/portal\/wp-json\/wp\/v2\/categories?post=50193"},{"taxonomy":"post_tag","embeddable":true,"href":"https:\/\/www.rivera.gub.uy\/portal\/wp-json\/wp\/v2\/tags?post=50193"}],"curies":[{"name":"wp","href":"https:\/\/api.w.org\/{rel}","templated":true}]}}