{"id":5039,"date":"2018-04-19T09:40:06","date_gmt":"2018-04-19T12:40:06","guid":{"rendered":"http:\/\/www.rivera.gub.uy\/portal\/?p=5039"},"modified":"2018-05-29T12:38:51","modified_gmt":"2018-05-29T15:38:51","slug":"eleccion-de-comisiones-vecinales-2018","status":"publish","type":"post","link":"https:\/\/www.rivera.gub.uy\/portal\/eleccion-de-comisiones-vecinales-2018\/","title":{"rendered":"Elecci\u00f3n de Comisiones Vecinales 2018"},"content":{"rendered":"<p>Este domingo 22 de abril, se realizar\u00e1 una nueva jornada de\u00a0elecci\u00f3n de comisiones vecinales de Rivera.<\/p>\n<p>Acercate al local de votaci\u00f3n m\u00e1s cercano y particip\u00e1!<\/p>\n<p>&nbsp;<\/p>\n<table style=\"height: 3428px;width: 342px\" cellspacing=\"0\" cellpadding=\"3\">\n<caption>\u00a0<\/caption>\n<colgroup>\n<col width=\"206\" \/>\n<col width=\"189\" \/>\n<col width=\"4355\" \/>\n<col width=\"189\" \/>\n<col width=\"4356\" \/> <\/colgroup>\n<tbody>\n<tr>\n<td width=\"206\">\n<p class=\"western\" lang=\"es-UY\" align=\"left\"><strong><span style=\"font-size: medium\">Barrio<\/span><\/strong><\/p>\n<\/td>\n<td colspan=\"3\" width=\"189\">\n<p class=\"western\" lang=\"es-UY\" align=\"left\"><strong><span style=\"font-size: medium\">Local de votaci\u00f3n<\/span><\/strong><\/p>\n<\/td>\n<td style=\"width: 4356px;vertical-align: middle\" width=\"4356\">\u00a0<strong>Listas por barrio<\/strong><\/td>\n<\/tr>\n<tr>\n<td width=\"206\">\n<p class=\"western\" lang=\"es-UY\" align=\"left\">Cerro Marconi<\/p>\n<\/td>\n<td colspan=\"2\" width=\"189\">\n<p class=\"western\" lang=\"es-UY\" align=\"left\">Comunal<br \/>\n(Rod\u00f3 1465)<\/p>\n<\/td>\n<td colspan=\"2\" width=\"189\"><a href=\"http:\/\/www.rivera.gub.uy\/portal\/wp-content\/uploads\/2018\/04\/28-cerro-marconi.jpg\" target=\"_blank\" rel=\"noopener\">Ver lista<\/a><\/p>\n<p class=\"western\" lang=\"es-UY\" align=\"left\">\n<\/td>\n<\/tr>\n<tr>\n<td width=\"206\">\n<p class=\"western\" lang=\"es-UY\" align=\"left\">Si\u00f1eriz<\/p>\n<\/td>\n<td colspan=\"2\" width=\"189\">\n<p class=\"western\" lang=\"es-UY\" align=\"left\">Escuela N\u00ba 113<\/p>\n<\/td>\n<td colspan=\"2\" width=\"189\">\n<p class=\"western\" lang=\"es-UY\" align=\"left\"><a href=\"http:\/\/www.rivera.gub.uy\/portal\/wp-content\/uploads\/2018\/04\/2014-si\u00f1eriz.jpg\" target=\"_blank\" rel=\"noopener\">Ver lista<\/a><\/p>\n<\/td>\n<\/tr>\n<tr>\n<td width=\"206\">\n<p class=\"western\" lang=\"es-UY\" align=\"left\">Cerro Caqueiro<\/p>\n<\/td>\n<td colspan=\"2\" width=\"189\">\n<p class=\"western\" lang=\"es-UY\" align=\"left\">Minuano -Proyectada 2<\/p>\n<\/td>\n<td colspan=\"2\" width=\"189\">\n<p class=\"western\" lang=\"es-UY\" align=\"left\"><a href=\"http:\/\/www.rivera.gub.uy\/portal\/wp-content\/uploads\/2018\/04\/26-cerro-caqueiro.jpg\" target=\"_blank\" rel=\"noopener\">Ver lista<\/a><\/p>\n<\/td>\n<\/tr>\n<tr>\n<td width=\"206\">\n<p class=\"western\" lang=\"es-UY\" align=\"left\">Ceballos<\/p>\n<\/td>\n<td colspan=\"2\" width=\"189\">\n<p class=\"western\" lang=\"es-UY\" align=\"left\">Sal\u00f3n \u201cARCO IRIS\u201d<\/p>\n<\/td>\n<td colspan=\"2\" width=\"189\">\n<p class=\"western\" lang=\"es-UY\" align=\"left\"><a href=\"http:\/\/www.rivera.gub.uy\/portal\/wp-content\/uploads\/2018\/04\/ceballos-01.jpg\" target=\"_blank\" rel=\"noopener\">Ver listas<\/a><\/p>\n<\/td>\n<\/tr>\n<tr>\n<td width=\"206\">\n<p class=\"western\" lang=\"es-UY\" align=\"left\">Magisterial<\/p>\n<\/td>\n<td colspan=\"2\" width=\"189\">\n<p class=\"western\" lang=\"es-UY\" align=\"left\">Sal\u00f3n \u201cARCO IRIS\u201d<\/p>\n<\/td>\n<td colspan=\"2\" width=\"189\">\n<p class=\"western\" lang=\"es-UY\" align=\"left\"><a href=\"http:\/\/www.rivera.gub.uy\/portal\/wp-content\/uploads\/2018\/04\/magisterial.jpg\" target=\"_blank\" rel=\"noopener\">Ver listas<\/a><\/p>\n<\/td>\n<\/tr>\n<tr>\n<td width=\"206\">\n<p class=\"western\" lang=\"es-UY\" align=\"left\">Los Pirineos<\/p>\n<\/td>\n<td colspan=\"2\" width=\"189\">\n<p class=\"western\" lang=\"es-UY\" align=\"left\">Sal\u00f3n Comunal<\/p>\n<\/td>\n<td colspan=\"2\" width=\"189\">\n<p class=\"western\" lang=\"es-UY\" align=\"left\"><a href=\"http:\/\/www.rivera.gub.uy\/portal\/wp-content\/uploads\/2018\/04\/los-pirineos-01.jpg\" target=\"_blank\" rel=\"noopener\">Ver listas<\/a><\/p>\n<\/td>\n<\/tr>\n<tr>\n<td width=\"206\">\n<p class=\"western\" lang=\"es-UY\" align=\"left\">Pueblo Nuevo<\/p>\n<\/td>\n<td colspan=\"2\" width=\"189\">\n<p class=\"western\" lang=\"es-UY\" align=\"left\">Club Artigas<\/p>\n<\/td>\n<td colspan=\"2\" width=\"189\">\n<p class=\"western\" lang=\"es-UY\" align=\"left\"><a href=\"http:\/\/www.rivera.gub.uy\/portal\/wp-content\/uploads\/2018\/04\/pueblo-nuevo-01.jpg\" target=\"_blank\" rel=\"noopener\">Ver listas<\/a><\/p>\n<p lang=\"es-UY\" align=\"left\"><a href=\"http:\/\/www.rivera.gub.uy\/portal\/wp-content\/uploads\/2018\/04\/13-pueblo-nuevo.jpg\" target=\"_blank\" rel=\"noopener\">Ver lista<\/a><\/p>\n<\/td>\n<\/tr>\n<tr>\n<td width=\"206\">\n<p class=\"western\" lang=\"es-UY\" align=\"left\">Rampla<\/p>\n<\/td>\n<td colspan=\"2\" width=\"189\">\n<p class=\"western\" lang=\"es-UY\" align=\"left\">Club Rampla<\/p>\n<\/td>\n<td colspan=\"2\" width=\"189\">\n<p class=\"western\" lang=\"es-UY\" align=\"left\"><a href=\"http:\/\/www.rivera.gub.uy\/portal\/wp-content\/uploads\/2018\/04\/555-rampla.jpg\" target=\"_blank\" rel=\"noopener\">Ver lista<\/a><\/p>\n<\/td>\n<\/tr>\n<tr>\n<td width=\"206\">\n<p class=\"western\" lang=\"es-UY\" align=\"left\">Insausti<\/p>\n<\/td>\n<td colspan=\"2\" width=\"189\">\n<p class=\"western\" lang=\"es-UY\" align=\"left\">Escuela N\u00ba 110<\/p>\n<\/td>\n<td colspan=\"2\" width=\"189\">\n<p class=\"western\" lang=\"es-UY\" align=\"left\"><a href=\"http:\/\/www.rivera.gub.uy\/portal\/wp-content\/uploads\/2018\/04\/110-insausti.jpg\" target=\"_blank\" rel=\"noopener\">Ver lista<\/a><\/p>\n<\/td>\n<\/tr>\n<tr>\n<td width=\"206\">\n<p class=\"western\" lang=\"es-UY\" align=\"left\">Bella Vista<br \/>\n(Cerro del Estado)<\/p>\n<\/td>\n<td colspan=\"2\" width=\"189\">\n<p class=\"western\" lang=\"es-UY\" align=\"left\">Oficina Gesti\u00f3n Social y Urbana IDR (Obrador)<\/p>\n<\/td>\n<td colspan=\"2\" width=\"189\">\n<p class=\"western\" lang=\"es-UY\" align=\"left\"><a href=\"http:\/\/www.rivera.gub.uy\/portal\/wp-content\/uploads\/2018\/04\/55-bella-vista.jpg\" target=\"_blank\" rel=\"noopener\">Ver lista<\/a><\/p>\n<p lang=\"es-UY\" align=\"left\"><a href=\"http:\/\/www.rivera.gub.uy\/portal\/wp-content\/uploads\/2018\/04\/713-BELLA-VISTA.jpg\" target=\"_blank\" rel=\"noopener\">Ver lista<\/a><\/p>\n<\/td>\n<\/tr>\n<tr>\n<td width=\"206\">\n<p class=\"western\" lang=\"es-UY\" align=\"left\">Bisio<\/p>\n<\/td>\n<td colspan=\"2\" width=\"189\">\n<p class=\"western\" lang=\"es-UY\" align=\"left\">Escuela N\u00ba 112<\/p>\n<\/td>\n<td colspan=\"2\" width=\"189\">\n<p class=\"western\" lang=\"es-UY\" align=\"left\"><a href=\"http:\/\/www.rivera.gub.uy\/portal\/wp-content\/uploads\/2018\/04\/bisio.jpg\" target=\"_blank\" rel=\"noopener\">Ver listas<\/a><\/p>\n<\/td>\n<\/tr>\n<tr>\n<td width=\"206\">\n<p class=\"western\" lang=\"es-UY\" align=\"left\">La Racca<\/p>\n<\/td>\n<td colspan=\"2\" width=\"189\">\n<p class=\"western\" lang=\"es-UY\" align=\"left\">Plaza del Barrio (CARPA)<\/p>\n<\/td>\n<td colspan=\"2\" width=\"189\">\n<p class=\"western\" lang=\"es-UY\" align=\"left\"><a href=\"http:\/\/www.rivera.gub.uy\/portal\/wp-content\/uploads\/2018\/04\/1-la-racca.jpg\" target=\"_blank\" rel=\"noopener\">Ver lista<\/a><\/p>\n<\/td>\n<\/tr>\n<tr>\n<td width=\"206\">\n<p class=\"western\" lang=\"es-UY\" align=\"left\">La Pedrera<\/p>\n<\/td>\n<td colspan=\"2\" width=\"189\">\n<p class=\"western\" lang=\"es-UY\" align=\"left\">Escuela N\u00ba 94<\/p>\n<\/td>\n<td colspan=\"2\" width=\"189\">\n<p class=\"western\" lang=\"es-UY\" align=\"left\"><a href=\"http:\/\/www.rivera.gub.uy\/portal\/wp-content\/uploads\/2018\/04\/1010-la-pedrera.jpg\" target=\"_blank\" rel=\"noopener\">Ver lista<\/a><\/p>\n<p lang=\"es-UY\" align=\"left\"><a href=\"http:\/\/www.rivera.gub.uy\/portal\/wp-content\/uploads\/2018\/04\/9-la-pedrera.jpg\" target=\"_blank\" rel=\"noopener\">Ver lista<\/a><\/p>\n<\/td>\n<\/tr>\n<tr>\n<td width=\"206\">\n<p class=\"western\" lang=\"es-UY\" align=\"left\">La Virgencita<\/p>\n<\/td>\n<td colspan=\"2\" width=\"189\">\n<p class=\"western\" lang=\"es-UY\" align=\"left\">Sal\u00f3n Comunal<\/p>\n<\/td>\n<td colspan=\"2\" width=\"189\">\n<p class=\"western\" lang=\"es-UY\" align=\"left\"><a href=\"http:\/\/www.rivera.gub.uy\/portal\/wp-content\/uploads\/2018\/04\/1-la-virgencita.jpg\" target=\"_blank\" rel=\"noopener\">Ver lista<\/a><\/p>\n<\/td>\n<\/tr>\n<tr>\n<td width=\"206\">\n<p class=\"western\" lang=\"es-UY\" align=\"left\">Mandub\u00ed<\/p>\n<\/td>\n<td colspan=\"2\" width=\"189\">\n<p class=\"western\" lang=\"es-UY\" align=\"left\">Escuela N\u00ba 128<\/p>\n<\/td>\n<td colspan=\"2\" width=\"189\">\n<p class=\"western\" lang=\"es-UY\" align=\"left\"><a href=\"http:\/\/www.rivera.gub.uy\/portal\/wp-content\/uploads\/2018\/04\/mandubi-01.jpg\" target=\"_blank\" rel=\"noopener\">Ver listas<\/a><\/p>\n<p lang=\"es-UY\" align=\"left\"><a href=\"http:\/\/www.rivera.gub.uy\/portal\/wp-content\/uploads\/2018\/04\/13-mandubi.jpg\" target=\"_blank\" rel=\"noopener\">Ver lista<\/a><\/p>\n<\/td>\n<\/tr>\n<tr>\n<td width=\"206\">\n<p class=\"western\" lang=\"es-UY\" align=\"left\">Santa Teresa<\/p>\n<\/td>\n<td colspan=\"2\" width=\"189\">\n<p class=\"western\" lang=\"es-UY\" align=\"left\">Merendero<\/p>\n<\/td>\n<td colspan=\"2\" width=\"189\">\n<p class=\"western\" lang=\"es-UY\" align=\"left\"><a href=\"http:\/\/www.rivera.gub.uy\/portal\/wp-content\/uploads\/2018\/04\/43-santa-teresa.jpg\" target=\"_blank\" rel=\"noopener\">Ver lista<\/a><\/p>\n<\/td>\n<\/tr>\n<tr>\n<td width=\"206\">\n<p class=\"western\" lang=\"es-UY\" align=\"left\">Santa Isabel<\/p>\n<\/td>\n<td colspan=\"2\" width=\"189\">\n<p class=\"western\" lang=\"es-UY\" align=\"left\">Polideportivo Santa Isabel<\/p>\n<\/td>\n<td colspan=\"2\" width=\"189\">\n<p class=\"western\" lang=\"es-UY\" align=\"left\"><a href=\"http:\/\/www.rivera.gub.uy\/portal\/wp-content\/uploads\/2018\/04\/santa-isabel-01.jpg\" target=\"_blank\" rel=\"noopener\">Ver listas<\/a><\/p>\n<p lang=\"es-UY\" align=\"left\"><a href=\"http:\/\/www.rivera.gub.uy\/portal\/wp-content\/uploads\/2018\/04\/323-santa-isabel.jpg\" target=\"_blank\" rel=\"noopener\">Ver lista<\/a><\/p>\n<\/td>\n<\/tr>\n<tr>\n<td width=\"206\">\n<p class=\"western\" lang=\"es-UY\" align=\"left\">Lavalleja<\/p>\n<\/td>\n<td colspan=\"2\" width=\"189\">\n<p class=\"western\" lang=\"es-UY\" align=\"left\">Club Lavalleja<\/p>\n<\/td>\n<td colspan=\"2\" width=\"189\">\n<p class=\"western\" lang=\"es-UY\" align=\"left\"><a href=\"http:\/\/www.rivera.gub.uy\/portal\/wp-content\/uploads\/2018\/04\/lavalleja.jpg\" target=\"_blank\" rel=\"noopener\">Ver listas<\/a><\/p>\n<\/td>\n<\/tr>\n<tr>\n<td width=\"206\">\n<p class=\"western\" lang=\"es-UY\" align=\"left\">M\u00e1ximo Xavier<\/p>\n<\/td>\n<td colspan=\"2\" width=\"189\">\n<p class=\"western\" lang=\"es-UY\" align=\"left\">Reyles 673<\/p>\n<\/td>\n<td colspan=\"2\" width=\"189\">\n<p class=\"western\" lang=\"es-UY\" align=\"left\"><a href=\"http:\/\/www.rivera.gub.uy\/portal\/wp-content\/uploads\/2018\/04\/13-maximo-xavier.jpg\" target=\"_blank\" rel=\"noopener\">Ver lista<\/a><\/p>\n<\/td>\n<\/tr>\n<tr>\n<td width=\"206\">\n<p class=\"western\" lang=\"es-UY\" align=\"left\">Cerro del Marco<\/p>\n<\/td>\n<td colspan=\"2\" width=\"189\">\n<p class=\"western\" lang=\"es-UY\" align=\"left\">Escuela N\u00ba 129<\/p>\n<\/td>\n<td colspan=\"2\" width=\"189\">\n<p class=\"western\" lang=\"es-UY\" align=\"left\"><a href=\"http:\/\/www.rivera.gub.uy\/portal\/wp-content\/uploads\/2018\/04\/540-cerro-del-marco.jpg\" target=\"_blank\" rel=\"noopener\">Ver lista<\/a><\/p>\n<p lang=\"es-UY\" align=\"left\"><a href=\"http:\/\/www.rivera.gub.uy\/portal\/wp-content\/uploads\/2018\/04\/91-cerro-del-marco.jpg\" target=\"_blank\" rel=\"noopener\">Ver lista<\/a><\/p>\n<\/td>\n<\/tr>\n<tr>\n<td width=\"206\">\n<p class=\"western\" lang=\"es-UY\" align=\"left\">Saavedra<\/p>\n<\/td>\n<td colspan=\"2\" width=\"189\">\n<p class=\"western\" lang=\"es-UY\" align=\"left\">Escuela N\u00ba 114<\/p>\n<\/td>\n<td colspan=\"2\" width=\"189\">\n<p class=\"western\" lang=\"es-UY\" align=\"left\"><a href=\"http:\/\/www.rivera.gub.uy\/portal\/wp-content\/uploads\/2018\/04\/saavedra-01.jpg\" target=\"_blank\" rel=\"noopener\">Ver listas<\/a><\/p>\n<\/td>\n<\/tr>\n<tr>\n<td width=\"206\">\n<p class=\"western\" lang=\"es-UY\" align=\"left\">Rivera Chico (norte)<\/p>\n<\/td>\n<td colspan=\"2\" width=\"189\">\n<p class=\"western\" lang=\"es-UY\" align=\"left\">Club Rivera Chico<\/p>\n<\/td>\n<td colspan=\"2\" width=\"189\">\n<p class=\"western\" lang=\"es-UY\" align=\"left\"><a href=\"http:\/\/www.rivera.gub.uy\/portal\/wp-content\/uploads\/2018\/04\/5-rivera-chico-n.jpg\" target=\"_blank\" rel=\"noopener\">Ver lista<\/a><\/p>\n<\/td>\n<\/tr>\n<tr>\n<td width=\"206\">\n<p class=\"western\" lang=\"es-UY\" align=\"left\">Rivera Chico (sur)<\/p>\n<\/td>\n<td colspan=\"2\" width=\"189\">\n<p class=\"western\" lang=\"es-UY\" align=\"left\">Club Rivera Chico<\/p>\n<\/td>\n<td colspan=\"2\" width=\"189\">\n<p class=\"western\" lang=\"es-UY\" align=\"left\"><a href=\"http:\/\/www.rivera.gub.uy\/portal\/wp-content\/uploads\/2018\/04\/29-rivera-chico-s.jpg\" target=\"_blank\" rel=\"noopener\">Ver lista<\/a><\/p>\n<\/td>\n<\/tr>\n<tr>\n<td width=\"206\">\n<p class=\"western\" lang=\"es-UY\" align=\"left\">Ansina<\/p>\n<\/td>\n<td colspan=\"2\" width=\"189\">\n<p class=\"western\" lang=\"es-UY\" align=\"left\">Escuela N\u00ba 132<\/p>\n<\/td>\n<td colspan=\"2\" width=\"189\">\n<p class=\"western\" lang=\"es-UY\" align=\"left\"><a href=\"http:\/\/www.rivera.gub.uy\/portal\/wp-content\/uploads\/2018\/04\/712-ansina.jpg\" target=\"_blank\" rel=\"noopener\">Ver lista<\/a><\/p>\n<\/td>\n<\/tr>\n<tr>\n<td width=\"206\">\n<p class=\"western\" lang=\"es-UY\" align=\"left\">Cuartel<\/p>\n<\/td>\n<td colspan=\"2\" width=\"189\">\n<p class=\"western\" lang=\"es-UY\" align=\"left\">Escuela N\u00ba 115<\/p>\n<\/td>\n<td colspan=\"2\" width=\"189\">\n<p class=\"western\" lang=\"es-UY\" align=\"left\"><a href=\"http:\/\/www.rivera.gub.uy\/portal\/wp-content\/uploads\/2018\/04\/cuartel-01.jpg\" target=\"_blank\" rel=\"noopener\">Ver listas<\/a><\/p>\n<\/td>\n<\/tr>\n<tr>\n<td width=\"206\">\n<p class=\"western\" lang=\"es-UY\" align=\"left\">Sonia<\/p>\n<\/td>\n<td colspan=\"2\" width=\"189\">\n<p class=\"western\" lang=\"es-UY\" align=\"left\">Sal\u00f3n Comunal<\/p>\n<\/td>\n<td colspan=\"2\" width=\"189\">\n<p class=\"western\" lang=\"es-UY\" align=\"left\"><a href=\"http:\/\/www.rivera.gub.uy\/portal\/wp-content\/uploads\/2018\/04\/101-sonia.jpg\" target=\"_blank\" rel=\"noopener\">Ver lista<\/a><\/p>\n<\/td>\n<\/tr>\n<tr>\n<td width=\"206\">\n<p class=\"western\" lang=\"es-UY\" align=\"left\">La Estiba<\/p>\n<\/td>\n<td colspan=\"2\" width=\"189\">\n<p class=\"western\" lang=\"es-UY\" align=\"left\">Sal\u00f3n Comunal<\/p>\n<\/td>\n<td colspan=\"2\" width=\"189\">\n<p class=\"western\" lang=\"es-UY\" align=\"left\"><a href=\"http:\/\/www.rivera.gub.uy\/portal\/wp-content\/uploads\/2018\/04\/111-la-estiba.jpg\" target=\"_blank\" rel=\"noopener\">Ver lista<\/a><\/p>\n<p lang=\"es-UY\" align=\"left\"><a href=\"http:\/\/www.rivera.gub.uy\/portal\/wp-content\/uploads\/2018\/04\/116-LA-ESTIBA.jpg\" target=\"_blank\" rel=\"noopener\">Ver lista<\/a><\/p>\n<\/td>\n<\/tr>\n<tr>\n<td width=\"206\">\n<p class=\"western\" lang=\"es-UY\" align=\"left\">Recreo Zabaleta<\/p>\n<\/td>\n<td colspan=\"2\" width=\"189\">\n<p class=\"western\" lang=\"es-UY\" align=\"left\">Sal\u00f3n Comunal<\/p>\n<\/td>\n<td colspan=\"2\" width=\"189\">\n<p class=\"western\" lang=\"es-UY\" align=\"left\"><a href=\"http:\/\/www.rivera.gub.uy\/portal\/wp-content\/uploads\/2018\/04\/318-recreo.jpg\" target=\"_blank\" rel=\"noopener\">Ver lista<\/a><\/p>\n<\/td>\n<\/tr>\n<tr>\n<td width=\"206\">\n<p class=\"western\" lang=\"es-UY\" align=\"left\">Lagun\u00f3n<\/p>\n<\/td>\n<td colspan=\"2\" width=\"189\">\n<p class=\"western\" lang=\"es-UY\" align=\"left\">Policl\u00ednica<\/p>\n<\/td>\n<td colspan=\"2\" width=\"189\">\n<p class=\"western\" lang=\"es-UY\" align=\"left\"><a href=\"http:\/\/www.rivera.gub.uy\/portal\/wp-content\/uploads\/2018\/04\/1-lagunon.jpg\" target=\"_blank\" rel=\"noopener\">Ver lista<\/a><\/p>\n<\/td>\n<\/tr>\n<tr>\n<td width=\"206\">\n<p class=\"western\" lang=\"es-UY\" align=\"left\">Progreso<\/p>\n<\/td>\n<td colspan=\"2\" width=\"189\">\n<p class=\"western\" lang=\"es-UY\" align=\"left\">Sal\u00f3n Merendero<\/p>\n<\/td>\n<td colspan=\"2\" width=\"189\">\n<p class=\"western\" lang=\"es-UY\" align=\"left\"><a href=\"http:\/\/www.rivera.gub.uy\/portal\/wp-content\/uploads\/2018\/04\/50-progreso.jpg\" target=\"_blank\" rel=\"noopener\">Ver lista<\/a><\/p>\n<\/td>\n<\/tr>\n<tr>\n<td width=\"206\">\n<p class=\"western\" lang=\"es-UY\" align=\"left\">Tres Cruces<\/p>\n<\/td>\n<td colspan=\"2\" width=\"189\">\n<p class=\"western\" lang=\"es-UY\" align=\"left\">Policl\u00ednica<\/p>\n<\/td>\n<td colspan=\"2\" width=\"189\">\n<p class=\"western\" lang=\"es-UY\" align=\"left\"><a href=\"http:\/\/www.rivera.gub.uy\/portal\/wp-content\/uploads\/2018\/04\/14-tres-cruces.jpg\" target=\"_blank\" rel=\"noopener\">Ver lista<\/a><\/p>\n<\/td>\n<\/tr>\n<tr>\n<td width=\"206\">\n<p class=\"western\" lang=\"es-UY\" align=\"left\">Picada de Mora<\/p>\n<\/td>\n<td colspan=\"2\" width=\"189\">\n<p class=\"western\" lang=\"es-UY\" align=\"left\">Escuela de Ladrilleros<\/p>\n<\/td>\n<td colspan=\"2\" width=\"189\">\n<p class=\"western\" lang=\"es-UY\" align=\"left\"><a href=\"http:\/\/www.rivera.gub.uy\/portal\/wp-content\/uploads\/2018\/04\/1217-picada-de-mora.jpg\" target=\"_blank\" rel=\"noopener\">Ver lista<\/a><\/p>\n<p lang=\"es-UY\" align=\"left\"><a href=\"http:\/\/www.rivera.gub.uy\/portal\/wp-content\/uploads\/2018\/04\/27-picada-de-mora.jpg\" target=\"_blank\" rel=\"noopener\">Ver lista<\/a><\/p>\n<\/td>\n<\/tr>\n<tr>\n<td width=\"206\">\n<p class=\"western\" lang=\"es-UY\" align=\"left\">Piedra Furada<\/p>\n<\/td>\n<td colspan=\"2\" width=\"189\">\n<p class=\"western\" lang=\"es-UY\" align=\"left\">Escuela N\u00ba 54<\/p>\n<\/td>\n<td colspan=\"2\" width=\"189\">\n<p class=\"western\" lang=\"es-UY\" align=\"left\"><a href=\"http:\/\/www.rivera.gub.uy\/portal\/wp-content\/uploads\/2018\/04\/33-piedra-furada-01.jpg\" target=\"_blank\" rel=\"noopener\">Ver lista<\/a><\/p>\n<\/td>\n<\/tr>\n<tr>\n<td width=\"206\">\n<p class=\"western\" lang=\"es-UY\" align=\"left\">Lagos del Norte<\/p>\n<\/td>\n<td colspan=\"2\" width=\"189\">\n<p class=\"western\" lang=\"es-UY\" align=\"left\">Escuela N\u00ba 150<\/p>\n<\/td>\n<td colspan=\"2\" width=\"189\">\n<p class=\"western\" lang=\"es-UY\" align=\"left\"><a href=\"http:\/\/www.rivera.gub.uy\/portal\/wp-content\/uploads\/2018\/04\/13-lagos-del-norte.jpg\" target=\"_blank\" rel=\"noopener\">Ver lista<\/a><\/p>\n<\/td>\n<\/tr>\n<tr>\n<td width=\"206\">\n<p class=\"western\" lang=\"es-UY\" align=\"left\">Curticeiras<\/p>\n<\/td>\n<td colspan=\"2\" width=\"189\">\n<p class=\"western\" lang=\"es-UY\" align=\"left\">Sal\u00f3n Comunal<\/p>\n<\/td>\n<td colspan=\"2\" width=\"189\">\n<p class=\"western\" lang=\"es-UY\" align=\"left\"><a href=\"http:\/\/www.rivera.gub.uy\/portal\/wp-content\/uploads\/2018\/04\/7-curticeiras.jpg\" target=\"_blank\" rel=\"noopener\">Ver lista<\/a><\/p>\n<\/td>\n<\/tr>\n<tr>\n<td width=\"206\">\n<p class=\"western\" lang=\"es-UY\" align=\"left\">Fuente Oriente<\/p>\n<\/td>\n<td colspan=\"2\" width=\"189\">\n<p class=\"western\" lang=\"es-UY\" align=\"left\">Escuela N\u00ba 44<\/p>\n<\/td>\n<td colspan=\"2\" width=\"189\">\n<p class=\"western\" lang=\"es-UY\" align=\"left\"><a href=\"http:\/\/www.rivera.gub.uy\/portal\/wp-content\/uploads\/2018\/04\/1-fuente-oriente.jpg\" target=\"_blank\" rel=\"noopener\">Ver lista<\/a><\/p>\n<\/td>\n<\/tr>\n<tr>\n<td width=\"206\">\n<p class=\"western\" lang=\"es-UY\" align=\"left\">La Calera<\/p>\n<\/td>\n<td colspan=\"2\" width=\"189\">\n<p class=\"western\" lang=\"es-UY\" align=\"left\">Escuela N\u00ba 13<\/p>\n<\/td>\n<td colspan=\"2\" width=\"189\">\n<p class=\"western\" lang=\"es-UY\" align=\"left\"><a href=\"http:\/\/www.rivera.gub.uy\/portal\/wp-content\/uploads\/2018\/04\/14-la-calera.jpg\" target=\"_blank\" rel=\"noopener\">Ver lista<\/a><\/p>\n<p lang=\"es-UY\" align=\"left\"><a href=\"http:\/\/www.rivera.gub.uy\/portal\/wp-content\/uploads\/2018\/04\/219-la-calera.jpg\" target=\"_blank\" rel=\"noopener\">Ver lista<\/a><\/p>\n<\/td>\n<\/tr>\n<tr>\n<td width=\"206\">\n<p class=\"western\" lang=\"es-UY\" align=\"left\">Villa Indart<\/p>\n<\/td>\n<td colspan=\"2\" width=\"189\">\n<p class=\"western\" lang=\"es-UY\" align=\"left\">Escuela N\u00ba 65<\/p>\n<\/td>\n<td colspan=\"2\" width=\"189\">\n<p class=\"western\" lang=\"es-UY\" align=\"left\"><a href=\"http:\/\/www.rivera.gub.uy\/portal\/wp-content\/uploads\/2018\/04\/13-villa-indart.jpg\" target=\"_blank\" rel=\"noopener\">Ver lista<\/a><\/p>\n<\/td>\n<\/tr>\n<tr>\n<td width=\"206\">\n<p class=\"western\" lang=\"es-UY\" align=\"left\">Tres Puentes<\/p>\n<\/td>\n<td colspan=\"2\" width=\"189\">\n<p class=\"western\" lang=\"es-UY\" align=\"left\">Escuela N\u00ba 104<\/p>\n<\/td>\n<td colspan=\"2\" width=\"189\">\n<p class=\"western\" lang=\"es-UY\" align=\"left\"><a href=\"http:\/\/www.rivera.gub.uy\/portal\/wp-content\/uploads\/2018\/04\/tres-puentes-7333.jpg\" target=\"_blank\" rel=\"noopener\">Ver lista<\/a><\/p>\n<\/td>\n<\/tr>\n<tr>\n<td width=\"206\">\n<p class=\"western\" lang=\"es-UY\" align=\"left\">Cerro Pelado<\/p>\n<\/td>\n<td colspan=\"2\" width=\"189\">\n<p class=\"western\" lang=\"es-UY\" align=\"left\">Sociedad Fomento Rural de Cerro Pelado<\/p>\n<\/td>\n<td colspan=\"2\" width=\"189\">\n<p class=\"western\" lang=\"es-UY\" align=\"left\"><a href=\"http:\/\/www.rivera.gub.uy\/portal\/wp-content\/uploads\/2018\/04\/1988-cerro-pelado.jpg\" target=\"_blank\" rel=\"noopener\">Ver lista<\/a><\/p>\n<\/td>\n<\/tr>\n<\/tbody>\n<\/table>\n<p>&nbsp;<\/p>\n<p><iframe loading=\"lazy\" width=\"1160\" height=\"653\" src=\"https:\/\/www.youtube.com\/embed\/zq5ZTA_suKs?feature=oembed\" frameborder=\"0\" allow=\"autoplay; encrypted-media\" allowfullscreen><\/iframe><\/p>\n<p>&nbsp;<\/p>\n","protected":false},"excerpt":{"rendered":"<p>Este domingo 22 de abril, se realizar\u00e1 una nueva jornada de\u00a0elecci\u00f3n de comisiones vecinales de Rivera. Acercate al local de votaci\u00f3n m\u00e1s cercano y particip\u00e1! &nbsp; \u00a0 Barrio Local de votaci\u00f3n \u00a0Listas por barrio Cerro Marconi Comunal (Rod\u00f3 1465) Ver lista Si\u00f1eriz Escuela N\u00ba 113 Ver lista Cerro Caqueiro Minuano -Proyectada 2 Ver lista Ceballos [&hellip;]<\/p>\n","protected":false},"author":7,"featured_media":5001,"comment_status":"open","ping_status":"open","sticky":false,"template":"","format":"standard","meta":{"footnotes":""},"categories":[3,1],"tags":[412,58,411,478,114,36,33],"class_list":["post-5039","post","type-post","status-publish","format-standard","has-post-thumbnail","hentry","category-multimedia","category-novedades","tag-412","tag-barrios","tag-elecciones","tag-elecciones-vecinales","tag-idr","tag-intendencia","tag-rivera"],"_links":{"self":[{"href":"https:\/\/www.rivera.gub.uy\/portal\/wp-json\/wp\/v2\/posts\/5039","targetHints":{"allow":["GET"]}}],"collection":[{"href":"https:\/\/www.rivera.gub.uy\/portal\/wp-json\/wp\/v2\/posts"}],"about":[{"href":"https:\/\/www.rivera.gub.uy\/portal\/wp-json\/wp\/v2\/types\/post"}],"author":[{"embeddable":true,"href":"https:\/\/www.rivera.gub.uy\/portal\/wp-json\/wp\/v2\/users\/7"}],"replies":[{"embeddable":true,"href":"https:\/\/www.rivera.gub.uy\/portal\/wp-json\/wp\/v2\/comments?post=5039"}],"version-history":[{"count":27,"href":"https:\/\/www.rivera.gub.uy\/portal\/wp-json\/wp\/v2\/posts\/5039\/revisions"}],"predecessor-version":[{"id":5247,"href":"https:\/\/www.rivera.gub.uy\/portal\/wp-json\/wp\/v2\/posts\/5039\/revisions\/5247"}],"wp:featuredmedia":[{"embeddable":true,"href":"https:\/\/www.rivera.gub.uy\/portal\/wp-json\/wp\/v2\/media\/5001"}],"wp:attachment":[{"href":"https:\/\/www.rivera.gub.uy\/portal\/wp-json\/wp\/v2\/media?parent=5039"}],"wp:term":[{"taxonomy":"category","embeddable":true,"href":"https:\/\/www.rivera.gub.uy\/portal\/wp-json\/wp\/v2\/categories?post=5039"},{"taxonomy":"post_tag","embeddable":true,"href":"https:\/\/www.rivera.gub.uy\/portal\/wp-json\/wp\/v2\/tags?post=5039"}],"curies":[{"name":"wp","href":"https:\/\/api.w.org\/{rel}","templated":true}]}}