{"id":5157,"date":"2018-04-25T14:28:54","date_gmt":"2018-04-25T17:28:54","guid":{"rendered":"http:\/\/www.rivera.gub.uy\/portal\/?p=5157"},"modified":"2018-05-29T11:16:11","modified_gmt":"2018-05-29T14:16:11","slug":"intendencia-de-rivera-y-sociedad-de-criadores-de-corriedale-firman-importante-acuerdo","status":"publish","type":"post","link":"https:\/\/www.rivera.gub.uy\/portal\/intendencia-de-rivera-y-sociedad-de-criadores-de-corriedale-firman-importante-acuerdo\/","title":{"rendered":"Intendencia de Rivera y Sociedad de Criadores de Corriedale firman importante acuerdo"},"content":{"rendered":"<p>En la ma\u00f1ana del pasado martes 17 de abril, en el sal\u00f3n de conferencias del edificio comunal, se realiz\u00f3 la firma de un importante convenio entre la Intendencia Departamental de Rivera y la Sociedad de Criadores de Corriedale del Uruguay, enmarcado en el proyecto \u201cFortalecimiento de la Producci\u00f3n Ovina\u201d, que lleva adelante la Direcci\u00f3n General de Desarrollo y Medio Ambiente, a trav\u00e9s de la Divisi\u00f3n Desarrollo Rural.<!--more--><br \/>\nEl evento cont\u00f3 con la presencia del Intendente, Dr. Marne Osorio, el Secretario Gral., Cr. Richard Sander, el Director de Divisi\u00f3n Rural T\u00e9cnico Agro. Ra\u00fal Armand Ug\u00f3n, el Presidente de la Sociedad de Criadores de Corriedale del Uruguay, T\u00e9c. Agro. Pablo Narbondo, t\u00e9cnicos y productores.<\/p>\n<p>El Intendente destac\u00f3 que la firma del mencionado convenio, va permitir avanzar en el desarrollo ovino para nuestro departamento, \u201cse trata de un proyecto piloto que se viene desarrollando en la zona de Minas de Corrales, donde la Sociedad de Criadores de Corriedale, va aportar 200 reproductores, machos y hembras, en lo que ser\u00e1 un fondo rotatorio, todo ello acompa\u00f1ado de apoyo t\u00e9cnico que brinda el gobierno departamental\u201d.<\/p>\n<div id='gallery-1' class='gallery galleryid-5157 gallery-columns-3 gallery-size-thumbnail'><figure class='gallery-item'>\n\t\t\t<div class='gallery-icon landscape'>\n\t\t\t\t<a href='https:\/\/www.rivera.gub.uy\/portal\/wp-content\/uploads\/2018\/04\/1-12.jpg'><img loading=\"lazy\" decoding=\"async\" width=\"141\" height=\"94\" src=\"https:\/\/www.rivera.gub.uy\/portal\/wp-content\/uploads\/2018\/04\/1-12-141x94.jpg\" class=\"attachment-thumbnail size-thumbnail\" alt=\"\" srcset=\"https:\/\/www.rivera.gub.uy\/portal\/wp-content\/uploads\/2018\/04\/1-12-141x94.jpg 141w, https:\/\/www.rivera.gub.uy\/portal\/wp-content\/uploads\/2018\/04\/1-12-281x188.jpg 281w, https:\/\/www.rivera.gub.uy\/portal\/wp-content\/uploads\/2018\/04\/1-12-768x513.jpg 768w, https:\/\/www.rivera.gub.uy\/portal\/wp-content\/uploads\/2018\/04\/1-12-936x626.jpg 936w, https:\/\/www.rivera.gub.uy\/portal\/wp-content\/uploads\/2018\/04\/1-12-600x400.jpg 600w, https:\/\/www.rivera.gub.uy\/portal\/wp-content\/uploads\/2018\/04\/1-12-820x548.jpg 820w, https:\/\/www.rivera.gub.uy\/portal\/wp-content\/uploads\/2018\/04\/1-12-272x182.jpg 272w\" sizes=\"auto, (max-width: 141px) 100vw, 141px\" \/><\/a>\n\t\t\t<\/div><\/figure><figure class='gallery-item'>\n\t\t\t<div class='gallery-icon landscape'>\n\t\t\t\t<a href='https:\/\/www.rivera.gub.uy\/portal\/wp-content\/uploads\/2018\/04\/2-9.jpg'><img loading=\"lazy\" decoding=\"async\" width=\"141\" height=\"94\" src=\"https:\/\/www.rivera.gub.uy\/portal\/wp-content\/uploads\/2018\/04\/2-9-141x94.jpg\" class=\"attachment-thumbnail size-thumbnail\" alt=\"\" srcset=\"https:\/\/www.rivera.gub.uy\/portal\/wp-content\/uploads\/2018\/04\/2-9-141x94.jpg 141w, https:\/\/www.rivera.gub.uy\/portal\/wp-content\/uploads\/2018\/04\/2-9-281x188.jpg 281w, https:\/\/www.rivera.gub.uy\/portal\/wp-content\/uploads\/2018\/04\/2-9-768x514.jpg 768w, https:\/\/www.rivera.gub.uy\/portal\/wp-content\/uploads\/2018\/04\/2-9-936x626.jpg 936w, https:\/\/www.rivera.gub.uy\/portal\/wp-content\/uploads\/2018\/04\/2-9-600x400.jpg 600w, https:\/\/www.rivera.gub.uy\/portal\/wp-content\/uploads\/2018\/04\/2-9-820x549.jpg 820w, https:\/\/www.rivera.gub.uy\/portal\/wp-content\/uploads\/2018\/04\/2-9-272x182.jpg 272w\" sizes=\"auto, (max-width: 141px) 100vw, 141px\" \/><\/a>\n\t\t\t<\/div><\/figure><figure class='gallery-item'>\n\t\t\t<div class='gallery-icon landscape'>\n\t\t\t\t<a href='https:\/\/www.rivera.gub.uy\/portal\/wp-content\/uploads\/2018\/04\/3-7.jpg'><img loading=\"lazy\" decoding=\"async\" width=\"141\" height=\"94\" src=\"https:\/\/www.rivera.gub.uy\/portal\/wp-content\/uploads\/2018\/04\/3-7-141x94.jpg\" class=\"attachment-thumbnail size-thumbnail\" alt=\"\" srcset=\"https:\/\/www.rivera.gub.uy\/portal\/wp-content\/uploads\/2018\/04\/3-7-141x94.jpg 141w, https:\/\/www.rivera.gub.uy\/portal\/wp-content\/uploads\/2018\/04\/3-7-281x188.jpg 281w, https:\/\/www.rivera.gub.uy\/portal\/wp-content\/uploads\/2018\/04\/3-7-768x513.jpg 768w, https:\/\/www.rivera.gub.uy\/portal\/wp-content\/uploads\/2018\/04\/3-7-936x626.jpg 936w, https:\/\/www.rivera.gub.uy\/portal\/wp-content\/uploads\/2018\/04\/3-7-600x400.jpg 600w, https:\/\/www.rivera.gub.uy\/portal\/wp-content\/uploads\/2018\/04\/3-7-820x548.jpg 820w, https:\/\/www.rivera.gub.uy\/portal\/wp-content\/uploads\/2018\/04\/3-7-272x182.jpg 272w\" sizes=\"auto, (max-width: 141px) 100vw, 141px\" \/><\/a>\n\t\t\t<\/div><\/figure>\n\t\t<\/div>\n\n","protected":false},"excerpt":{"rendered":"<p>En la ma\u00f1ana del pasado martes 17 de abril, en el sal\u00f3n de conferencias del edificio comunal, se realiz\u00f3 la firma de un importante convenio entre la Intendencia Departamental de Rivera y la Sociedad de Criadores de Corriedale del Uruguay, enmarcado en el proyecto \u201cFortalecimiento de la Producci\u00f3n Ovina\u201d, que lleva adelante la Direcci\u00f3n General [&hellip;]<\/p>\n","protected":false},"author":7,"featured_media":5158,"comment_status":"open","ping_status":"open","sticky":false,"template":"","format":"standard","meta":{"footnotes":""},"categories":[1],"tags":[80,178,584,380,114,36,85,33,116],"class_list":["post-5157","post","type-post","status-publish","format-standard","has-post-thumbnail","hentry","category-novedades","tag-desarrollo","tag-desarrollo-rural","tag-desarrollo-y-fortalecimiento","tag-dgdma","tag-idr","tag-intendencia","tag-produccion","tag-rivera","tag-rural"],"_links":{"self":[{"href":"https:\/\/www.rivera.gub.uy\/portal\/wp-json\/wp\/v2\/posts\/5157","targetHints":{"allow":["GET"]}}],"collection":[{"href":"https:\/\/www.rivera.gub.uy\/portal\/wp-json\/wp\/v2\/posts"}],"about":[{"href":"https:\/\/www.rivera.gub.uy\/portal\/wp-json\/wp\/v2\/types\/post"}],"author":[{"embeddable":true,"href":"https:\/\/www.rivera.gub.uy\/portal\/wp-json\/wp\/v2\/users\/7"}],"replies":[{"embeddable":true,"href":"https:\/\/www.rivera.gub.uy\/portal\/wp-json\/wp\/v2\/comments?post=5157"}],"version-history":[{"count":3,"href":"https:\/\/www.rivera.gub.uy\/portal\/wp-json\/wp\/v2\/posts\/5157\/revisions"}],"predecessor-version":[{"id":5349,"href":"https:\/\/www.rivera.gub.uy\/portal\/wp-json\/wp\/v2\/posts\/5157\/revisions\/5349"}],"wp:featuredmedia":[{"embeddable":true,"href":"https:\/\/www.rivera.gub.uy\/portal\/wp-json\/wp\/v2\/media\/5158"}],"wp:attachment":[{"href":"https:\/\/www.rivera.gub.uy\/portal\/wp-json\/wp\/v2\/media?parent=5157"}],"wp:term":[{"taxonomy":"category","embeddable":true,"href":"https:\/\/www.rivera.gub.uy\/portal\/wp-json\/wp\/v2\/categories?post=5157"},{"taxonomy":"post_tag","embeddable":true,"href":"https:\/\/www.rivera.gub.uy\/portal\/wp-json\/wp\/v2\/tags?post=5157"}],"curies":[{"name":"wp","href":"https:\/\/api.w.org\/{rel}","templated":true}]}}