{"id":5355,"date":"2018-04-26T09:02:02","date_gmt":"2018-04-26T12:02:02","guid":{"rendered":"http:\/\/www.rivera.gub.uy\/portal\/?p=5355"},"modified":"2018-05-29T11:05:05","modified_gmt":"2018-05-29T14:05:05","slug":"cierre-de-la-muestra-del-premio-nacional-de-urbanismo-en-el-hall-de-la-intendencia-de-rivera","status":"publish","type":"post","link":"https:\/\/www.rivera.gub.uy\/portal\/cierre-de-la-muestra-del-premio-nacional-de-urbanismo-en-el-hall-de-la-intendencia-de-rivera\/","title":{"rendered":"Cierre de la muestra del Premio Nacional de Urbanismo en el hall de la Intendencia de Rivera"},"content":{"rendered":"<p>Este mi\u00e9rcoles 25 de abril se realiz\u00f3 el cierre de la muestra del Premio Nacional de Urbanismo (Edici\u00f3n 2017) expuesto en el hall interno de la Intendencia Departamental de Rivera.<\/p>\n<p>En presencia de autoridades de la Direcci\u00f3n Nacional de Ordenamiento Territorial (DINOT), Arq. Jos\u00e9 Freitas, el Secretario General de la IDR, Cr. Richard Sander, Director General de Obras, Arq. Jos\u00e9 Mazzoni, Diputado por Rivera, Sa\u00fal Aristimu\u00f1o, e integrantes del equipo de planificaci\u00f3n y ejecuci\u00f3n de la Direcci\u00f3n General de Obras, se procedi\u00f3 al cierre de tan importante muestra, que certifica la calidad del trabajo de la comuna riverense en lo que refiere a intervenciones urban\u00edsticas y proyectos de calidad.<!--more--><br \/>\nLa exposici\u00f3n de los premios estuvo presente durante una semana en el hall de la comuna y all\u00ed se pudo apreciar las dos menciones honor\u00edficas de la Intendencia de Rivera, que son, Plan director de la ciudad de Tranqueras y Reacondicionamiento del barrio Treinta y Tres Orientales.<\/p>\n<p>En su alocuci\u00f3n el director de DINOT, Arq. Freitas, destac\u00f3: \u201cel premio recorre el pa\u00eds, poniendo en valor lo que se viene realizando en la \u00faltima d\u00e9cada que corresponde a profundizar en las pol\u00edticas espec\u00edficas de ordenamiento territorial y de planificaci\u00f3n\u201d.<\/p>\n<p>Agreg\u00f3 que recorri\u00f3 la ciudad observando los nuevos proyectos de urbanizaci\u00f3n que se est\u00e1n desarrollando, contemplando las problem\u00e1ticas habitacionales donde se aspira seguir construyendo viviendas de inter\u00e9s social y parques urbanos.<\/p>\n<p>Por su parte el Secretario General de la IDR, Cr. Richard Sander, afirm\u00f3 el compromiso de la \u201ctransformaci\u00f3n y el desarrollo del departamento que se observan en cambios en barrios que no se pod\u00edan ingresar y el arroyo Cu\u00f1apir\u00fa que sufr\u00eda inundaciones. El compromiso est\u00e1. Rivera seguir\u00e1 avanzando no solo por los premios sino por la calidad de vida de la gente\u201d.<\/p>\n<p>En otro orden el Director General de Obras, Arq. Mazzoni, manifest\u00f3 \u201cseguiremos apostando a la calidad, apoyando este tipo de instancias que buscan premiar e incentivar al desarrollo\u201d.<br \/>\nMazzoni, culmin\u00f3 afirmando que se seguir\u00e1 trabajando en todo el departamento y se estar\u00e1 firmando un nuevo convenio para nuevos trabajos.<\/p>\n<p>&nbsp;<\/p>\n<div id='gallery-1' class='gallery galleryid-5355 gallery-columns-4 gallery-size-thumbnail'><figure class='gallery-item'>\n\t\t\t<div class='gallery-icon landscape'>\n\t\t\t\t<a href='https:\/\/www.rivera.gub.uy\/portal\/wp-content\/uploads\/2018\/04\/1-14.jpg'><img loading=\"lazy\" decoding=\"async\" width=\"132\" height=\"94\" src=\"https:\/\/www.rivera.gub.uy\/portal\/wp-content\/uploads\/2018\/04\/1-14-132x94.jpg\" class=\"attachment-thumbnail size-thumbnail\" alt=\"\" srcset=\"https:\/\/www.rivera.gub.uy\/portal\/wp-content\/uploads\/2018\/04\/1-14-132x94.jpg 132w, https:\/\/www.rivera.gub.uy\/portal\/wp-content\/uploads\/2018\/04\/1-14-263x188.jpg 263w, https:\/\/www.rivera.gub.uy\/portal\/wp-content\/uploads\/2018\/04\/1-14-768x549.jpg 768w, https:\/\/www.rivera.gub.uy\/portal\/wp-content\/uploads\/2018\/04\/1-14-876x626.jpg 876w, https:\/\/www.rivera.gub.uy\/portal\/wp-content\/uploads\/2018\/04\/1-14-820x586.jpg 820w\" sizes=\"auto, (max-width: 132px) 100vw, 132px\" \/><\/a>\n\t\t\t<\/div><\/figure><figure class='gallery-item'>\n\t\t\t<div class='gallery-icon landscape'>\n\t\t\t\t<a href='https:\/\/www.rivera.gub.uy\/portal\/wp-content\/uploads\/2018\/04\/2-10.jpg'><img loading=\"lazy\" decoding=\"async\" width=\"132\" height=\"94\" src=\"https:\/\/www.rivera.gub.uy\/portal\/wp-content\/uploads\/2018\/04\/2-10-132x94.jpg\" class=\"attachment-thumbnail size-thumbnail\" alt=\"\" srcset=\"https:\/\/www.rivera.gub.uy\/portal\/wp-content\/uploads\/2018\/04\/2-10-132x94.jpg 132w, https:\/\/www.rivera.gub.uy\/portal\/wp-content\/uploads\/2018\/04\/2-10-263x188.jpg 263w, https:\/\/www.rivera.gub.uy\/portal\/wp-content\/uploads\/2018\/04\/2-10-768x549.jpg 768w, https:\/\/www.rivera.gub.uy\/portal\/wp-content\/uploads\/2018\/04\/2-10-876x626.jpg 876w, https:\/\/www.rivera.gub.uy\/portal\/wp-content\/uploads\/2018\/04\/2-10-820x586.jpg 820w\" sizes=\"auto, (max-width: 132px) 100vw, 132px\" \/><\/a>\n\t\t\t<\/div><\/figure><figure class='gallery-item'>\n\t\t\t<div class='gallery-icon landscape'>\n\t\t\t\t<a href='https:\/\/www.rivera.gub.uy\/portal\/wp-content\/uploads\/2018\/04\/3-8.jpg'><img loading=\"lazy\" decoding=\"async\" width=\"132\" height=\"94\" src=\"https:\/\/www.rivera.gub.uy\/portal\/wp-content\/uploads\/2018\/04\/3-8-132x94.jpg\" class=\"attachment-thumbnail size-thumbnail\" alt=\"\" srcset=\"https:\/\/www.rivera.gub.uy\/portal\/wp-content\/uploads\/2018\/04\/3-8-132x94.jpg 132w, https:\/\/www.rivera.gub.uy\/portal\/wp-content\/uploads\/2018\/04\/3-8-263x188.jpg 263w, https:\/\/www.rivera.gub.uy\/portal\/wp-content\/uploads\/2018\/04\/3-8-768x549.jpg 768w, https:\/\/www.rivera.gub.uy\/portal\/wp-content\/uploads\/2018\/04\/3-8-876x626.jpg 876w, https:\/\/www.rivera.gub.uy\/portal\/wp-content\/uploads\/2018\/04\/3-8-820x586.jpg 820w\" sizes=\"auto, (max-width: 132px) 100vw, 132px\" \/><\/a>\n\t\t\t<\/div><\/figure><figure class='gallery-item'>\n\t\t\t<div class='gallery-icon landscape'>\n\t\t\t\t<a href='https:\/\/www.rivera.gub.uy\/portal\/wp-content\/uploads\/2018\/04\/4-6.jpg'><img loading=\"lazy\" decoding=\"async\" width=\"132\" height=\"94\" src=\"https:\/\/www.rivera.gub.uy\/portal\/wp-content\/uploads\/2018\/04\/4-6-132x94.jpg\" class=\"attachment-thumbnail size-thumbnail\" alt=\"\" srcset=\"https:\/\/www.rivera.gub.uy\/portal\/wp-content\/uploads\/2018\/04\/4-6-132x94.jpg 132w, https:\/\/www.rivera.gub.uy\/portal\/wp-content\/uploads\/2018\/04\/4-6-263x188.jpg 263w, https:\/\/www.rivera.gub.uy\/portal\/wp-content\/uploads\/2018\/04\/4-6-768x549.jpg 768w, https:\/\/www.rivera.gub.uy\/portal\/wp-content\/uploads\/2018\/04\/4-6-876x626.jpg 876w, https:\/\/www.rivera.gub.uy\/portal\/wp-content\/uploads\/2018\/04\/4-6-820x586.jpg 820w\" sizes=\"auto, (max-width: 132px) 100vw, 132px\" \/><\/a>\n\t\t\t<\/div><\/figure>\n\t\t<\/div>\n\n<p>&nbsp;<\/p>\n<p><iframe loading=\"lazy\" width=\"1160\" height=\"653\" src=\"https:\/\/www.youtube.com\/embed\/_bke0pOVaAE?feature=oembed\" frameborder=\"0\" allow=\"autoplay; encrypted-media\" allowfullscreen><\/iframe><\/p>\n<p>&nbsp;<\/p>\n","protected":false},"excerpt":{"rendered":"<p>Este mi\u00e9rcoles 25 de abril se realiz\u00f3 el cierre de la muestra del Premio Nacional de Urbanismo (Edici\u00f3n 2017) expuesto en el hall interno de la Intendencia Departamental de Rivera. En presencia de autoridades de la Direcci\u00f3n Nacional de Ordenamiento Territorial (DINOT), Arq. Jos\u00e9 Freitas, el Secretario General de la IDR, Cr. Richard Sander, Director [&hellip;]<\/p>\n","protected":false},"author":7,"featured_media":5358,"comment_status":"open","ping_status":"open","sticky":false,"template":"","format":"standard","meta":{"footnotes":""},"categories":[3,1],"tags":[80,610,114,36,282,81,484,267,611,33,498],"class_list":["post-5355","post","type-post","status-publish","format-standard","has-post-thumbnail","hentry","category-multimedia","category-novedades","tag-desarrollo","tag-dinot","tag-idr","tag-intendencia","tag-nacional","tag-obras","tag-ordenamiento-territorial","tag-premio","tag-proyectos","tag-rivera","tag-urbanismo"],"_links":{"self":[{"href":"https:\/\/www.rivera.gub.uy\/portal\/wp-json\/wp\/v2\/posts\/5355","targetHints":{"allow":["GET"]}}],"collection":[{"href":"https:\/\/www.rivera.gub.uy\/portal\/wp-json\/wp\/v2\/posts"}],"about":[{"href":"https:\/\/www.rivera.gub.uy\/portal\/wp-json\/wp\/v2\/types\/post"}],"author":[{"embeddable":true,"href":"https:\/\/www.rivera.gub.uy\/portal\/wp-json\/wp\/v2\/users\/7"}],"replies":[{"embeddable":true,"href":"https:\/\/www.rivera.gub.uy\/portal\/wp-json\/wp\/v2\/comments?post=5355"}],"version-history":[{"count":1,"href":"https:\/\/www.rivera.gub.uy\/portal\/wp-json\/wp\/v2\/posts\/5355\/revisions"}],"predecessor-version":[{"id":5360,"href":"https:\/\/www.rivera.gub.uy\/portal\/wp-json\/wp\/v2\/posts\/5355\/revisions\/5360"}],"wp:featuredmedia":[{"embeddable":true,"href":"https:\/\/www.rivera.gub.uy\/portal\/wp-json\/wp\/v2\/media\/5358"}],"wp:attachment":[{"href":"https:\/\/www.rivera.gub.uy\/portal\/wp-json\/wp\/v2\/media?parent=5355"}],"wp:term":[{"taxonomy":"category","embeddable":true,"href":"https:\/\/www.rivera.gub.uy\/portal\/wp-json\/wp\/v2\/categories?post=5355"},{"taxonomy":"post_tag","embeddable":true,"href":"https:\/\/www.rivera.gub.uy\/portal\/wp-json\/wp\/v2\/tags?post=5355"}],"curies":[{"name":"wp","href":"https:\/\/api.w.org\/{rel}","templated":true}]}}