{"id":5361,"date":"2018-04-26T13:39:08","date_gmt":"2018-04-26T16:39:08","guid":{"rendered":"http:\/\/www.rivera.gub.uy\/portal\/?p=5361"},"modified":"2018-05-29T10:46:58","modified_gmt":"2018-05-29T13:46:58","slug":"importante-acuerdo-entre-intendencia-de-rivera-y-vecinos-de-barrio-progreso-impulsara-gobierno-de-cercania","status":"publish","type":"post","link":"https:\/\/www.rivera.gub.uy\/portal\/importante-acuerdo-entre-intendencia-de-rivera-y-vecinos-de-barrio-progreso-impulsara-gobierno-de-cercania\/","title":{"rendered":"Importante acuerdo entre Intendencia de Rivera y vecinos de barrio Progreso impulsar\u00e1 Gobierno de cercan\u00eda"},"content":{"rendered":"<p>En la ma\u00f1ana del d\u00eda 18 de abril, jerarcas del Gobierno Departamental, encabezado por el Sr. Intendente, Dr. Marne Osorio Lima, Secretario General Cr. Richard Sander, Pro Secretario de la IDR, esc. Nelson Guti\u00e9rrez y el Director de Promoci\u00f3n y Acci\u00f3n Social, Cr. Giovani Conti, se hicieron presentes en barrio \u201cProgreso\u201d, junto a vecinos del complejo \u201cla canilla\u201d, para la firma de un importante comodato, que trata el traspaso del sal\u00f3n comunal de ese barrio a la IDR, para que sea parte del programa Centros Barriales, que impulsa la DGPAS.<!--more--><\/p>\n<p>Conti, destac\u00f3 que esto va permitir seguir ofreciendo actividades culturales, deportivas, y capacitaciones.<br \/>\nAdem\u00e1s en este 2018, se suma un \u00e1rea administrativa , que va permitir a los residentes del barrio hacer gestiones e iniciar tr\u00e1mites, entre otros. El objetivo final de este programa es lograr cada vez m\u00e1s, un gobierno de cercan\u00eda con los vecinos.<\/p>\n<p>Por su parte el Intendente Dr. Marne Osorio destac\u00f3 que la firma del mencionado convenio, hace parte de las transformaciones que viene y seguir\u00e1 recibiendo barrio Progreso, con distintas obras de urbanizaci\u00f3n y pol\u00edticas sociales.<\/p>\n<div id='gallery-1' class='gallery galleryid-5361 gallery-columns-4 gallery-size-thumbnail'><figure class='gallery-item'>\n\t\t\t<div class='gallery-icon landscape'>\n\t\t\t\t<a href='https:\/\/www.rivera.gub.uy\/portal\/wp-content\/uploads\/2018\/04\/1-15.jpg'><img loading=\"lazy\" decoding=\"async\" width=\"132\" height=\"94\" src=\"https:\/\/www.rivera.gub.uy\/portal\/wp-content\/uploads\/2018\/04\/1-15-132x94.jpg\" class=\"attachment-thumbnail size-thumbnail\" alt=\"\" srcset=\"https:\/\/www.rivera.gub.uy\/portal\/wp-content\/uploads\/2018\/04\/1-15-132x94.jpg 132w, https:\/\/www.rivera.gub.uy\/portal\/wp-content\/uploads\/2018\/04\/1-15-263x188.jpg 263w, https:\/\/www.rivera.gub.uy\/portal\/wp-content\/uploads\/2018\/04\/1-15-768x549.jpg 768w, https:\/\/www.rivera.gub.uy\/portal\/wp-content\/uploads\/2018\/04\/1-15-876x626.jpg 876w, https:\/\/www.rivera.gub.uy\/portal\/wp-content\/uploads\/2018\/04\/1-15-820x586.jpg 820w\" sizes=\"auto, (max-width: 132px) 100vw, 132px\" \/><\/a>\n\t\t\t<\/div><\/figure><figure class='gallery-item'>\n\t\t\t<div class='gallery-icon landscape'>\n\t\t\t\t<a href='https:\/\/www.rivera.gub.uy\/portal\/wp-content\/uploads\/2018\/04\/2-11.jpg'><img loading=\"lazy\" decoding=\"async\" width=\"132\" height=\"94\" src=\"https:\/\/www.rivera.gub.uy\/portal\/wp-content\/uploads\/2018\/04\/2-11-132x94.jpg\" class=\"attachment-thumbnail size-thumbnail\" alt=\"\" srcset=\"https:\/\/www.rivera.gub.uy\/portal\/wp-content\/uploads\/2018\/04\/2-11-132x94.jpg 132w, https:\/\/www.rivera.gub.uy\/portal\/wp-content\/uploads\/2018\/04\/2-11-263x188.jpg 263w, https:\/\/www.rivera.gub.uy\/portal\/wp-content\/uploads\/2018\/04\/2-11-768x549.jpg 768w, https:\/\/www.rivera.gub.uy\/portal\/wp-content\/uploads\/2018\/04\/2-11-876x626.jpg 876w, https:\/\/www.rivera.gub.uy\/portal\/wp-content\/uploads\/2018\/04\/2-11-820x586.jpg 820w\" sizes=\"auto, (max-width: 132px) 100vw, 132px\" \/><\/a>\n\t\t\t<\/div><\/figure><figure class='gallery-item'>\n\t\t\t<div class='gallery-icon landscape'>\n\t\t\t\t<a href='https:\/\/www.rivera.gub.uy\/portal\/wp-content\/uploads\/2018\/04\/3-9.jpg'><img loading=\"lazy\" decoding=\"async\" width=\"132\" height=\"94\" src=\"https:\/\/www.rivera.gub.uy\/portal\/wp-content\/uploads\/2018\/04\/3-9-132x94.jpg\" class=\"attachment-thumbnail size-thumbnail\" alt=\"\" srcset=\"https:\/\/www.rivera.gub.uy\/portal\/wp-content\/uploads\/2018\/04\/3-9-132x94.jpg 132w, https:\/\/www.rivera.gub.uy\/portal\/wp-content\/uploads\/2018\/04\/3-9-263x188.jpg 263w, https:\/\/www.rivera.gub.uy\/portal\/wp-content\/uploads\/2018\/04\/3-9-768x549.jpg 768w, https:\/\/www.rivera.gub.uy\/portal\/wp-content\/uploads\/2018\/04\/3-9-876x626.jpg 876w, https:\/\/www.rivera.gub.uy\/portal\/wp-content\/uploads\/2018\/04\/3-9-820x586.jpg 820w\" sizes=\"auto, (max-width: 132px) 100vw, 132px\" \/><\/a>\n\t\t\t<\/div><\/figure><figure class='gallery-item'>\n\t\t\t<div class='gallery-icon landscape'>\n\t\t\t\t<a href='https:\/\/www.rivera.gub.uy\/portal\/wp-content\/uploads\/2018\/04\/4-7.jpg'><img loading=\"lazy\" decoding=\"async\" width=\"132\" height=\"94\" src=\"https:\/\/www.rivera.gub.uy\/portal\/wp-content\/uploads\/2018\/04\/4-7-132x94.jpg\" class=\"attachment-thumbnail size-thumbnail\" alt=\"\" srcset=\"https:\/\/www.rivera.gub.uy\/portal\/wp-content\/uploads\/2018\/04\/4-7-132x94.jpg 132w, https:\/\/www.rivera.gub.uy\/portal\/wp-content\/uploads\/2018\/04\/4-7-263x188.jpg 263w, https:\/\/www.rivera.gub.uy\/portal\/wp-content\/uploads\/2018\/04\/4-7-768x549.jpg 768w, https:\/\/www.rivera.gub.uy\/portal\/wp-content\/uploads\/2018\/04\/4-7-876x626.jpg 876w, https:\/\/www.rivera.gub.uy\/portal\/wp-content\/uploads\/2018\/04\/4-7-820x586.jpg 820w\" sizes=\"auto, (max-width: 132px) 100vw, 132px\" \/><\/a>\n\t\t\t<\/div><\/figure>\n\t\t<\/div>\n\n<p>&nbsp;<\/p>\n<p><iframe loading=\"lazy\" width=\"1160\" height=\"653\" src=\"https:\/\/www.youtube.com\/embed\/ybbEQoxq5Sw?feature=oembed\" frameborder=\"0\" allow=\"autoplay; encrypted-media\" allowfullscreen><\/iframe><\/p>\n<p>&nbsp;<\/p>\n","protected":false},"excerpt":{"rendered":"<p>En la ma\u00f1ana del d\u00eda 18 de abril, jerarcas del Gobierno Departamental, encabezado por el Sr. Intendente, Dr. Marne Osorio Lima, Secretario General Cr. Richard Sander, Pro Secretario de la IDR, esc. Nelson Guti\u00e9rrez y el Director de Promoci\u00f3n y Acci\u00f3n Social, Cr. Giovani Conti, se hicieron presentes en barrio \u201cProgreso\u201d, junto a vecinos del [&hellip;]<\/p>\n","protected":false},"author":7,"featured_media":5362,"comment_status":"open","ping_status":"open","sticky":false,"template":"","format":"standard","meta":{"footnotes":""},"categories":[21,1],"tags":[400,609,150,361,607,608,345,114,36,606,120,531,377,33],"class_list":["post-5361","post","type-post","status-publish","format-standard","has-post-thumbnail","hentry","category-municipios","category-novedades","tag-barrio","tag-capacitaciones","tag-centros-barriales","tag-comodato","tag-culturales","tag-deportivas","tag-dgpas","tag-idr","tag-intendencia","tag-la-canilla","tag-marne-osorio","tag-politicas-sociales","tag-progreso","tag-rivera"],"_links":{"self":[{"href":"https:\/\/www.rivera.gub.uy\/portal\/wp-json\/wp\/v2\/posts\/5361","targetHints":{"allow":["GET"]}}],"collection":[{"href":"https:\/\/www.rivera.gub.uy\/portal\/wp-json\/wp\/v2\/posts"}],"about":[{"href":"https:\/\/www.rivera.gub.uy\/portal\/wp-json\/wp\/v2\/types\/post"}],"author":[{"embeddable":true,"href":"https:\/\/www.rivera.gub.uy\/portal\/wp-json\/wp\/v2\/users\/7"}],"replies":[{"embeddable":true,"href":"https:\/\/www.rivera.gub.uy\/portal\/wp-json\/wp\/v2\/comments?post=5361"}],"version-history":[{"count":3,"href":"https:\/\/www.rivera.gub.uy\/portal\/wp-json\/wp\/v2\/posts\/5361\/revisions"}],"predecessor-version":[{"id":5370,"href":"https:\/\/www.rivera.gub.uy\/portal\/wp-json\/wp\/v2\/posts\/5361\/revisions\/5370"}],"wp:featuredmedia":[{"embeddable":true,"href":"https:\/\/www.rivera.gub.uy\/portal\/wp-json\/wp\/v2\/media\/5362"}],"wp:attachment":[{"href":"https:\/\/www.rivera.gub.uy\/portal\/wp-json\/wp\/v2\/media?parent=5361"}],"wp:term":[{"taxonomy":"category","embeddable":true,"href":"https:\/\/www.rivera.gub.uy\/portal\/wp-json\/wp\/v2\/categories?post=5361"},{"taxonomy":"post_tag","embeddable":true,"href":"https:\/\/www.rivera.gub.uy\/portal\/wp-json\/wp\/v2\/tags?post=5361"}],"curies":[{"name":"wp","href":"https:\/\/api.w.org\/{rel}","templated":true}]}}