{"id":5454,"date":"2018-04-30T19:30:34","date_gmt":"2018-04-30T22:30:34","guid":{"rendered":"http:\/\/www.rivera.gub.uy\/portal\/?p=5454"},"modified":"2018-05-29T09:52:11","modified_gmt":"2018-05-29T12:52:11","slug":"reunion-entre-intendente-masoneria-del-uruguay-y-fymnsa-tiene-como-resultado-trabajar-en-demandas-sociales-del-departamento","status":"publish","type":"post","link":"https:\/\/www.rivera.gub.uy\/portal\/reunion-entre-intendente-masoneria-del-uruguay-y-fymnsa-tiene-como-resultado-trabajar-en-demandas-sociales-del-departamento\/","title":{"rendered":"Reuni\u00f3n entre Intendente, Masoner\u00eda del Uruguay y FYMNSA, tiene como resultado trabajar en demandas sociales del departamento"},"content":{"rendered":"<p>El intendente departamental de Rivera, Dr. Marne Osorio Lima, junto al gran Maestro de la Masoner\u00eda del Uruguay, Dr. Jos\u00e9 Garchitorena y el titular de la empresa forestadora, FYMNSA, Lorenzo Balerio, se reunieron en el despacho del mandatario para abordar temas de necesidad para el departamento.<!--more--><\/p>\n<p>Referente a las necesidades abordadas Osorio, destac\u00f3 la demanda por parte de la comunidad, que refiere a los refugios peatonales y la creaci\u00f3n de espacios para ni\u00f1os, con juegos para los mismos, en las escuelas rurales del interior profundo del departamento.<\/p>\n<p>El jerarca comunal enfatiz\u00f3: \u201c..Fymnsa una vez m\u00e1s se hace presente como socio aportando materiales para empezar a desarrollar este proyecto, junto a la Masoner\u00eda del Uruguay, que nos permite avanzar en la articulaci\u00f3n y en el proceso de implementaci\u00f3n, junto a asociaciones civiles del medio, que trabajan con j\u00f3venes en el proceso de recuperaci\u00f3n de adicciones y que se est\u00e1n capacitando para llevar a cabo este trabajo para la comunidad\u201d.<\/p>\n<p>El Dr. Garchitorena, explic\u00f3 que ya hab\u00edan tenido una experiencia y hoy vuelven a estar presentes como articuladores para concretar la demanda social.<\/p>\n<p>Por su parte el titular de la empresa Fymnsa, Balerio, agreg\u00f3: \u201ces un honor poder colaborar por la capacidad de hacer que nos caracteriza y todo es por nuestro queridisimo departamento\u201d<\/p>\n<p>El intendente destac\u00f3 que en el mes de mayo ya se comienzan a construir aproximadamente 15 refugios peatonales mensuales, destinados a barrios que est\u00e1n en agenda y en las tres Alcald\u00edas del departamento.<br \/>\nAgreg\u00f3 que la demanda de refugios es muy grande significando un total de 300 refugios peatonales, aclarando que: \u201chay que ir achicando esa brecha por la necesidad de la comunidad y tambi\u00e9n en algunos centros estudiantiles del interior del departamento\u201d.<\/p>\n<div id='gallery-1' class='gallery galleryid-5454 gallery-columns-2 gallery-size-medium'><figure class='gallery-item'>\n\t\t\t<div class='gallery-icon landscape'>\n\t\t\t\t<a href='https:\/\/www.rivera.gub.uy\/portal\/wp-content\/uploads\/2018\/04\/1-17.jpg'><img loading=\"lazy\" decoding=\"async\" width=\"263\" height=\"188\" src=\"https:\/\/www.rivera.gub.uy\/portal\/wp-content\/uploads\/2018\/04\/1-17-263x188.jpg\" class=\"attachment-medium size-medium\" alt=\"\" srcset=\"https:\/\/www.rivera.gub.uy\/portal\/wp-content\/uploads\/2018\/04\/1-17-263x188.jpg 263w, https:\/\/www.rivera.gub.uy\/portal\/wp-content\/uploads\/2018\/04\/1-17-132x94.jpg 132w, https:\/\/www.rivera.gub.uy\/portal\/wp-content\/uploads\/2018\/04\/1-17-768x549.jpg 768w, https:\/\/www.rivera.gub.uy\/portal\/wp-content\/uploads\/2018\/04\/1-17-876x626.jpg 876w, https:\/\/www.rivera.gub.uy\/portal\/wp-content\/uploads\/2018\/04\/1-17-820x586.jpg 820w\" sizes=\"auto, (max-width: 263px) 100vw, 263px\" \/><\/a>\n\t\t\t<\/div><\/figure><figure class='gallery-item'>\n\t\t\t<div class='gallery-icon landscape'>\n\t\t\t\t<a href='https:\/\/www.rivera.gub.uy\/portal\/wp-content\/uploads\/2018\/04\/2-13.jpg'><img loading=\"lazy\" decoding=\"async\" width=\"263\" height=\"188\" src=\"https:\/\/www.rivera.gub.uy\/portal\/wp-content\/uploads\/2018\/04\/2-13-263x188.jpg\" class=\"attachment-medium size-medium\" alt=\"\" srcset=\"https:\/\/www.rivera.gub.uy\/portal\/wp-content\/uploads\/2018\/04\/2-13-263x188.jpg 263w, https:\/\/www.rivera.gub.uy\/portal\/wp-content\/uploads\/2018\/04\/2-13-132x94.jpg 132w, https:\/\/www.rivera.gub.uy\/portal\/wp-content\/uploads\/2018\/04\/2-13-768x549.jpg 768w, https:\/\/www.rivera.gub.uy\/portal\/wp-content\/uploads\/2018\/04\/2-13-876x626.jpg 876w, https:\/\/www.rivera.gub.uy\/portal\/wp-content\/uploads\/2018\/04\/2-13-820x586.jpg 820w\" sizes=\"auto, (max-width: 263px) 100vw, 263px\" \/><\/a>\n\t\t\t<\/div><\/figure>\n\t\t<\/div>\n\n<p>&nbsp;<\/p>\n<p><iframe loading=\"lazy\" width=\"1160\" height=\"653\" src=\"https:\/\/www.youtube.com\/embed\/vcbCfDEi1Rw?feature=oembed\" frameborder=\"0\" allow=\"autoplay; encrypted-media\" allowfullscreen><\/iframe><\/p>\n","protected":false},"excerpt":{"rendered":"<p>El intendente departamental de Rivera, Dr. Marne Osorio Lima, junto al gran Maestro de la Masoner\u00eda del Uruguay, Dr. Jos\u00e9 Garchitorena y el titular de la empresa forestadora, FYMNSA, Lorenzo Balerio, se reunieron en el despacho del mandatario para abordar temas de necesidad para el departamento.<\/p>\n","protected":false},"author":7,"featured_media":5455,"comment_status":"open","ping_status":"open","sticky":false,"template":"","format":"standard","meta":{"footnotes":""},"categories":[3,1],"tags":[175,502,114,36,120,503,604,33],"class_list":["post-5454","post","type-post","status-publish","format-standard","has-post-thumbnail","hentry","category-multimedia","category-novedades","tag-comunidad","tag-fymsa","tag-idr","tag-intendencia","tag-marne-osorio","tag-masoneria","tag-refugios","tag-rivera"],"_links":{"self":[{"href":"https:\/\/www.rivera.gub.uy\/portal\/wp-json\/wp\/v2\/posts\/5454","targetHints":{"allow":["GET"]}}],"collection":[{"href":"https:\/\/www.rivera.gub.uy\/portal\/wp-json\/wp\/v2\/posts"}],"about":[{"href":"https:\/\/www.rivera.gub.uy\/portal\/wp-json\/wp\/v2\/types\/post"}],"author":[{"embeddable":true,"href":"https:\/\/www.rivera.gub.uy\/portal\/wp-json\/wp\/v2\/users\/7"}],"replies":[{"embeddable":true,"href":"https:\/\/www.rivera.gub.uy\/portal\/wp-json\/wp\/v2\/comments?post=5454"}],"version-history":[{"count":4,"href":"https:\/\/www.rivera.gub.uy\/portal\/wp-json\/wp\/v2\/posts\/5454\/revisions"}],"predecessor-version":[{"id":5466,"href":"https:\/\/www.rivera.gub.uy\/portal\/wp-json\/wp\/v2\/posts\/5454\/revisions\/5466"}],"wp:featuredmedia":[{"embeddable":true,"href":"https:\/\/www.rivera.gub.uy\/portal\/wp-json\/wp\/v2\/media\/5455"}],"wp:attachment":[{"href":"https:\/\/www.rivera.gub.uy\/portal\/wp-json\/wp\/v2\/media?parent=5454"}],"wp:term":[{"taxonomy":"category","embeddable":true,"href":"https:\/\/www.rivera.gub.uy\/portal\/wp-json\/wp\/v2\/categories?post=5454"},{"taxonomy":"post_tag","embeddable":true,"href":"https:\/\/www.rivera.gub.uy\/portal\/wp-json\/wp\/v2\/tags?post=5454"}],"curies":[{"name":"wp","href":"https:\/\/api.w.org\/{rel}","templated":true}]}}