{"id":5477,"date":"2018-05-03T15:00:21","date_gmt":"2018-05-03T18:00:21","guid":{"rendered":"http:\/\/www.rivera.gub.uy\/portal\/?p=5477"},"modified":"2018-05-04T18:25:49","modified_gmt":"2018-05-04T21:25:49","slug":"informe-y-situacion-de-las-lluvias-caidas-en-rivera-desde-el-cecoed","status":"publish","type":"post","link":"https:\/\/www.rivera.gub.uy\/portal\/informe-y-situacion-de-las-lluvias-caidas-en-rivera-desde-el-cecoed\/","title":{"rendered":"Informe: Precipitaciones en Rivera,  desde el CECOED"},"content":{"rendered":"<p>El Comit\u00e9 de Emergencia Departamental de Rivera (CECOED), trabaj\u00f3 intensamente este mi\u00e9rcoles 2 y jueves 3 de mayo, tras las intensas lluvias ca\u00eddas en nuestro departamento.<\/p>\n<p>El coordinador del Comit\u00e9 de Emergencia, T\/A. Gustavo Guedes, inform\u00f3 que en 24 horas cayeron 223 mm de agua en el departamento, lo que representa gran cantidad en poco tiempo.<\/p>\n<p>El n\u00famero de evacuados es de 30 personas, todas se encuentran albergadas en el Refugio de Avda. Cuar\u00f3, Dr. Altivo Est\u00e9ves, de los cuales 18 son ni\u00f1os, 12 adultos y 20 auto evacuados, quienes se refugiaron en casas de familiares y vecinos.<!--more--><\/p>\n<p>Guedes destac\u00f3: \u201cSe superaron m\u00e1s de 60 llamados (al Comit\u00e9) por motivos de obstrucci\u00f3n de ca\u00f1er\u00edas conectadas a la red del saneamiento de OSE, por el cual se procedi\u00f3 a atender y solucionar la situaci\u00f3n por parte de funcionarios del Comit\u00e9 de la Intendencia. Los barrios m\u00e1s afectados fueron, Tres Cruces, Progreso, Recreo, La Estiba, Lagun\u00f3n, Santa Isabel, Lavalleja, Bisio, La Racca y Pueblo Nuevo. Est\u00e1n trabajando los integrantes del Comit\u00e9 Departamental de Emergencias junto a Bomberos, Polic\u00edas, Regimiento, Departamental de Salud, OSE y MIDES\u201d.<\/p>\n<p>De acuerdo al informe anterior proporcionado por el CECOED, en las \u00faltima inundaci\u00f3n de diciembre del a\u00f1o 2015, con lluvias de 300 mm durante 4 d\u00edas, se tuvieron socorrer alrededor de m\u00e1s de 1.145 personas auto evacuados de los diferentes barrios de nuestra ciudad y 130 evacuados representando un total de casi 1.300 personas perjudicadas.<\/p>\n<p>El coordinador afirm\u00f3: \u201cHoy la realidad es otra, luego de la obra del arroyo Cu\u00f1apir\u00fa, cambi\u00f3 totalmente el panorama porque llovi\u00f3 223 mm en 24 horas y tuvimos 50 personas afectadas, 30 evacuados y 20 auto evacuados. Si comparamos con las anteriores lluvias que fueron peque\u00f1as, no resalta el resultado porque ya hac\u00eda parte del drenaje, pero si viajamos en el tiempo podemos ver que las obras del arroyo cambiaron la realidad de las inundaciones del departamento. Si se mantuviera la tendencia del a\u00f1o 2015, la cantidad de afectados por estas lluvias ser\u00edan de m\u00e1s de 2.000 personas\u201d.<\/p>\n<p>Gustavo Guedes, aclar\u00f3 que el Comit\u00e9 se volvi\u00f3 a reunir en horas de la tarde del d\u00eda de ayer, y siguen en \u201cguardia permanente\u201d.<\/p>\n<p>&nbsp;<\/p>\n<p><iframe loading=\"lazy\" width=\"1160\" height=\"653\" src=\"https:\/\/www.youtube.com\/embed\/f_A2hAnv1JA?feature=oembed\" frameborder=\"0\" allow=\"autoplay; encrypted-media\" allowfullscreen><\/iframe><\/p>\n<p>&nbsp;<\/p>\n","protected":false},"excerpt":{"rendered":"<p>El Comit\u00e9 de Emergencia Departamental de Rivera (CECOED), trabaj\u00f3 intensamente este mi\u00e9rcoles 2 y jueves 3 de mayo, tras las intensas lluvias ca\u00eddas en nuestro departamento. El coordinador del Comit\u00e9 de Emergencia, T\/A. Gustavo Guedes, inform\u00f3 que en 24 horas cayeron 223 mm de agua en el departamento, lo que representa gran cantidad en poco [&hellip;]<\/p>\n","protected":false},"author":7,"featured_media":5483,"comment_status":"open","ping_status":"open","sticky":false,"template":"","format":"standard","meta":{"footnotes":""},"categories":[3,1],"tags":[507,36,33],"class_list":["post-5477","post","type-post","status-publish","format-standard","has-post-thumbnail","hentry","category-multimedia","category-novedades","tag-cecoed","tag-intendencia","tag-rivera"],"_links":{"self":[{"href":"https:\/\/www.rivera.gub.uy\/portal\/wp-json\/wp\/v2\/posts\/5477","targetHints":{"allow":["GET"]}}],"collection":[{"href":"https:\/\/www.rivera.gub.uy\/portal\/wp-json\/wp\/v2\/posts"}],"about":[{"href":"https:\/\/www.rivera.gub.uy\/portal\/wp-json\/wp\/v2\/types\/post"}],"author":[{"embeddable":true,"href":"https:\/\/www.rivera.gub.uy\/portal\/wp-json\/wp\/v2\/users\/7"}],"replies":[{"embeddable":true,"href":"https:\/\/www.rivera.gub.uy\/portal\/wp-json\/wp\/v2\/comments?post=5477"}],"version-history":[{"count":6,"href":"https:\/\/www.rivera.gub.uy\/portal\/wp-json\/wp\/v2\/posts\/5477\/revisions"}],"predecessor-version":[{"id":5523,"href":"https:\/\/www.rivera.gub.uy\/portal\/wp-json\/wp\/v2\/posts\/5477\/revisions\/5523"}],"wp:featuredmedia":[{"embeddable":true,"href":"https:\/\/www.rivera.gub.uy\/portal\/wp-json\/wp\/v2\/media\/5483"}],"wp:attachment":[{"href":"https:\/\/www.rivera.gub.uy\/portal\/wp-json\/wp\/v2\/media?parent=5477"}],"wp:term":[{"taxonomy":"category","embeddable":true,"href":"https:\/\/www.rivera.gub.uy\/portal\/wp-json\/wp\/v2\/categories?post=5477"},{"taxonomy":"post_tag","embeddable":true,"href":"https:\/\/www.rivera.gub.uy\/portal\/wp-json\/wp\/v2\/tags?post=5477"}],"curies":[{"name":"wp","href":"https:\/\/api.w.org\/{rel}","templated":true}]}}