{"id":5492,"date":"2018-05-04T10:39:41","date_gmt":"2018-05-04T13:39:41","guid":{"rendered":"http:\/\/www.rivera.gub.uy\/portal\/?p=5492"},"modified":"2018-05-28T09:36:10","modified_gmt":"2018-05-28T12:36:10","slug":"resolucion-2097-18-dia-nacional-de-la-educacion-rural","status":"publish","type":"post","link":"https:\/\/www.rivera.gub.uy\/portal\/resolucion-2097-18-dia-nacional-de-la-educacion-rural\/","title":{"rendered":"Resoluci\u00f3n 2097\/18:  D\u00eda Nacional de la Educaci\u00f3n Rural"},"content":{"rendered":"<p>La IDR resuelve:<\/p>\n<p>&#8211; Decl\u00e1rase de inter\u00e9s departamental el &#8220;D\u00eda Nacional de la Educaci\u00f3n Rural&#8221;, que se realizar\u00e1 el 15 de mayo de 2018, en el local de la Sociedad Fomento Rural de Rivera en el Paraje Curticeiras.<\/p>\n<p>Resoluci\u00f3n (<a href=\"http:\/\/www.rivera.gub.uy\/portal\/wp-content\/uploads\/2018\/05\/res-2097-18.pdf\" target=\"_blank\" rel=\"noopener\">descargar<\/a>)<\/p>\n","protected":false},"excerpt":{"rendered":"<p>La IDR resuelve: &#8211; Decl\u00e1rase de inter\u00e9s departamental el &#8220;D\u00eda Nacional de la Educaci\u00f3n Rural&#8221;, que se realizar\u00e1 el 15 de mayo de 2018, en el local de la Sociedad Fomento Rural de Rivera en el Paraje Curticeiras. Resoluci\u00f3n (descargar)<\/p>\n","protected":false},"author":7,"featured_media":5494,"comment_status":"open","ping_status":"open","sticky":false,"template":"","format":"standard","meta":{"footnotes":""},"categories":[477],"tags":[172,447,36,508,33,116],"class_list":["post-5492","post","type-post","status-publish","format-standard","has-post-thumbnail","hentry","category-resoluciones","tag-curticeiras","tag-educacion","tag-intendencia","tag-resolucion","tag-rivera","tag-rural"],"_links":{"self":[{"href":"https:\/\/www.rivera.gub.uy\/portal\/wp-json\/wp\/v2\/posts\/5492","targetHints":{"allow":["GET"]}}],"collection":[{"href":"https:\/\/www.rivera.gub.uy\/portal\/wp-json\/wp\/v2\/posts"}],"about":[{"href":"https:\/\/www.rivera.gub.uy\/portal\/wp-json\/wp\/v2\/types\/post"}],"author":[{"embeddable":true,"href":"https:\/\/www.rivera.gub.uy\/portal\/wp-json\/wp\/v2\/users\/7"}],"replies":[{"embeddable":true,"href":"https:\/\/www.rivera.gub.uy\/portal\/wp-json\/wp\/v2\/comments?post=5492"}],"version-history":[{"count":1,"href":"https:\/\/www.rivera.gub.uy\/portal\/wp-json\/wp\/v2\/posts\/5492\/revisions"}],"predecessor-version":[{"id":5495,"href":"https:\/\/www.rivera.gub.uy\/portal\/wp-json\/wp\/v2\/posts\/5492\/revisions\/5495"}],"wp:featuredmedia":[{"embeddable":true,"href":"https:\/\/www.rivera.gub.uy\/portal\/wp-json\/wp\/v2\/media\/5494"}],"wp:attachment":[{"href":"https:\/\/www.rivera.gub.uy\/portal\/wp-json\/wp\/v2\/media?parent=5492"}],"wp:term":[{"taxonomy":"category","embeddable":true,"href":"https:\/\/www.rivera.gub.uy\/portal\/wp-json\/wp\/v2\/categories?post=5492"},{"taxonomy":"post_tag","embeddable":true,"href":"https:\/\/www.rivera.gub.uy\/portal\/wp-json\/wp\/v2\/tags?post=5492"}],"curies":[{"name":"wp","href":"https:\/\/api.w.org\/{rel}","templated":true}]}}