{"id":5499,"date":"2018-05-04T13:44:08","date_gmt":"2018-05-04T16:44:08","guid":{"rendered":"http:\/\/www.rivera.gub.uy\/portal\/?p=5499"},"modified":"2018-05-28T09:34:35","modified_gmt":"2018-05-28T12:34:35","slug":"lanzamiento-de-la-campana-mayo-amarillo","status":"publish","type":"post","link":"https:\/\/www.rivera.gub.uy\/portal\/lanzamiento-de-la-campana-mayo-amarillo\/","title":{"rendered":"Lanzamiento de la campa\u00f1a Mayo Amarillo"},"content":{"rendered":"<p>Se realiz\u00f3 en la sala de conferencias de la Intendencia Departamental de Rivera el lanzamiento de la <a href=\"https:\/\/mayoamarillouy.wixsite.com\/mayoamarillo\" target=\"_blank\" rel=\"noopener\">campa\u00f1a Mayo Amarillo 2018<\/a>, bajo el eslogan, #SomosElTransito.<br \/>\nEl movimiento llega a su tercera edici\u00f3n en Uruguay y tiene como objetivo impulsar la necesidad de disminuir el n\u00famero de muertes y heridos como consecuencia de los siniestros de tr\u00e1nsito.<!--more--><br \/>\nCon esta consigna quienes forman parte del movimiento proponen diferentes acciones durante todo el mes d\u00e1ndole lugar al tema en la agenda p\u00fablica.<\/p>\n<p>Estuvieron presentes en la mesa de conferencias el Secretario Gral. de la IDR, Cr. Richard Sander, Director Gral. de Tr\u00e1nsito y Transporte, Sr. Mauricio Gonz\u00e1lez, Jefe de Polic\u00eda de Rivera, Crio. Gral. Ricardo Pereira, Encargado del Destacamento de la Polic\u00eda Nacional de Tr\u00e1nsito, Sub. Oficial Mayor. Carlos Vargas, Jefe de la Polic\u00eda Rodoviaria de Livramento, Emerson Roberto Muniz Da Silva.<\/p>\n<p>Desde la Direcci\u00f3n General de Transito y Transporte de la IDR, se exhibi\u00f3 un video de sensibilizaci\u00f3n, con im\u00e1genes reales de lo que ocurre en el tr\u00e1nsito en el pa\u00eds y el mundo.<\/p>\n<p>Por su parte Mauricio Gonz\u00e1lez, destac\u00f3 la importancia de trabajar en conjunto a otras instituciones como la Prefeitura de Livramento, agregando que Rivera sigue estando con los mejores n\u00fameros a nivel pa\u00eds declarado por la UNASEV, de manera tal que se seguir\u00e1 trabajando en la sensibilizaci\u00f3n en escuelas e instituciones educativas.<\/p>\n<p>Continuando, el Secretario Gral. de la comuna, Cr. Richard Sander, afirm\u00f3 el compromiso de seguir avanzando en ese sentido, \u201cno bajando los brazos sino indicando que estamos en buen camino, junto a las instituciones de Rivera y Livramento\u201d.<\/p>\n<p>A continuaci\u00f3n se destac\u00f3 las reglas de tr\u00e1nsito y algunas que vienen siendo un peligro inminente como: \u201chablar al celular mientras se conduce y que el conductor utilice mate y termo al conducir\u201d, destacando que est\u00e1n legisladas y corresponden a una multa de 4UR (Unidades Reajustables)cualquiera de ellas.<\/p>\n<div id='gallery-1' class='gallery galleryid-5499 gallery-columns-4 gallery-size-thumbnail'><figure class='gallery-item'>\n\t\t\t<div class='gallery-icon landscape'>\n\t\t\t\t<a href='https:\/\/www.rivera.gub.uy\/portal\/wp-content\/uploads\/2018\/05\/1.jpg'><img loading=\"lazy\" decoding=\"async\" width=\"141\" height=\"94\" src=\"https:\/\/www.rivera.gub.uy\/portal\/wp-content\/uploads\/2018\/05\/1-141x94.jpg\" class=\"attachment-thumbnail size-thumbnail\" alt=\"\" srcset=\"https:\/\/www.rivera.gub.uy\/portal\/wp-content\/uploads\/2018\/05\/1-141x94.jpg 141w, https:\/\/www.rivera.gub.uy\/portal\/wp-content\/uploads\/2018\/05\/1-281x188.jpg 281w, https:\/\/www.rivera.gub.uy\/portal\/wp-content\/uploads\/2018\/05\/1-768x513.jpg 768w, https:\/\/www.rivera.gub.uy\/portal\/wp-content\/uploads\/2018\/05\/1-936x626.jpg 936w, https:\/\/www.rivera.gub.uy\/portal\/wp-content\/uploads\/2018\/05\/1-600x400.jpg 600w, https:\/\/www.rivera.gub.uy\/portal\/wp-content\/uploads\/2018\/05\/1-820x548.jpg 820w, https:\/\/www.rivera.gub.uy\/portal\/wp-content\/uploads\/2018\/05\/1-272x182.jpg 272w\" sizes=\"auto, (max-width: 141px) 100vw, 141px\" \/><\/a>\n\t\t\t<\/div><\/figure><figure class='gallery-item'>\n\t\t\t<div class='gallery-icon portrait'>\n\t\t\t\t<a href='https:\/\/www.rivera.gub.uy\/portal\/wp-content\/uploads\/2018\/05\/2.jpg'><img loading=\"lazy\" decoding=\"async\" width=\"63\" height=\"94\" src=\"https:\/\/www.rivera.gub.uy\/portal\/wp-content\/uploads\/2018\/05\/2-63x94.jpg\" class=\"attachment-thumbnail size-thumbnail\" alt=\"\" srcset=\"https:\/\/www.rivera.gub.uy\/portal\/wp-content\/uploads\/2018\/05\/2-63x94.jpg 63w, https:\/\/www.rivera.gub.uy\/portal\/wp-content\/uploads\/2018\/05\/2-126x188.jpg 126w, https:\/\/www.rivera.gub.uy\/portal\/wp-content\/uploads\/2018\/05\/2-768x1149.jpg 768w, https:\/\/www.rivera.gub.uy\/portal\/wp-content\/uploads\/2018\/05\/2-418x626.jpg 418w, https:\/\/www.rivera.gub.uy\/portal\/wp-content\/uploads\/2018\/05\/2-820x1227.jpg 820w, https:\/\/www.rivera.gub.uy\/portal\/wp-content\/uploads\/2018\/05\/2.jpg 2000w\" sizes=\"auto, (max-width: 63px) 100vw, 63px\" \/><\/a>\n\t\t\t<\/div><\/figure><figure class='gallery-item'>\n\t\t\t<div class='gallery-icon portrait'>\n\t\t\t\t<a href='https:\/\/www.rivera.gub.uy\/portal\/wp-content\/uploads\/2018\/05\/3.jpg'><img loading=\"lazy\" decoding=\"async\" width=\"63\" height=\"94\" src=\"https:\/\/www.rivera.gub.uy\/portal\/wp-content\/uploads\/2018\/05\/3-63x94.jpg\" class=\"attachment-thumbnail size-thumbnail\" alt=\"\" srcset=\"https:\/\/www.rivera.gub.uy\/portal\/wp-content\/uploads\/2018\/05\/3-63x94.jpg 63w, https:\/\/www.rivera.gub.uy\/portal\/wp-content\/uploads\/2018\/05\/3-126x188.jpg 126w, https:\/\/www.rivera.gub.uy\/portal\/wp-content\/uploads\/2018\/05\/3-768x1149.jpg 768w, https:\/\/www.rivera.gub.uy\/portal\/wp-content\/uploads\/2018\/05\/3-418x626.jpg 418w, https:\/\/www.rivera.gub.uy\/portal\/wp-content\/uploads\/2018\/05\/3-820x1227.jpg 820w, https:\/\/www.rivera.gub.uy\/portal\/wp-content\/uploads\/2018\/05\/3.jpg 2000w\" sizes=\"auto, (max-width: 63px) 100vw, 63px\" \/><\/a>\n\t\t\t<\/div><\/figure><figure class='gallery-item'>\n\t\t\t<div class='gallery-icon portrait'>\n\t\t\t\t<a href='https:\/\/www.rivera.gub.uy\/portal\/wp-content\/uploads\/2018\/05\/4.jpg'><img loading=\"lazy\" decoding=\"async\" width=\"63\" height=\"94\" src=\"https:\/\/www.rivera.gub.uy\/portal\/wp-content\/uploads\/2018\/05\/4-63x94.jpg\" class=\"attachment-thumbnail size-thumbnail\" alt=\"\" srcset=\"https:\/\/www.rivera.gub.uy\/portal\/wp-content\/uploads\/2018\/05\/4-63x94.jpg 63w, https:\/\/www.rivera.gub.uy\/portal\/wp-content\/uploads\/2018\/05\/4-126x188.jpg 126w, https:\/\/www.rivera.gub.uy\/portal\/wp-content\/uploads\/2018\/05\/4-768x1149.jpg 768w, https:\/\/www.rivera.gub.uy\/portal\/wp-content\/uploads\/2018\/05\/4-418x626.jpg 418w, https:\/\/www.rivera.gub.uy\/portal\/wp-content\/uploads\/2018\/05\/4-820x1227.jpg 820w, https:\/\/www.rivera.gub.uy\/portal\/wp-content\/uploads\/2018\/05\/4.jpg 2000w\" sizes=\"auto, (max-width: 63px) 100vw, 63px\" \/><\/a>\n\t\t\t<\/div><\/figure>\n\t\t<\/div>\n\n<p><iframe loading=\"lazy\" width=\"1160\" height=\"653\" src=\"https:\/\/www.youtube.com\/embed\/huFn2-A-k_E?feature=oembed\" frameborder=\"0\" allow=\"autoplay; encrypted-media\" allowfullscreen><\/iframe><\/p>\n<p>&nbsp;<\/p>\n","protected":false},"excerpt":{"rendered":"<p>Se realiz\u00f3 en la sala de conferencias de la Intendencia Departamental de Rivera el lanzamiento de la campa\u00f1a Mayo Amarillo 2018, bajo el eslogan, #SomosElTransito. El movimiento llega a su tercera edici\u00f3n en Uruguay y tiene como objetivo impulsar la necesidad de disminuir el n\u00famero de muertes y heridos como consecuencia de los siniestros de [&hellip;]<\/p>\n","protected":false},"author":7,"featured_media":5500,"comment_status":"open","ping_status":"open","sticky":false,"template":"","format":"standard","meta":{"footnotes":""},"categories":[3,1],"tags":[328,114,36,509,33,594,43,96],"class_list":["post-5499","post","type-post","status-publish","format-standard","has-post-thumbnail","hentry","category-multimedia","category-novedades","tag-dgtt","tag-idr","tag-intendencia","tag-mayo-amarillo","tag-rivera","tag-somos-el-transito","tag-transito","tag-transporte"],"_links":{"self":[{"href":"https:\/\/www.rivera.gub.uy\/portal\/wp-json\/wp\/v2\/posts\/5499","targetHints":{"allow":["GET"]}}],"collection":[{"href":"https:\/\/www.rivera.gub.uy\/portal\/wp-json\/wp\/v2\/posts"}],"about":[{"href":"https:\/\/www.rivera.gub.uy\/portal\/wp-json\/wp\/v2\/types\/post"}],"author":[{"embeddable":true,"href":"https:\/\/www.rivera.gub.uy\/portal\/wp-json\/wp\/v2\/users\/7"}],"replies":[{"embeddable":true,"href":"https:\/\/www.rivera.gub.uy\/portal\/wp-json\/wp\/v2\/comments?post=5499"}],"version-history":[{"count":2,"href":"https:\/\/www.rivera.gub.uy\/portal\/wp-json\/wp\/v2\/posts\/5499\/revisions"}],"predecessor-version":[{"id":5505,"href":"https:\/\/www.rivera.gub.uy\/portal\/wp-json\/wp\/v2\/posts\/5499\/revisions\/5505"}],"wp:featuredmedia":[{"embeddable":true,"href":"https:\/\/www.rivera.gub.uy\/portal\/wp-json\/wp\/v2\/media\/5500"}],"wp:attachment":[{"href":"https:\/\/www.rivera.gub.uy\/portal\/wp-json\/wp\/v2\/media?parent=5499"}],"wp:term":[{"taxonomy":"category","embeddable":true,"href":"https:\/\/www.rivera.gub.uy\/portal\/wp-json\/wp\/v2\/categories?post=5499"},{"taxonomy":"post_tag","embeddable":true,"href":"https:\/\/www.rivera.gub.uy\/portal\/wp-json\/wp\/v2\/tags?post=5499"}],"curies":[{"name":"wp","href":"https:\/\/api.w.org\/{rel}","templated":true}]}}