{"id":5549,"date":"2018-05-08T10:03:48","date_gmt":"2018-05-08T13:03:48","guid":{"rendered":"http:\/\/www.rivera.gub.uy\/portal\/?p=5549"},"modified":"2018-05-28T09:16:48","modified_gmt":"2018-05-28T12:16:48","slug":"escuela-de-villa-indart-recibe-una-bomba-sumergible-para-pozo","status":"publish","type":"post","link":"https:\/\/www.rivera.gub.uy\/portal\/escuela-de-villa-indart-recibe-una-bomba-sumergible-para-pozo\/","title":{"rendered":"Escuela de Villa Indart, recibe una Bomba Sumergible para  pozo"},"content":{"rendered":"<p>Desde la Direcci\u00f3n General de Desarrollo y Medio Ambiente de la IDR, a trav\u00e9s de la Divisi\u00f3n de Desarrollo Rural, mediante el Equipo del Departamento de Alumbramiento de Agua, vienen realizando varias tareas que tienen como objetivo atender a la poblaci\u00f3n de la zona rural del departamento, en escuelas, predios rurales y centros poblados, en abastecimiento de agua.<!--more--><br \/>\nEl equipo viene colocando bombas, recambio de bombas y mantenimiento de las mismas abarcando una gran poblaci\u00f3n beneficiada.<br \/>\nSeg\u00fan expresiones del encargado del Departamento de Alumbramiento de Agua, Atanacildo Souza, aclar\u00f3 que \u00e9ste lunes 7 de mayo se coloc\u00f3 una Bomba Sumergible, en el pozo de la Escuela 65 de Villa Indart.<\/p>\n<p>Indic\u00f3: &#8220;El pozo tiene 50 metros de profundidad, la bomba est\u00e1 a 43 metros, el est\u00e1tico est\u00e1 en 27 metros, se puede prender por 19 minutos y esperar 35 minutos para que vuelva a su caudal est\u00e1tico de 27 metros. Todav\u00eda no est\u00e1 normal su est\u00e1tico que era de 12 metros antes de la sequ\u00eda en el mes de diciembre&#8221;, manifest\u00f3 Souza.<\/p>\n<p>La poblaci\u00f3n rural es &#8220;indefinida&#8221; ya que se viene trabajando de forma constante en varios centros poblados&#8221;\u2026 se trabaj\u00f3 en zona de La Calera y adem\u00e1s se atiende el Aut\u00f3dromo y otros lugares en la ciudad de Rivera&#8221;. Concluy\u00f3.<\/p>\n<div id='gallery-1' class='gallery galleryid-5549 gallery-columns-2 gallery-size-medium'><figure class='gallery-item'>\n\t\t\t<div class='gallery-icon portrait'>\n\t\t\t\t<a href='https:\/\/www.rivera.gub.uy\/portal\/wp-content\/uploads\/2018\/05\/1-2.jpg'><img loading=\"lazy\" decoding=\"async\" width=\"141\" height=\"188\" src=\"https:\/\/www.rivera.gub.uy\/portal\/wp-content\/uploads\/2018\/05\/1-2-141x188.jpg\" class=\"attachment-medium size-medium\" alt=\"\" srcset=\"https:\/\/www.rivera.gub.uy\/portal\/wp-content\/uploads\/2018\/05\/1-2-141x188.jpg 141w, https:\/\/www.rivera.gub.uy\/portal\/wp-content\/uploads\/2018\/05\/1-2-71x94.jpg 71w, https:\/\/www.rivera.gub.uy\/portal\/wp-content\/uploads\/2018\/05\/1-2-768x1024.jpg 768w, https:\/\/www.rivera.gub.uy\/portal\/wp-content\/uploads\/2018\/05\/1-2-470x626.jpg 470w, https:\/\/www.rivera.gub.uy\/portal\/wp-content\/uploads\/2018\/05\/1-2-820x1093.jpg 820w, https:\/\/www.rivera.gub.uy\/portal\/wp-content\/uploads\/2018\/05\/1-2.jpg 1200w\" sizes=\"auto, (max-width: 141px) 100vw, 141px\" \/><\/a>\n\t\t\t<\/div><\/figure><figure class='gallery-item'>\n\t\t\t<div class='gallery-icon landscape'>\n\t\t\t\t<a href='https:\/\/www.rivera.gub.uy\/portal\/wp-content\/uploads\/2018\/05\/2-2.jpg'><img loading=\"lazy\" decoding=\"async\" width=\"300\" height=\"180\" src=\"https:\/\/www.rivera.gub.uy\/portal\/wp-content\/uploads\/2018\/05\/2-2-300x180.jpg\" class=\"attachment-medium size-medium\" alt=\"\" srcset=\"https:\/\/www.rivera.gub.uy\/portal\/wp-content\/uploads\/2018\/05\/2-2-300x180.jpg 300w, https:\/\/www.rivera.gub.uy\/portal\/wp-content\/uploads\/2018\/05\/2-2-150x90.jpg 150w, https:\/\/www.rivera.gub.uy\/portal\/wp-content\/uploads\/2018\/05\/2-2-768x461.jpg 768w, https:\/\/www.rivera.gub.uy\/portal\/wp-content\/uploads\/2018\/05\/2-2-1000x600.jpg 1000w, https:\/\/www.rivera.gub.uy\/portal\/wp-content\/uploads\/2018\/05\/2-2-820x492.jpg 820w, https:\/\/www.rivera.gub.uy\/portal\/wp-content\/uploads\/2018\/05\/2-2.jpg 1600w\" sizes=\"auto, (max-width: 300px) 100vw, 300px\" \/><\/a>\n\t\t\t<\/div><\/figure>\n\t\t<\/div>\n\n","protected":false},"excerpt":{"rendered":"<p>Desde la Direcci\u00f3n General de Desarrollo y Medio Ambiente de la IDR, a trav\u00e9s de la Divisi\u00f3n de Desarrollo Rural, mediante el Equipo del Departamento de Alumbramiento de Agua, vienen realizando varias tareas que tienen como objetivo atender a la poblaci\u00f3n de la zona rural del departamento, en escuelas, predios rurales y centros poblados, en [&hellip;]<\/p>\n","protected":false},"author":7,"featured_media":5551,"comment_status":"open","ping_status":"open","sticky":false,"template":"","format":"standard","meta":{"footnotes":""},"categories":[1],"tags":[80,178,380,114,36,79,33,493],"class_list":["post-5549","post","type-post","status-publish","format-standard","has-post-thumbnail","hentry","category-novedades","tag-desarrollo","tag-desarrollo-rural","tag-dgdma","tag-idr","tag-intendencia","tag-medio-ambiente","tag-rivera","tag-villa-indart"],"_links":{"self":[{"href":"https:\/\/www.rivera.gub.uy\/portal\/wp-json\/wp\/v2\/posts\/5549","targetHints":{"allow":["GET"]}}],"collection":[{"href":"https:\/\/www.rivera.gub.uy\/portal\/wp-json\/wp\/v2\/posts"}],"about":[{"href":"https:\/\/www.rivera.gub.uy\/portal\/wp-json\/wp\/v2\/types\/post"}],"author":[{"embeddable":true,"href":"https:\/\/www.rivera.gub.uy\/portal\/wp-json\/wp\/v2\/users\/7"}],"replies":[{"embeddable":true,"href":"https:\/\/www.rivera.gub.uy\/portal\/wp-json\/wp\/v2\/comments?post=5549"}],"version-history":[{"count":2,"href":"https:\/\/www.rivera.gub.uy\/portal\/wp-json\/wp\/v2\/posts\/5549\/revisions"}],"predecessor-version":[{"id":5553,"href":"https:\/\/www.rivera.gub.uy\/portal\/wp-json\/wp\/v2\/posts\/5549\/revisions\/5553"}],"wp:featuredmedia":[{"embeddable":true,"href":"https:\/\/www.rivera.gub.uy\/portal\/wp-json\/wp\/v2\/media\/5551"}],"wp:attachment":[{"href":"https:\/\/www.rivera.gub.uy\/portal\/wp-json\/wp\/v2\/media?parent=5549"}],"wp:term":[{"taxonomy":"category","embeddable":true,"href":"https:\/\/www.rivera.gub.uy\/portal\/wp-json\/wp\/v2\/categories?post=5549"},{"taxonomy":"post_tag","embeddable":true,"href":"https:\/\/www.rivera.gub.uy\/portal\/wp-json\/wp\/v2\/tags?post=5549"}],"curies":[{"name":"wp","href":"https:\/\/api.w.org\/{rel}","templated":true}]}}