{"id":5556,"date":"2018-05-07T14:28:07","date_gmt":"2018-05-07T17:28:07","guid":{"rendered":"http:\/\/www.rivera.gub.uy\/portal\/?p=5556"},"modified":"2018-05-28T09:29:29","modified_gmt":"2018-05-28T12:29:29","slug":"finalizo-la-3a-fecha-del-campeonato-gaucho-de-marcas-y-pilotos","status":"publish","type":"post","link":"https:\/\/www.rivera.gub.uy\/portal\/finalizo-la-3a-fecha-del-campeonato-gaucho-de-marcas-y-pilotos\/","title":{"rendered":"Finaliz\u00f3 la 3\u00aa Fecha del Campeonato Ga\u00facho de Marcas y Pilotos"},"content":{"rendered":"<p>El pasado fin de semana, se llev\u00f3 a cabo, en el Aut\u00f3dromo Eduardo P. Cabrera, una nueva fecha del Campeonato Ga\u00facho de Marcas y Pilotos, que tuvo como novedad la presentaci\u00f3n de la categor\u00eda Sprint Race.\u00a0<!--more--><\/p>\n<p><iframe loading=\"lazy\" width=\"1160\" height=\"653\" src=\"https:\/\/www.youtube.com\/embed\/9x8LWKlPzxs?feature=oembed\" frameborder=\"0\" allow=\"autoplay; encrypted-media\" allowfullscreen><\/iframe><\/p>\n<p>&nbsp;<\/p>\n","protected":false},"excerpt":{"rendered":"<p>El pasado fin de semana, se llev\u00f3 a cabo, en el Aut\u00f3dromo Eduardo P. Cabrera, una nueva fecha del Campeonato Ga\u00facho de Marcas y Pilotos, que tuvo como novedad la presentaci\u00f3n de la categor\u00eda Sprint Race.\u00a0<\/p>\n","protected":false},"author":7,"featured_media":5471,"comment_status":"open","ping_status":"open","sticky":false,"template":"","format":"standard","meta":{"footnotes":""},"categories":[3,1],"tags":[146,149,145,114,144,33,593],"class_list":["post-5556","post","type-post","status-publish","format-standard","has-post-thumbnail","hentry","category-multimedia","category-novedades","tag-autodromo","tag-campeonato","tag-campeonato-gaucho","tag-idr","tag-marcas-y-pilotos","tag-rivera","tag-sprint-race"],"_links":{"self":[{"href":"https:\/\/www.rivera.gub.uy\/portal\/wp-json\/wp\/v2\/posts\/5556","targetHints":{"allow":["GET"]}}],"collection":[{"href":"https:\/\/www.rivera.gub.uy\/portal\/wp-json\/wp\/v2\/posts"}],"about":[{"href":"https:\/\/www.rivera.gub.uy\/portal\/wp-json\/wp\/v2\/types\/post"}],"author":[{"embeddable":true,"href":"https:\/\/www.rivera.gub.uy\/portal\/wp-json\/wp\/v2\/users\/7"}],"replies":[{"embeddable":true,"href":"https:\/\/www.rivera.gub.uy\/portal\/wp-json\/wp\/v2\/comments?post=5556"}],"version-history":[{"count":1,"href":"https:\/\/www.rivera.gub.uy\/portal\/wp-json\/wp\/v2\/posts\/5556\/revisions"}],"predecessor-version":[{"id":5557,"href":"https:\/\/www.rivera.gub.uy\/portal\/wp-json\/wp\/v2\/posts\/5556\/revisions\/5557"}],"wp:featuredmedia":[{"embeddable":true,"href":"https:\/\/www.rivera.gub.uy\/portal\/wp-json\/wp\/v2\/media\/5471"}],"wp:attachment":[{"href":"https:\/\/www.rivera.gub.uy\/portal\/wp-json\/wp\/v2\/media?parent=5556"}],"wp:term":[{"taxonomy":"category","embeddable":true,"href":"https:\/\/www.rivera.gub.uy\/portal\/wp-json\/wp\/v2\/categories?post=5556"},{"taxonomy":"post_tag","embeddable":true,"href":"https:\/\/www.rivera.gub.uy\/portal\/wp-json\/wp\/v2\/tags?post=5556"}],"curies":[{"name":"wp","href":"https:\/\/api.w.org\/{rel}","templated":true}]}}