{"id":5560,"date":"2018-05-08T19:17:51","date_gmt":"2018-05-08T22:17:51","guid":{"rendered":"http:\/\/www.rivera.gub.uy\/portal\/?p=5560"},"modified":"2018-05-28T09:12:33","modified_gmt":"2018-05-28T12:12:33","slug":"reunion-del-centro-coordinador-de-emergencias-departamentales-cecoed","status":"publish","type":"post","link":"https:\/\/www.rivera.gub.uy\/portal\/reunion-del-centro-coordinador-de-emergencias-departamentales-cecoed\/","title":{"rendered":"Reuni\u00f3n del Centro Coordinador de Emergencias Departamentales (CECOED)"},"content":{"rendered":"<p>El Comit\u00e9 Coordinador de Emergencia Departamental (CECOED), mantuvo una importante reuni\u00f3n de coordinaci\u00f3n este martes 8 de mayo, en la IDR, para organizar las actividades que involucran al LIRA.<!--more--><\/p>\n<p>A la misma asistieron referentes de las instituciones que integran el Comit\u00e9 a nivel del departamento: Regimiento de Caballer\u00eda Mecanizada Nro. 3, Jefatura de Polic\u00eda (Polic\u00eda Comunitaria), Direcci\u00f3n General de Desarrollo y Medio Ambiente a trav\u00e9s de sus Inspectores y Departamental de Salud.<\/p>\n<p>La reuni\u00f3n\u00a0 tuvo como objetivo organizar una actividad referente al Levantamiento de \u00cdndice R\u00e1pido de Aedes Aegypti (LIRA), \u00a0llevada a cabo en simult\u00e1neo en todo el pa\u00eds.<\/p>\n<p>En di\u00e1logo con el coordinador T\/A. Gustavo Guedes, aclar\u00f3 que Rivera forma parte de un plan piloto, en el cual participan 4 departamentos lo que \u201cpara Rivera es un honor\u201d y est\u00e1 planeado trabajar en todos los barrios de la ciudad a partir de \u00e9ste lunes 14 de mayo.<\/p>\n<p>Guedes indic\u00f3: \u201cLa idea es llegar a 50 casas por manzana,\u00a0 visitando y haciendo la revisi\u00f3n de larvas y de pupa; es importante una vez que se detecte la pupa, se contin\u00fae el proceso y as\u00ed se llegue al mosquito propiamente dicho. Este trabajo de campo de visita,\u00a0 es muy relevante en cuanto a la actividad de prevenci\u00f3n que es a lo que estamos apuntando. Esta actividad est\u00e1 enmarcada a nivel nacional desde el Ministerio de Salud P\u00fablica\u201d.<\/p>\n<p>En otro orden la Referente de Epidemiolog\u00eda de la Departamental de Salud,\u00a0 Lic. en Enfermer\u00eda,\u00a0 Nancy Su\u00e1rez, inform\u00f3 que la presencia del Aedes Aegypti en la ciudad en una realidad, agreg\u00f3 que \u201clos focos se concentran sobre la l\u00ednea divisoria, por la zona de frontera. No hubieron brotes ni epidemia de Dengue en\u00a0 este verano en todo el Uruguay. Sobre el Lira,\u00a0 lo que hacemos es relevar en invierno para prepararnos hacia el verano y estar alertas tomando todas las\u00a0 medidas posibles para evitar la reproducci\u00f3n del mosquito\u201d, enfatiz\u00f3.<\/p>\n<div id='gallery-1' class='gallery galleryid-5560 gallery-columns-4 gallery-size-thumbnail'><figure class='gallery-item'>\n\t\t\t<div class='gallery-icon landscape'>\n\t\t\t\t<a href='https:\/\/www.rivera.gub.uy\/portal\/wp-content\/uploads\/2018\/05\/1-3.jpg'><img loading=\"lazy\" decoding=\"async\" width=\"144\" height=\"94\" src=\"https:\/\/www.rivera.gub.uy\/portal\/wp-content\/uploads\/2018\/05\/1-3-144x94.jpg\" class=\"attachment-thumbnail size-thumbnail\" alt=\"\" srcset=\"https:\/\/www.rivera.gub.uy\/portal\/wp-content\/uploads\/2018\/05\/1-3-144x94.jpg 144w, https:\/\/www.rivera.gub.uy\/portal\/wp-content\/uploads\/2018\/05\/1-3-288x188.jpg 288w, https:\/\/www.rivera.gub.uy\/portal\/wp-content\/uploads\/2018\/05\/1-3-768x501.jpg 768w, https:\/\/www.rivera.gub.uy\/portal\/wp-content\/uploads\/2018\/05\/1-3-960x626.jpg 960w, https:\/\/www.rivera.gub.uy\/portal\/wp-content\/uploads\/2018\/05\/1-3-820x535.jpg 820w\" sizes=\"auto, (max-width: 144px) 100vw, 144px\" \/><\/a>\n\t\t\t<\/div><\/figure><figure class='gallery-item'>\n\t\t\t<div class='gallery-icon landscape'>\n\t\t\t\t<a href='https:\/\/www.rivera.gub.uy\/portal\/wp-content\/uploads\/2018\/05\/2-3.jpg'><img loading=\"lazy\" decoding=\"async\" width=\"144\" height=\"94\" src=\"https:\/\/www.rivera.gub.uy\/portal\/wp-content\/uploads\/2018\/05\/2-3-144x94.jpg\" class=\"attachment-thumbnail size-thumbnail\" alt=\"\" srcset=\"https:\/\/www.rivera.gub.uy\/portal\/wp-content\/uploads\/2018\/05\/2-3-144x94.jpg 144w, https:\/\/www.rivera.gub.uy\/portal\/wp-content\/uploads\/2018\/05\/2-3-288x188.jpg 288w, https:\/\/www.rivera.gub.uy\/portal\/wp-content\/uploads\/2018\/05\/2-3-768x501.jpg 768w, https:\/\/www.rivera.gub.uy\/portal\/wp-content\/uploads\/2018\/05\/2-3-960x626.jpg 960w, https:\/\/www.rivera.gub.uy\/portal\/wp-content\/uploads\/2018\/05\/2-3-820x535.jpg 820w\" sizes=\"auto, (max-width: 144px) 100vw, 144px\" \/><\/a>\n\t\t\t<\/div><\/figure><figure class='gallery-item'>\n\t\t\t<div class='gallery-icon landscape'>\n\t\t\t\t<a href='https:\/\/www.rivera.gub.uy\/portal\/wp-content\/uploads\/2018\/05\/3-2.jpg'><img loading=\"lazy\" decoding=\"async\" width=\"144\" height=\"94\" src=\"https:\/\/www.rivera.gub.uy\/portal\/wp-content\/uploads\/2018\/05\/3-2-144x94.jpg\" class=\"attachment-thumbnail size-thumbnail\" alt=\"\" srcset=\"https:\/\/www.rivera.gub.uy\/portal\/wp-content\/uploads\/2018\/05\/3-2-144x94.jpg 144w, https:\/\/www.rivera.gub.uy\/portal\/wp-content\/uploads\/2018\/05\/3-2-288x188.jpg 288w, https:\/\/www.rivera.gub.uy\/portal\/wp-content\/uploads\/2018\/05\/3-2-768x501.jpg 768w, https:\/\/www.rivera.gub.uy\/portal\/wp-content\/uploads\/2018\/05\/3-2-960x626.jpg 960w, https:\/\/www.rivera.gub.uy\/portal\/wp-content\/uploads\/2018\/05\/3-2-820x535.jpg 820w\" sizes=\"auto, (max-width: 144px) 100vw, 144px\" \/><\/a>\n\t\t\t<\/div><\/figure><figure class='gallery-item'>\n\t\t\t<div class='gallery-icon landscape'>\n\t\t\t\t<a href='https:\/\/www.rivera.gub.uy\/portal\/wp-content\/uploads\/2018\/05\/Lic-en-Enfermer\u00eda-Nancy-Su\u00e1rez.jpg'><img loading=\"lazy\" decoding=\"async\" width=\"144\" height=\"94\" src=\"https:\/\/www.rivera.gub.uy\/portal\/wp-content\/uploads\/2018\/05\/Lic-en-Enfermer\u00eda-Nancy-Su\u00e1rez-144x94.jpg\" class=\"attachment-thumbnail size-thumbnail\" alt=\"\" srcset=\"https:\/\/www.rivera.gub.uy\/portal\/wp-content\/uploads\/2018\/05\/Lic-en-Enfermer\u00eda-Nancy-Su\u00e1rez-144x94.jpg 144w, https:\/\/www.rivera.gub.uy\/portal\/wp-content\/uploads\/2018\/05\/Lic-en-Enfermer\u00eda-Nancy-Su\u00e1rez-288x188.jpg 288w, https:\/\/www.rivera.gub.uy\/portal\/wp-content\/uploads\/2018\/05\/Lic-en-Enfermer\u00eda-Nancy-Su\u00e1rez-768x501.jpg 768w, https:\/\/www.rivera.gub.uy\/portal\/wp-content\/uploads\/2018\/05\/Lic-en-Enfermer\u00eda-Nancy-Su\u00e1rez-960x626.jpg 960w, https:\/\/www.rivera.gub.uy\/portal\/wp-content\/uploads\/2018\/05\/Lic-en-Enfermer\u00eda-Nancy-Su\u00e1rez-820x535.jpg 820w\" sizes=\"auto, (max-width: 144px) 100vw, 144px\" \/><\/a>\n\t\t\t<\/div><\/figure>\n\t\t<\/div>\n\n<p>&nbsp;<\/p>\n<p><iframe loading=\"lazy\" width=\"1160\" height=\"653\" src=\"https:\/\/www.youtube.com\/embed\/D3ZcStBNZrA?feature=oembed\" frameborder=\"0\" allow=\"autoplay; encrypted-media\" allowfullscreen><\/iframe><\/p>\n<p>&nbsp;<\/p>\n","protected":false},"excerpt":{"rendered":"<p>El Comit\u00e9 Coordinador de Emergencia Departamental (CECOED), mantuvo una importante reuni\u00f3n de coordinaci\u00f3n este martes 8 de mayo, en la IDR, para organizar las actividades que involucran al LIRA.<\/p>\n","protected":false},"author":7,"featured_media":5563,"comment_status":"open","ping_status":"open","sticky":false,"template":"","format":"standard","meta":{"footnotes":""},"categories":[3,1],"tags":[579,507,380,580,36,33],"class_list":["post-5560","post","type-post","status-publish","format-standard","has-post-thumbnail","hentry","category-multimedia","category-novedades","tag-aedes-aegypti","tag-cecoed","tag-dgdma","tag-gustavo-guedes","tag-intendencia","tag-rivera"],"_links":{"self":[{"href":"https:\/\/www.rivera.gub.uy\/portal\/wp-json\/wp\/v2\/posts\/5560","targetHints":{"allow":["GET"]}}],"collection":[{"href":"https:\/\/www.rivera.gub.uy\/portal\/wp-json\/wp\/v2\/posts"}],"about":[{"href":"https:\/\/www.rivera.gub.uy\/portal\/wp-json\/wp\/v2\/types\/post"}],"author":[{"embeddable":true,"href":"https:\/\/www.rivera.gub.uy\/portal\/wp-json\/wp\/v2\/users\/7"}],"replies":[{"embeddable":true,"href":"https:\/\/www.rivera.gub.uy\/portal\/wp-json\/wp\/v2\/comments?post=5560"}],"version-history":[{"count":3,"href":"https:\/\/www.rivera.gub.uy\/portal\/wp-json\/wp\/v2\/posts\/5560\/revisions"}],"predecessor-version":[{"id":5567,"href":"https:\/\/www.rivera.gub.uy\/portal\/wp-json\/wp\/v2\/posts\/5560\/revisions\/5567"}],"wp:featuredmedia":[{"embeddable":true,"href":"https:\/\/www.rivera.gub.uy\/portal\/wp-json\/wp\/v2\/media\/5563"}],"wp:attachment":[{"href":"https:\/\/www.rivera.gub.uy\/portal\/wp-json\/wp\/v2\/media?parent=5560"}],"wp:term":[{"taxonomy":"category","embeddable":true,"href":"https:\/\/www.rivera.gub.uy\/portal\/wp-json\/wp\/v2\/categories?post=5560"},{"taxonomy":"post_tag","embeddable":true,"href":"https:\/\/www.rivera.gub.uy\/portal\/wp-json\/wp\/v2\/tags?post=5560"}],"curies":[{"name":"wp","href":"https:\/\/api.w.org\/{rel}","templated":true}]}}