{"id":5577,"date":"2018-05-10T14:52:09","date_gmt":"2018-05-10T17:52:09","guid":{"rendered":"http:\/\/www.rivera.gub.uy\/portal\/?p=5577"},"modified":"2018-05-25T13:56:11","modified_gmt":"2018-05-25T16:56:11","slug":"2a-reunion-binacional-apunta-al-desarrollo-de-la-educacion-terciaria-en-la-frontera","status":"publish","type":"post","link":"https:\/\/www.rivera.gub.uy\/portal\/2a-reunion-binacional-apunta-al-desarrollo-de-la-educacion-terciaria-en-la-frontera\/","title":{"rendered":"2\u00aa Reuni\u00f3n binacional apunta al desarrollo de la Educaci\u00f3n Terciaria en la Frontera"},"content":{"rendered":"<p class=\"western\"><span style=\"font-size: large\">En el Sal\u00f3n Noble de la Prefeitura de Sant&#8217; Ana do Livramento, se llev\u00f3 a cabo la 2\u00aa mesa de trabajo (2 de mayo), entre los gobiernos de ambas ciudades y referentes de la educaci\u00f3n terciaria para discutir temas en com\u00fan en pro de la construcci\u00f3n de la Ense\u00f1anza Superior Binacional.<\/span><\/p>\n<p class=\"western\"><span style=\"font-size: large\">En dicha actividad estuvieron presentes los jefes de gobierno, Intendente Departamental de Rivera, Dr. Marne Osorio Lima y Prefeito de Livramento, Solimar Charopen, representantes de UNIPAMPA, IFSul, UTEC, CUR, UTU, IFD, Polo UAB y CERP.<\/span><!--more--><\/p>\n<p class=\"western\"><span style=\"font-size: large\">La reuni\u00f3n fue encabezada por el Intendente, Marne Osorio, y el Prefeito, Ico Charopen, siendo el moderador de la misma el Sr. Marcelo Ubal.<\/span><\/p>\n<p class=\"western\"><span style=\"font-size: large\">El encuentro propuso la construcci\u00f3n de acciones para el desarrollo de la ense\u00f1anza superior binacional, pensando en estrategias para la oferta en conjunto entre las instituciones de las dos ciudades.<\/span><\/p>\n<p class=\"western\"><span style=\"font-size: large\">Durante la reuni\u00f3n se present\u00f3 una proyecto de educaci\u00f3n visual de Educaci\u00f3n Binacional Superior.<\/span><\/p>\n<p class=\"western\"><span style=\"font-size: large\">El intendente explic\u00f3 que se viene trabajando a buen ritmo, donde ya se ha presentado material solicitando aprobaci\u00f3n para poder comenzar a funcionar.<\/span><\/p>\n<p class=\"western\"><span style=\"font-size: large\">Osorio expres\u00f3 que: \u201cTenemos una agenda de trabajo que esta visando darle visibilidad a la oferta educativa superior en la frontera, material \u00e9ste de todas las Universidades de Rivera y Livramento en materia de oferta educativa y a la cual se le va ir agregando toda la informaci\u00f3n que entendamos que es importante para los estudiantes, empresarios y para toda la comunidad. Es un camino muy desafiante, pero muy lindo\u201d.<\/span><\/p>\n<div id='gallery-1' class='gallery galleryid-5577 gallery-columns-2 gallery-size-medium'><figure class='gallery-item'>\n\t\t\t<div class='gallery-icon landscape'>\n\t\t\t\t<a href='https:\/\/www.rivera.gub.uy\/portal\/wp-content\/uploads\/2018\/05\/1-4.jpg'><img loading=\"lazy\" decoding=\"async\" width=\"288\" height=\"188\" src=\"https:\/\/www.rivera.gub.uy\/portal\/wp-content\/uploads\/2018\/05\/1-4-288x188.jpg\" class=\"attachment-medium size-medium\" alt=\"\" srcset=\"https:\/\/www.rivera.gub.uy\/portal\/wp-content\/uploads\/2018\/05\/1-4-288x188.jpg 288w, https:\/\/www.rivera.gub.uy\/portal\/wp-content\/uploads\/2018\/05\/1-4-144x94.jpg 144w, https:\/\/www.rivera.gub.uy\/portal\/wp-content\/uploads\/2018\/05\/1-4-768x501.jpg 768w, https:\/\/www.rivera.gub.uy\/portal\/wp-content\/uploads\/2018\/05\/1-4-960x626.jpg 960w, https:\/\/www.rivera.gub.uy\/portal\/wp-content\/uploads\/2018\/05\/1-4-820x535.jpg 820w\" sizes=\"auto, (max-width: 288px) 100vw, 288px\" \/><\/a>\n\t\t\t<\/div><\/figure><figure class='gallery-item'>\n\t\t\t<div class='gallery-icon landscape'>\n\t\t\t\t<a href='https:\/\/www.rivera.gub.uy\/portal\/wp-content\/uploads\/2018\/05\/2-4.jpg'><img loading=\"lazy\" decoding=\"async\" width=\"288\" height=\"188\" src=\"https:\/\/www.rivera.gub.uy\/portal\/wp-content\/uploads\/2018\/05\/2-4-288x188.jpg\" class=\"attachment-medium size-medium\" alt=\"\" srcset=\"https:\/\/www.rivera.gub.uy\/portal\/wp-content\/uploads\/2018\/05\/2-4-288x188.jpg 288w, https:\/\/www.rivera.gub.uy\/portal\/wp-content\/uploads\/2018\/05\/2-4-144x94.jpg 144w, https:\/\/www.rivera.gub.uy\/portal\/wp-content\/uploads\/2018\/05\/2-4-768x501.jpg 768w, https:\/\/www.rivera.gub.uy\/portal\/wp-content\/uploads\/2018\/05\/2-4-960x626.jpg 960w, https:\/\/www.rivera.gub.uy\/portal\/wp-content\/uploads\/2018\/05\/2-4-820x535.jpg 820w\" sizes=\"auto, (max-width: 288px) 100vw, 288px\" \/><\/a>\n\t\t\t<\/div><\/figure>\n\t\t<\/div>\n\n","protected":false},"excerpt":{"rendered":"<p>En el Sal\u00f3n Noble de la Prefeitura de Sant&#8217; Ana do Livramento, se llev\u00f3 a cabo la 2\u00aa mesa de trabajo (2 de mayo), entre los gobiernos de ambas ciudades y referentes de la educaci\u00f3n terciaria para discutir temas en com\u00fan en pro de la construcci\u00f3n de la Ense\u00f1anza Superior Binacional. En dicha actividad estuvieron [&hellip;]<\/p>\n","protected":false},"author":1,"featured_media":5580,"comment_status":"open","ping_status":"open","sticky":false,"template":"","format":"standard","meta":{"footnotes":""},"categories":[1],"tags":[103,573,175,571,576,124,578,577,55,574,114,570,575,120,572,511,33,569,127,128],"class_list":["post-5577","post","type-post","status-publish","format-standard","has-post-thumbnail","hentry","category-novedades","tag-binacional","tag-cerp","tag-comunidad","tag-cur","tag-desarrollo-de-la-ensenanza","tag-educacion-terciaria","tag-empresarios","tag-estudiantes","tag-frontera","tag-ico-charopen","tag-idr","tag-ifsul","tag-marcelo-ubal","tag-marne-osorio","tag-polo-uab","tag-reunion","tag-rivera","tag-unipampa","tag-utec","tag-utu"],"_links":{"self":[{"href":"https:\/\/www.rivera.gub.uy\/portal\/wp-json\/wp\/v2\/posts\/5577","targetHints":{"allow":["GET"]}}],"collection":[{"href":"https:\/\/www.rivera.gub.uy\/portal\/wp-json\/wp\/v2\/posts"}],"about":[{"href":"https:\/\/www.rivera.gub.uy\/portal\/wp-json\/wp\/v2\/types\/post"}],"author":[{"embeddable":true,"href":"https:\/\/www.rivera.gub.uy\/portal\/wp-json\/wp\/v2\/users\/1"}],"replies":[{"embeddable":true,"href":"https:\/\/www.rivera.gub.uy\/portal\/wp-json\/wp\/v2\/comments?post=5577"}],"version-history":[{"count":2,"href":"https:\/\/www.rivera.gub.uy\/portal\/wp-json\/wp\/v2\/posts\/5577\/revisions"}],"predecessor-version":[{"id":5582,"href":"https:\/\/www.rivera.gub.uy\/portal\/wp-json\/wp\/v2\/posts\/5577\/revisions\/5582"}],"wp:featuredmedia":[{"embeddable":true,"href":"https:\/\/www.rivera.gub.uy\/portal\/wp-json\/wp\/v2\/media\/5580"}],"wp:attachment":[{"href":"https:\/\/www.rivera.gub.uy\/portal\/wp-json\/wp\/v2\/media?parent=5577"}],"wp:term":[{"taxonomy":"category","embeddable":true,"href":"https:\/\/www.rivera.gub.uy\/portal\/wp-json\/wp\/v2\/categories?post=5577"},{"taxonomy":"post_tag","embeddable":true,"href":"https:\/\/www.rivera.gub.uy\/portal\/wp-json\/wp\/v2\/tags?post=5577"}],"curies":[{"name":"wp","href":"https:\/\/api.w.org\/{rel}","templated":true}]}}