{"id":5600,"date":"2018-05-14T15:18:12","date_gmt":"2018-05-14T18:18:12","guid":{"rendered":"http:\/\/www.rivera.gub.uy\/portal\/?p=5600"},"modified":"2018-05-25T13:31:33","modified_gmt":"2018-05-25T16:31:33","slug":"sociedad-hipica-los-tauras-inaugura-su-nuevo-salon","status":"publish","type":"post","link":"https:\/\/www.rivera.gub.uy\/portal\/sociedad-hipica-los-tauras-inaugura-su-nuevo-salon\/","title":{"rendered":"Sociedad h\u00edpica \u201cLos Tauras\u201d inaugura su nuevo sal\u00f3n"},"content":{"rendered":"<p class=\"western\"><span style=\"font-size: large\">El pasado viernes 11 de mayo, se inaugur\u00f3 en villa Vichadero, el nuevo sal\u00f3n en la sede de la Sociedad H\u00edpica Los Tauras, ubicada en Av. Bulevar Artigas N\u00ba 627.<\/span><\/p>\n<p class=\"western\"><span style=\"font-size: large\">El amplio sal\u00f3n ser\u00e1 sede de m\u00faltiples actividades tanto a nivel local, departamental como nacional, por lo que se lo ha preparado con una infraestructura acorde a a m\u00faltiples funciones.<\/span><!--more--><\/p>\n<p class=\"western\"><span style=\"font-size: large\">A la inauguraci\u00f3n acudieron autoridades locales, departamentales y de municipios cercanos.<\/span><\/p>\n<p class=\"western\"><span style=\"font-size: large\">En la mesa de presentaci\u00f3n hicieron uso de la palabra, el fundador de \u201cLos Tauras\u201d, Juan Francisco Gir\u00f3, el Alcalde de Vichadero, Carlos Ney Romero, y el intendente Departamental de Rivera, Dr. Marne Osorio Lima, acompa\u00f1ados adem\u00e1s por, el Pte, de la Sociedad H\u00edpica, Ricardo L\u00f3pez y el directivo de la instituci\u00f3n anfitriona Sr. Roberto Gir\u00f3.<\/span><\/p>\n<p class=\"western\"><span style=\"font-size: large\">La velada recibi\u00f3 adem\u00e1s la presencia de los alcaldes de los municipios de Vergara (Treinta y Tres), Fidencio Gonz\u00e1lez, y el alcalde de Pl\u00e1cido Rosas (Cerro Largo), Diego Fern\u00e1ndez, que junto a las autoridades presentes recibieron plaquetas recordatoria de tan importante inauguraci\u00f3n.<\/span><\/p>\n<p class=\"western\"><span style=\"font-size: large\">El mandatario departamental, Marne Osorio, manifest\u00f3 su satisfacci\u00f3n por el trabajo realizado, en el cual la intendencia colabor\u00f3 desde el principio, con recursos p\u00fablicos a trav\u00e9s de materiales, para concretar un edificio \u201c que ser\u00e1 de mucho uso por la comunidad vichaderense\u201d.<\/span><\/p>\n<p class=\"western\">\u201c<span style=\"font-size: large\">Aqu\u00ed hay dinero y esfuerzo de todos los riverenses porque estamos convencidos que este proyecto tiene un gran alcance. Une a familias y oportunidades de turismo dentro del territorio nacional. Nos enorgullece mucho tener una Sociedad H\u00edpica como \u201cLos Tauras\u201d, y este local que da cuenta de sus integrantes y el compromiso de trabajo que tienen\u201d.<\/span><\/p>\n<p class=\"western\">\u201c<span style=\"font-size: large\">Los Tauras\u201d, ser\u00e1n sede del 54\u00ba Congreso Anual de la Federaci\u00f3n Ecuestre, contando con la participaci\u00f3n de 55 asociaciones federadas, los d\u00edas 8 y 9 de diciembre, organizado por la misma Sociedad H\u00edpica.<\/span><\/p>\n<p class=\"western\"><span style=\"font-size: large\">Por su parte el fundador de \u201cLos Tauras\u201d, Francisco Gir\u00f3, agradeci\u00f3 la participaci\u00f3n de la Intendencia de Rivera, enfatizando la importancia que tiene para los vichaderenses la oportunidad de mostrar el Raid, y destac\u00f3 las palabras del mismo al destacar que el nuevo sal\u00f3n de \u201cLos Tauras\u201d, no es solo del pueblo de Vichadero sino para Rivera y toda la regi\u00f3n.<\/span><\/p>\n<div id='gallery-1' class='gallery galleryid-5600 gallery-columns-5 gallery-size-thumbnail'><figure class='gallery-item'>\n\t\t\t<div class='gallery-icon landscape'>\n\t\t\t\t<a href='https:\/\/www.rivera.gub.uy\/portal\/wp-content\/uploads\/2018\/05\/1-7.jpg'><img loading=\"lazy\" decoding=\"async\" width=\"132\" height=\"94\" src=\"https:\/\/www.rivera.gub.uy\/portal\/wp-content\/uploads\/2018\/05\/1-7-132x94.jpg\" class=\"attachment-thumbnail size-thumbnail\" alt=\"\" srcset=\"https:\/\/www.rivera.gub.uy\/portal\/wp-content\/uploads\/2018\/05\/1-7-132x94.jpg 132w, https:\/\/www.rivera.gub.uy\/portal\/wp-content\/uploads\/2018\/05\/1-7-263x188.jpg 263w, https:\/\/www.rivera.gub.uy\/portal\/wp-content\/uploads\/2018\/05\/1-7-768x549.jpg 768w, https:\/\/www.rivera.gub.uy\/portal\/wp-content\/uploads\/2018\/05\/1-7-876x626.jpg 876w, https:\/\/www.rivera.gub.uy\/portal\/wp-content\/uploads\/2018\/05\/1-7-820x586.jpg 820w\" sizes=\"auto, (max-width: 132px) 100vw, 132px\" \/><\/a>\n\t\t\t<\/div><\/figure><figure class='gallery-item'>\n\t\t\t<div class='gallery-icon landscape'>\n\t\t\t\t<a href='https:\/\/www.rivera.gub.uy\/portal\/wp-content\/uploads\/2018\/05\/2-6.jpg'><img loading=\"lazy\" decoding=\"async\" width=\"132\" height=\"94\" src=\"https:\/\/www.rivera.gub.uy\/portal\/wp-content\/uploads\/2018\/05\/2-6-132x94.jpg\" class=\"attachment-thumbnail size-thumbnail\" alt=\"\" srcset=\"https:\/\/www.rivera.gub.uy\/portal\/wp-content\/uploads\/2018\/05\/2-6-132x94.jpg 132w, https:\/\/www.rivera.gub.uy\/portal\/wp-content\/uploads\/2018\/05\/2-6-263x188.jpg 263w, https:\/\/www.rivera.gub.uy\/portal\/wp-content\/uploads\/2018\/05\/2-6-768x549.jpg 768w, https:\/\/www.rivera.gub.uy\/portal\/wp-content\/uploads\/2018\/05\/2-6-876x626.jpg 876w, https:\/\/www.rivera.gub.uy\/portal\/wp-content\/uploads\/2018\/05\/2-6-820x586.jpg 820w\" sizes=\"auto, (max-width: 132px) 100vw, 132px\" \/><\/a>\n\t\t\t<\/div><\/figure><figure class='gallery-item'>\n\t\t\t<div class='gallery-icon landscape'>\n\t\t\t\t<a href='https:\/\/www.rivera.gub.uy\/portal\/wp-content\/uploads\/2018\/05\/3-4.jpg'><img loading=\"lazy\" decoding=\"async\" width=\"132\" height=\"94\" src=\"https:\/\/www.rivera.gub.uy\/portal\/wp-content\/uploads\/2018\/05\/3-4-132x94.jpg\" class=\"attachment-thumbnail size-thumbnail\" alt=\"\" srcset=\"https:\/\/www.rivera.gub.uy\/portal\/wp-content\/uploads\/2018\/05\/3-4-132x94.jpg 132w, https:\/\/www.rivera.gub.uy\/portal\/wp-content\/uploads\/2018\/05\/3-4-263x188.jpg 263w, https:\/\/www.rivera.gub.uy\/portal\/wp-content\/uploads\/2018\/05\/3-4-768x549.jpg 768w, https:\/\/www.rivera.gub.uy\/portal\/wp-content\/uploads\/2018\/05\/3-4-876x626.jpg 876w, https:\/\/www.rivera.gub.uy\/portal\/wp-content\/uploads\/2018\/05\/3-4-820x586.jpg 820w\" sizes=\"auto, (max-width: 132px) 100vw, 132px\" \/><\/a>\n\t\t\t<\/div><\/figure><figure class='gallery-item'>\n\t\t\t<div class='gallery-icon landscape'>\n\t\t\t\t<a href='https:\/\/www.rivera.gub.uy\/portal\/wp-content\/uploads\/2018\/05\/4-2.jpg'><img loading=\"lazy\" decoding=\"async\" width=\"132\" height=\"94\" src=\"https:\/\/www.rivera.gub.uy\/portal\/wp-content\/uploads\/2018\/05\/4-2-132x94.jpg\" class=\"attachment-thumbnail size-thumbnail\" alt=\"\" srcset=\"https:\/\/www.rivera.gub.uy\/portal\/wp-content\/uploads\/2018\/05\/4-2-132x94.jpg 132w, https:\/\/www.rivera.gub.uy\/portal\/wp-content\/uploads\/2018\/05\/4-2-263x188.jpg 263w, https:\/\/www.rivera.gub.uy\/portal\/wp-content\/uploads\/2018\/05\/4-2-768x549.jpg 768w, https:\/\/www.rivera.gub.uy\/portal\/wp-content\/uploads\/2018\/05\/4-2-876x626.jpg 876w, https:\/\/www.rivera.gub.uy\/portal\/wp-content\/uploads\/2018\/05\/4-2-820x586.jpg 820w\" sizes=\"auto, (max-width: 132px) 100vw, 132px\" \/><\/a>\n\t\t\t<\/div><\/figure><figure class='gallery-item'>\n\t\t\t<div class='gallery-icon landscape'>\n\t\t\t\t<a href='https:\/\/www.rivera.gub.uy\/portal\/wp-content\/uploads\/2018\/05\/5.jpg'><img loading=\"lazy\" decoding=\"async\" width=\"132\" height=\"94\" src=\"https:\/\/www.rivera.gub.uy\/portal\/wp-content\/uploads\/2018\/05\/5-132x94.jpg\" class=\"attachment-thumbnail size-thumbnail\" alt=\"\" srcset=\"https:\/\/www.rivera.gub.uy\/portal\/wp-content\/uploads\/2018\/05\/5-132x94.jpg 132w, https:\/\/www.rivera.gub.uy\/portal\/wp-content\/uploads\/2018\/05\/5-263x188.jpg 263w, https:\/\/www.rivera.gub.uy\/portal\/wp-content\/uploads\/2018\/05\/5-768x549.jpg 768w, https:\/\/www.rivera.gub.uy\/portal\/wp-content\/uploads\/2018\/05\/5-876x626.jpg 876w, https:\/\/www.rivera.gub.uy\/portal\/wp-content\/uploads\/2018\/05\/5-820x586.jpg 820w\" sizes=\"auto, (max-width: 132px) 100vw, 132px\" \/><\/a>\n\t\t\t<\/div><\/figure>\n\t\t<\/div>\n\n<p><iframe loading=\"lazy\" width=\"1160\" height=\"653\" src=\"https:\/\/www.youtube.com\/embed\/jBKvgrhJhIg?feature=oembed\" frameborder=\"0\" allow=\"autoplay; encrypted-media\" allowfullscreen><\/iframe><\/p>\n","protected":false},"excerpt":{"rendered":"<p>El pasado viernes 11 de mayo, se inaugur\u00f3 en villa Vichadero, el nuevo sal\u00f3n en la sede de la Sociedad H\u00edpica Los Tauras, ubicada en Av. Bulevar Artigas N\u00ba 627. El amplio sal\u00f3n ser\u00e1 sede de m\u00faltiples actividades tanto a nivel local, departamental como nacional, por lo que se lo ha preparado con una infraestructura [&hellip;]<\/p>\n","protected":false},"author":1,"featured_media":5607,"comment_status":"open","ping_status":"open","sticky":false,"template":"","format":"standard","meta":{"footnotes":""},"categories":[3,1],"tags":[82,545,36,513,33,118],"class_list":["post-5600","post","type-post","status-publish","format-standard","has-post-thumbnail","hentry","category-multimedia","category-novedades","tag-inauguracion","tag-infraestructura","tag-intendencia","tag-los-tauras","tag-rivera","tag-vichadero"],"_links":{"self":[{"href":"https:\/\/www.rivera.gub.uy\/portal\/wp-json\/wp\/v2\/posts\/5600","targetHints":{"allow":["GET"]}}],"collection":[{"href":"https:\/\/www.rivera.gub.uy\/portal\/wp-json\/wp\/v2\/posts"}],"about":[{"href":"https:\/\/www.rivera.gub.uy\/portal\/wp-json\/wp\/v2\/types\/post"}],"author":[{"embeddable":true,"href":"https:\/\/www.rivera.gub.uy\/portal\/wp-json\/wp\/v2\/users\/1"}],"replies":[{"embeddable":true,"href":"https:\/\/www.rivera.gub.uy\/portal\/wp-json\/wp\/v2\/comments?post=5600"}],"version-history":[{"count":3,"href":"https:\/\/www.rivera.gub.uy\/portal\/wp-json\/wp\/v2\/posts\/5600\/revisions"}],"predecessor-version":[{"id":5608,"href":"https:\/\/www.rivera.gub.uy\/portal\/wp-json\/wp\/v2\/posts\/5600\/revisions\/5608"}],"wp:featuredmedia":[{"embeddable":true,"href":"https:\/\/www.rivera.gub.uy\/portal\/wp-json\/wp\/v2\/media\/5607"}],"wp:attachment":[{"href":"https:\/\/www.rivera.gub.uy\/portal\/wp-json\/wp\/v2\/media?parent=5600"}],"wp:term":[{"taxonomy":"category","embeddable":true,"href":"https:\/\/www.rivera.gub.uy\/portal\/wp-json\/wp\/v2\/categories?post=5600"},{"taxonomy":"post_tag","embeddable":true,"href":"https:\/\/www.rivera.gub.uy\/portal\/wp-json\/wp\/v2\/tags?post=5600"}],"curies":[{"name":"wp","href":"https:\/\/api.w.org\/{rel}","templated":true}]}}