{"id":5617,"date":"2018-05-18T12:10:57","date_gmt":"2018-05-18T15:10:57","guid":{"rendered":"http:\/\/www.rivera.gub.uy\/portal\/?p=5617"},"modified":"2018-05-25T12:55:40","modified_gmt":"2018-05-25T15:55:40","slug":"espacio-de-coworking-en-la-utec","status":"publish","type":"post","link":"https:\/\/www.rivera.gub.uy\/portal\/espacio-de-coworking-en-la-utec\/","title":{"rendered":"Espacio de CoWorking en la UTEC"},"content":{"rendered":"<p>Desde la Direcci\u00f3n General de Desarrollo y Medio Ambiente, de la Intendencia Departamental de Rivera, a trav\u00e9s de la Unidad de Desarrollo, se viene trabajando en colaboraci\u00f3n a lo que refiere al desarrollo de la educaci\u00f3n superior y el crecimiento de la misma en la regi\u00f3n.<!--more--><\/p>\n<p>Por ese motivo es que junto a la<a href=\"https:\/\/utec.edu.uy\/\"> Universidad Tecnol\u00f3gica (UTEC)<\/a>, a trav\u00e9s del Prof. de Emprendedurismo, Leonel Furtado, se ha articulado la participaci\u00f3n en un nuevo espacio de trabajo corporativo que est\u00e1 dirigido a estudiantes, de <a href=\"https:\/\/www.utu.edu.uy\/utu\/inicio.html\">UTU<\/a>, UTEC, estudiantes en general, empresas y emprendedores de la regi\u00f3n.<\/p>\n<h3>Espacio Coworking<\/h3>\n<blockquote><p>\u201cEl Coworking consta de un espacio f\u00edsico corporativo, ubicado en instalaciones de la UTEC Rivera, donde los emprendedores pueden venir a trabajar con el apoyo de la Universidad\u201d, explic\u00f3 el Prof. Furtado , agregando que todos los interesados pueden concurrir a inscribirse en la misma UTEC y hacer parte de las charlas que se realizar\u00e1n todos los d\u00edas viernes.<\/p><\/blockquote>\n<p>El coordinador de la Unidad de Desarrollo IDR, Lic. Santiago Est\u00e9ves, indic\u00f3 que la idea es poner toda la impronta y el \u00e9nfasis en el desarrollo de nuevas empresas en el departamento a trav\u00e9s del \u201cemprendedurismo\u201d un t\u00e9rmino tan de moda pero en nuestro departamento est\u00e1 un poco quieto\u201d.<\/p>\n<p>\u201cEsto surge con la instalaci\u00f3n de la UTEC, visualizando las otras universidades de Livramento, en el cual nos ponemos en marcha en el territorio para ver cuales son los pasos a seguir, encendiendo la llama emprendedora en los riverenses y santanenses, trabajando en la capacitaci\u00f3n de recursos humanos para que puedan venir empresas y para que deje de ser una limitante para la gente y est\u00e9n preparados para ello.<br \/>\nEn este espacio (CoWorking) los emprendedores podr\u00e1n instalarse con precios bajos y recibir un asesoramiento a trav\u00e9s de profesionales con oportunidades a todos los interesados. Los invitamos a todos y les decimos que ac\u00e1 en Rivera tienen esa posibilidad de comenzar a hacer parte, con precios bajos y buen asesoramiento\u201d.<\/p>\n<p>Coworking: El CoWorking es una pr\u00e1ctica que se extendi\u00f3 entre los freelance de EEUU, y que desde hace unos a\u00f1os comenz\u00f3 a expandirse.<br \/>\nEn una pr\u00e1ctica por lo cual los profesionales que no comparten ni empresas ni sector de actividad, se unen para trabajar juntos en un mismo espacio.<br \/>\nEn ese espacio encontramos una infraestructura mucho m\u00e1s competitiva que la de estar trabajando en una casa o solos en una empresa ya que se encuentra all\u00ed a profesionales en un espacio a compartir.<\/p>\n<div id='gallery-1' class='gallery galleryid-5617 gallery-columns-4 gallery-size-thumbnail'><figure class='gallery-item'>\n\t\t\t<div class='gallery-icon landscape'>\n\t\t\t\t<a href='https:\/\/www.rivera.gub.uy\/portal\/wp-content\/uploads\/2018\/05\/Prof.-Leonel-Furtado-1.jpg'><img loading=\"lazy\" decoding=\"async\" width=\"132\" height=\"94\" src=\"https:\/\/www.rivera.gub.uy\/portal\/wp-content\/uploads\/2018\/05\/Prof.-Leonel-Furtado-1-132x94.jpg\" class=\"attachment-thumbnail size-thumbnail\" alt=\"\" srcset=\"https:\/\/www.rivera.gub.uy\/portal\/wp-content\/uploads\/2018\/05\/Prof.-Leonel-Furtado-1-132x94.jpg 132w, https:\/\/www.rivera.gub.uy\/portal\/wp-content\/uploads\/2018\/05\/Prof.-Leonel-Furtado-1-263x188.jpg 263w, https:\/\/www.rivera.gub.uy\/portal\/wp-content\/uploads\/2018\/05\/Prof.-Leonel-Furtado-1-768x549.jpg 768w, https:\/\/www.rivera.gub.uy\/portal\/wp-content\/uploads\/2018\/05\/Prof.-Leonel-Furtado-1-876x626.jpg 876w, https:\/\/www.rivera.gub.uy\/portal\/wp-content\/uploads\/2018\/05\/Prof.-Leonel-Furtado-1-820x586.jpg 820w\" sizes=\"auto, (max-width: 132px) 100vw, 132px\" \/><\/a>\n\t\t\t<\/div><\/figure><figure class='gallery-item'>\n\t\t\t<div class='gallery-icon landscape'>\n\t\t\t\t<a href='https:\/\/www.rivera.gub.uy\/portal\/wp-content\/uploads\/2018\/05\/Prof.-Leonel-Furtado-y-Lic.-Santiago-Est\u00e9ves-2.jpg'><img loading=\"lazy\" decoding=\"async\" width=\"138\" height=\"94\" src=\"https:\/\/www.rivera.gub.uy\/portal\/wp-content\/uploads\/2018\/05\/Prof.-Leonel-Furtado-y-Lic.-Santiago-Est\u00e9ves-2-138x94.jpg\" class=\"attachment-thumbnail size-thumbnail\" alt=\"\" srcset=\"https:\/\/www.rivera.gub.uy\/portal\/wp-content\/uploads\/2018\/05\/Prof.-Leonel-Furtado-y-Lic.-Santiago-Est\u00e9ves-2-138x94.jpg 138w, https:\/\/www.rivera.gub.uy\/portal\/wp-content\/uploads\/2018\/05\/Prof.-Leonel-Furtado-y-Lic.-Santiago-Est\u00e9ves-2-276x188.jpg 276w, https:\/\/www.rivera.gub.uy\/portal\/wp-content\/uploads\/2018\/05\/Prof.-Leonel-Furtado-y-Lic.-Santiago-Est\u00e9ves-2-768x524.jpg 768w, https:\/\/www.rivera.gub.uy\/portal\/wp-content\/uploads\/2018\/05\/Prof.-Leonel-Furtado-y-Lic.-Santiago-Est\u00e9ves-2-918x626.jpg 918w, https:\/\/www.rivera.gub.uy\/portal\/wp-content\/uploads\/2018\/05\/Prof.-Leonel-Furtado-y-Lic.-Santiago-Est\u00e9ves-2-820x559.jpg 820w\" sizes=\"auto, (max-width: 138px) 100vw, 138px\" \/><\/a>\n\t\t\t<\/div><\/figure><figure class='gallery-item'>\n\t\t\t<div class='gallery-icon landscape'>\n\t\t\t\t<a href='https:\/\/www.rivera.gub.uy\/portal\/wp-content\/uploads\/2018\/05\/salon.jpg'><img loading=\"lazy\" decoding=\"async\" width=\"138\" height=\"94\" src=\"https:\/\/www.rivera.gub.uy\/portal\/wp-content\/uploads\/2018\/05\/salon-138x94.jpg\" class=\"attachment-thumbnail size-thumbnail\" alt=\"\" srcset=\"https:\/\/www.rivera.gub.uy\/portal\/wp-content\/uploads\/2018\/05\/salon-138x94.jpg 138w, https:\/\/www.rivera.gub.uy\/portal\/wp-content\/uploads\/2018\/05\/salon-276x188.jpg 276w, https:\/\/www.rivera.gub.uy\/portal\/wp-content\/uploads\/2018\/05\/salon-768x524.jpg 768w, https:\/\/www.rivera.gub.uy\/portal\/wp-content\/uploads\/2018\/05\/salon-918x626.jpg 918w, https:\/\/www.rivera.gub.uy\/portal\/wp-content\/uploads\/2018\/05\/salon-820x559.jpg 820w\" sizes=\"auto, (max-width: 138px) 100vw, 138px\" \/><\/a>\n\t\t\t<\/div><\/figure><figure class='gallery-item'>\n\t\t\t<div class='gallery-icon landscape'>\n\t\t\t\t<a href='https:\/\/www.rivera.gub.uy\/portal\/wp-content\/uploads\/2018\/05\/Lic.-Santiago-Est\u00e9ves-y-Prof.-Leonel-Furtado-1-1.jpg'><img loading=\"lazy\" decoding=\"async\" width=\"138\" height=\"94\" src=\"https:\/\/www.rivera.gub.uy\/portal\/wp-content\/uploads\/2018\/05\/Lic.-Santiago-Est\u00e9ves-y-Prof.-Leonel-Furtado-1-1-138x94.jpg\" class=\"attachment-thumbnail size-thumbnail\" alt=\"\" srcset=\"https:\/\/www.rivera.gub.uy\/portal\/wp-content\/uploads\/2018\/05\/Lic.-Santiago-Est\u00e9ves-y-Prof.-Leonel-Furtado-1-1-138x94.jpg 138w, https:\/\/www.rivera.gub.uy\/portal\/wp-content\/uploads\/2018\/05\/Lic.-Santiago-Est\u00e9ves-y-Prof.-Leonel-Furtado-1-1-276x188.jpg 276w, https:\/\/www.rivera.gub.uy\/portal\/wp-content\/uploads\/2018\/05\/Lic.-Santiago-Est\u00e9ves-y-Prof.-Leonel-Furtado-1-1-768x524.jpg 768w, https:\/\/www.rivera.gub.uy\/portal\/wp-content\/uploads\/2018\/05\/Lic.-Santiago-Est\u00e9ves-y-Prof.-Leonel-Furtado-1-1-918x626.jpg 918w, https:\/\/www.rivera.gub.uy\/portal\/wp-content\/uploads\/2018\/05\/Lic.-Santiago-Est\u00e9ves-y-Prof.-Leonel-Furtado-1-1-820x559.jpg 820w\" sizes=\"auto, (max-width: 138px) 100vw, 138px\" \/><\/a>\n\t\t\t<\/div><\/figure>\n\t\t<\/div>\n\n<p><iframe loading=\"lazy\" width=\"1160\" height=\"653\" src=\"https:\/\/www.youtube.com\/embed\/NJw9rQHAki0?feature=oembed\" frameborder=\"0\" allow=\"autoplay; encrypted-media\" allowfullscreen><\/iframe><\/p>\n<p>&nbsp;<\/p>\n","protected":false},"excerpt":{"rendered":"<p>Desde la Direcci\u00f3n General de Desarrollo y Medio Ambiente, de la Intendencia Departamental de Rivera, a trav\u00e9s de la Unidad de Desarrollo, se viene trabajando en colaboraci\u00f3n a lo que refiere al desarrollo de la educaci\u00f3n superior y el crecimiento de la misma en la regi\u00f3n.<\/p>\n","protected":false},"author":7,"featured_media":5620,"comment_status":"open","ping_status":"open","sticky":false,"template":"","format":"standard","meta":{"footnotes":""},"categories":[3,1],"tags":[515,80,541,380,114,36,85,33,127],"class_list":["post-5617","post","type-post","status-publish","format-standard","has-post-thumbnail","hentry","category-multimedia","category-novedades","tag-coworking","tag-desarrollo","tag-desarrollo-y-produccion","tag-dgdma","tag-idr","tag-intendencia","tag-produccion","tag-rivera","tag-utec"],"_links":{"self":[{"href":"https:\/\/www.rivera.gub.uy\/portal\/wp-json\/wp\/v2\/posts\/5617","targetHints":{"allow":["GET"]}}],"collection":[{"href":"https:\/\/www.rivera.gub.uy\/portal\/wp-json\/wp\/v2\/posts"}],"about":[{"href":"https:\/\/www.rivera.gub.uy\/portal\/wp-json\/wp\/v2\/types\/post"}],"author":[{"embeddable":true,"href":"https:\/\/www.rivera.gub.uy\/portal\/wp-json\/wp\/v2\/users\/7"}],"replies":[{"embeddable":true,"href":"https:\/\/www.rivera.gub.uy\/portal\/wp-json\/wp\/v2\/comments?post=5617"}],"version-history":[{"count":6,"href":"https:\/\/www.rivera.gub.uy\/portal\/wp-json\/wp\/v2\/posts\/5617\/revisions"}],"predecessor-version":[{"id":5719,"href":"https:\/\/www.rivera.gub.uy\/portal\/wp-json\/wp\/v2\/posts\/5617\/revisions\/5719"}],"wp:featuredmedia":[{"embeddable":true,"href":"https:\/\/www.rivera.gub.uy\/portal\/wp-json\/wp\/v2\/media\/5620"}],"wp:attachment":[{"href":"https:\/\/www.rivera.gub.uy\/portal\/wp-json\/wp\/v2\/media?parent=5617"}],"wp:term":[{"taxonomy":"category","embeddable":true,"href":"https:\/\/www.rivera.gub.uy\/portal\/wp-json\/wp\/v2\/categories?post=5617"},{"taxonomy":"post_tag","embeddable":true,"href":"https:\/\/www.rivera.gub.uy\/portal\/wp-json\/wp\/v2\/tags?post=5617"}],"curies":[{"name":"wp","href":"https:\/\/api.w.org\/{rel}","templated":true}]}}