{"id":5635,"date":"2018-05-17T10:37:36","date_gmt":"2018-05-17T13:37:36","guid":{"rendered":"http:\/\/www.rivera.gub.uy\/portal\/?p=5635"},"modified":"2018-05-25T13:03:33","modified_gmt":"2018-05-25T16:03:33","slug":"cambio-de-presidente-en-el-comite-de-intendentes-y-prefeitos-de-regiones-de-frontera","status":"publish","type":"post","link":"https:\/\/www.rivera.gub.uy\/portal\/cambio-de-presidente-en-el-comite-de-intendentes-y-prefeitos-de-regiones-de-frontera\/","title":{"rendered":"Cambio de Presidente en el Comit\u00e9 de Intendentes y Prefeitos de Regiones de Frontera"},"content":{"rendered":"<p>El Intendente Departamental de Rivera, Dr. Marne Osorio Lima, estuvo presente el d\u00eda 14 de mayo, en el encuentro del Comit\u00e9 de Intendentes y Prefeitos de Regiones de Frontera, en la ciudad de Yaguar\u00f3n (Br), frontera con R\u00edo Branco (Uy).<!--more--><\/p>\n<p>En la ocasi\u00f3n se realiz\u00f3 la transferencia de la presidencia, pasando del Intendente de Rivera, Dr. Marne Osorio, al Prefeito de Yaguar\u00f3n, Sr. Favio Telis, quien es el novel presidente del Comit\u00e9, que trabaja sobre diferentes temas de las fronteras de Uruguay y Brasil.<\/p>\n<p>Osorio inform\u00f3 que en la reuni\u00f3n adem\u00e1s, se abordaron diversos temas, dentro de los cuales calific\u00f3 como de m\u00e1s importancia, el de revitalizar el Comit\u00e9 Binacional de Salud, indicando que:\u201c&#8230;existe hace varios a\u00f1os pero que no est\u00e1 activo, no est\u00e1 convocado. Es un Comit\u00e9 que tiene que tener representaci\u00f3n de los gobiernos regionales, locales y nacionales y que nosotros desde el Comit\u00e9 vamos a solicitar a los respectivos gobiernos para que lo hagan\u201d.<\/p>\n<p>Adem\u00e1s se plante\u00f3 el tema de la situaci\u00f3n del comercio de frontera,<br \/>\nde cara a la instalaci\u00f3n de los Free Shop, del lado brasile\u00f1o, referente a eso el jerarca manifest\u00f3&#8230;\u201cNo es que estamos en contra, sino lo que queremos es generar una mesa para analizar la realidad y ver el impacto que tiene en ambos lados de la frontera su instalaci\u00f3n, y all\u00ed tambi\u00e9n los gobiernos locales van a tomar protagonismo\u201d.<\/p>\n<p>Otro de los asuntos abordados fue el de la infraestructura, donde el jefe comunal enfatiz\u00f3 \u201c&#8230;seguimos con problemas en el camino internacional, seguimos con problemas en las rutas de la regi\u00f3n, nosotros para ir a Yaguar\u00f3n, tuvimos que salir y entrar dos veces a Brasil y fuimos por la mejor ruta y mismo as\u00ed demoramos 4 horas en llegar. Eso da cuenta que el norte sigue teniendo carencias muy importantes en materia de infraestructura y eso es materia de los gobiernos nacionales y lo plantearemos con el mayor respeto como nos caracteriza\u201d.<\/p>\n","protected":false},"excerpt":{"rendered":"<p>El Intendente Departamental de Rivera, Dr. Marne Osorio Lima, estuvo presente el d\u00eda 14 de mayo, en el encuentro del Comit\u00e9 de Intendentes y Prefeitos de Regiones de Frontera, en la ciudad de Yaguar\u00f3n (Br), frontera con R\u00edo Branco (Uy).<\/p>\n","protected":false},"author":7,"featured_media":5636,"comment_status":"open","ping_status":"open","sticky":false,"template":"","format":"standard","meta":{"footnotes":""},"categories":[1],"tags":[564,36,33,518],"class_list":["post-5635","post","type-post","status-publish","format-standard","has-post-thumbnail","hentry","category-novedades","tag-comite","tag-intendencia","tag-rivera","tag-yaguaron"],"_links":{"self":[{"href":"https:\/\/www.rivera.gub.uy\/portal\/wp-json\/wp\/v2\/posts\/5635","targetHints":{"allow":["GET"]}}],"collection":[{"href":"https:\/\/www.rivera.gub.uy\/portal\/wp-json\/wp\/v2\/posts"}],"about":[{"href":"https:\/\/www.rivera.gub.uy\/portal\/wp-json\/wp\/v2\/types\/post"}],"author":[{"embeddable":true,"href":"https:\/\/www.rivera.gub.uy\/portal\/wp-json\/wp\/v2\/users\/7"}],"replies":[{"embeddable":true,"href":"https:\/\/www.rivera.gub.uy\/portal\/wp-json\/wp\/v2\/comments?post=5635"}],"version-history":[{"count":1,"href":"https:\/\/www.rivera.gub.uy\/portal\/wp-json\/wp\/v2\/posts\/5635\/revisions"}],"predecessor-version":[{"id":5637,"href":"https:\/\/www.rivera.gub.uy\/portal\/wp-json\/wp\/v2\/posts\/5635\/revisions\/5637"}],"wp:featuredmedia":[{"embeddable":true,"href":"https:\/\/www.rivera.gub.uy\/portal\/wp-json\/wp\/v2\/media\/5636"}],"wp:attachment":[{"href":"https:\/\/www.rivera.gub.uy\/portal\/wp-json\/wp\/v2\/media?parent=5635"}],"wp:term":[{"taxonomy":"category","embeddable":true,"href":"https:\/\/www.rivera.gub.uy\/portal\/wp-json\/wp\/v2\/categories?post=5635"},{"taxonomy":"post_tag","embeddable":true,"href":"https:\/\/www.rivera.gub.uy\/portal\/wp-json\/wp\/v2\/tags?post=5635"}],"curies":[{"name":"wp","href":"https:\/\/api.w.org\/{rel}","templated":true}]}}