{"id":5649,"date":"2018-05-17T16:15:37","date_gmt":"2018-05-17T19:15:37","guid":{"rendered":"http:\/\/www.rivera.gub.uy\/portal\/?p=5649"},"modified":"2018-05-17T16:16:00","modified_gmt":"2018-05-17T19:16:00","slug":"escuela-no-90-de-capon-alto-recibira-donaciones-de-ropas-y-calzados","status":"publish","type":"post","link":"https:\/\/www.rivera.gub.uy\/portal\/escuela-no-90-de-capon-alto-recibira-donaciones-de-ropas-y-calzados\/","title":{"rendered":"Escuela N\u00ba 90 de Cap\u00f3n Alto, recibir\u00e1 donaciones de ropas y calzados"},"content":{"rendered":"<p>La Direcci\u00f3n General de Promoci\u00f3n y Acci\u00f3n Social de la Intendencia Departamental de Rivera, junto a la Asociaci\u00f3n Civil, \u201cMujeres Celebran la Vida\u201d y el Regimiento de Caballer\u00eda Mecanizada N\u00ba 3, estar\u00e1n realizando donaciones de ropas y calzados a los alumnos de la Escuela N\u00ba 90 de Cap\u00f3n Alto.<!--more--><\/p>\n<p>Esta iniciativa de &#8220;Mujeres Celebran la Vida&#8221;, parte de la inquietud de ayudar a los que m\u00e1s necesitan en las zonas\u00a0 rurales del departamento, tras un trabajo realizado a trav\u00e9s de\u00a0 donaciones recibidas y posterior selecci\u00f3n de la misma,\u00a0 por las integrantes de la asociaci\u00f3n civil, junto a la participaci\u00f3n del Bus Esperanza (DGPAS) y el Regimiento de Caballer\u00eda Mecanizada N\u00ba 3.<\/p>\n<p>Esta jornada se llevar\u00e1 a cabo el d\u00eda martes 22 de mayo, en la Escuela de Cap\u00f3n Alto,\u00a0 desde la hora 9, hasta alrededor de la hora 16.<\/p>\n<p>\u201cAll\u00ed conjuntamente con el Bus Esperanza, realizaremos una serie de actividades donde se entregar\u00e1 ropas, calzados y \u201cponchitos solidarios\u201d que hacen parte de la campa\u00f1a de ayuda de la Asociaci\u00f3n civil \u201cMujeres Celebran la vida\u201d, pero adem\u00e1s por parte de Bus Esperanza, se estar\u00e1n brindando talleres de Higiene Bucal y se entregar\u00e1 pasta de dientes y cepillos\u201d, destac\u00f3 Sra. Presidente de la Asociaci\u00f3n Civil, Sonia D\u00edaz.<\/p>\n<p>El Regimiento de Caballer\u00eda N\u00ba 3, colaborar\u00e1 con el traslado de las donaciones, pero adem\u00e1s se encargar\u00e1 de las reparaciones de la Escuela, contando con el apoyo de la Direcci\u00f3n General de Promoci\u00f3n y Acci\u00f3n Social.<\/p>\n<p>El director de Promoci\u00f3n y Acci\u00f3n Social, Cr. Giovani Conti,\u00a0 destac\u00f3 el trabajo en conjunto y la necesidad de ayudar y colaborar desde la intendencia a organizaciones privadas: \u201c&#8230;agradezco\u00a0 y felicito a \u201cMujeres Celebran la Vida\u201d, al Regimiento de Caballer\u00eda N\u00ba 3, a trav\u00e9s del Teniente Coronel, Washington Sosa y los integrantes del Bus Esperanza, que brindar\u00e1n adem\u00e1s servicios de Peluquer\u00eda y\u00a0 atenci\u00f3n m\u00e9dica. Estamos muy contentos de poder colaborar\u201d.<\/p>\n<p>&nbsp;<\/p>\n<div id='gallery-1' class='gallery galleryid-5649 gallery-columns-5 gallery-size-thumbnail'><figure class='gallery-item'>\n\t\t\t<div class='gallery-icon landscape'>\n\t\t\t\t<a href='https:\/\/www.rivera.gub.uy\/portal\/wp-content\/uploads\/2018\/05\/1-9.jpg'><img loading=\"lazy\" decoding=\"async\" width=\"141\" height=\"94\" src=\"https:\/\/www.rivera.gub.uy\/portal\/wp-content\/uploads\/2018\/05\/1-9-141x94.jpg\" class=\"attachment-thumbnail size-thumbnail\" alt=\"\" srcset=\"https:\/\/www.rivera.gub.uy\/portal\/wp-content\/uploads\/2018\/05\/1-9-141x94.jpg 141w, https:\/\/www.rivera.gub.uy\/portal\/wp-content\/uploads\/2018\/05\/1-9-282x188.jpg 282w, https:\/\/www.rivera.gub.uy\/portal\/wp-content\/uploads\/2018\/05\/1-9-768x512.jpg 768w, https:\/\/www.rivera.gub.uy\/portal\/wp-content\/uploads\/2018\/05\/1-9-939x626.jpg 939w, https:\/\/www.rivera.gub.uy\/portal\/wp-content\/uploads\/2018\/05\/1-9-600x400.jpg 600w, https:\/\/www.rivera.gub.uy\/portal\/wp-content\/uploads\/2018\/05\/1-9-820x547.jpg 820w, https:\/\/www.rivera.gub.uy\/portal\/wp-content\/uploads\/2018\/05\/1-9-272x182.jpg 272w\" sizes=\"auto, (max-width: 141px) 100vw, 141px\" \/><\/a>\n\t\t\t<\/div><\/figure><figure class='gallery-item'>\n\t\t\t<div class='gallery-icon landscape'>\n\t\t\t\t<a href='https:\/\/www.rivera.gub.uy\/portal\/wp-content\/uploads\/2018\/05\/2-9.jpg'><img loading=\"lazy\" decoding=\"async\" width=\"141\" height=\"94\" src=\"https:\/\/www.rivera.gub.uy\/portal\/wp-content\/uploads\/2018\/05\/2-9-141x94.jpg\" class=\"attachment-thumbnail size-thumbnail\" alt=\"\" srcset=\"https:\/\/www.rivera.gub.uy\/portal\/wp-content\/uploads\/2018\/05\/2-9-141x94.jpg 141w, https:\/\/www.rivera.gub.uy\/portal\/wp-content\/uploads\/2018\/05\/2-9-282x188.jpg 282w, https:\/\/www.rivera.gub.uy\/portal\/wp-content\/uploads\/2018\/05\/2-9-768x512.jpg 768w, https:\/\/www.rivera.gub.uy\/portal\/wp-content\/uploads\/2018\/05\/2-9-939x626.jpg 939w, https:\/\/www.rivera.gub.uy\/portal\/wp-content\/uploads\/2018\/05\/2-9-600x400.jpg 600w, https:\/\/www.rivera.gub.uy\/portal\/wp-content\/uploads\/2018\/05\/2-9-820x547.jpg 820w, https:\/\/www.rivera.gub.uy\/portal\/wp-content\/uploads\/2018\/05\/2-9-272x182.jpg 272w\" sizes=\"auto, (max-width: 141px) 100vw, 141px\" \/><\/a>\n\t\t\t<\/div><\/figure><figure class='gallery-item'>\n\t\t\t<div class='gallery-icon landscape'>\n\t\t\t\t<a href='https:\/\/www.rivera.gub.uy\/portal\/wp-content\/uploads\/2018\/05\/3-7.jpg'><img loading=\"lazy\" decoding=\"async\" width=\"141\" height=\"94\" src=\"https:\/\/www.rivera.gub.uy\/portal\/wp-content\/uploads\/2018\/05\/3-7-141x94.jpg\" class=\"attachment-thumbnail size-thumbnail\" alt=\"\" srcset=\"https:\/\/www.rivera.gub.uy\/portal\/wp-content\/uploads\/2018\/05\/3-7-141x94.jpg 141w, https:\/\/www.rivera.gub.uy\/portal\/wp-content\/uploads\/2018\/05\/3-7-282x188.jpg 282w, https:\/\/www.rivera.gub.uy\/portal\/wp-content\/uploads\/2018\/05\/3-7-768x512.jpg 768w, https:\/\/www.rivera.gub.uy\/portal\/wp-content\/uploads\/2018\/05\/3-7-939x626.jpg 939w, https:\/\/www.rivera.gub.uy\/portal\/wp-content\/uploads\/2018\/05\/3-7-600x400.jpg 600w, https:\/\/www.rivera.gub.uy\/portal\/wp-content\/uploads\/2018\/05\/3-7-820x547.jpg 820w, https:\/\/www.rivera.gub.uy\/portal\/wp-content\/uploads\/2018\/05\/3-7-272x182.jpg 272w\" sizes=\"auto, (max-width: 141px) 100vw, 141px\" \/><\/a>\n\t\t\t<\/div><\/figure><figure class='gallery-item'>\n\t\t\t<div class='gallery-icon landscape'>\n\t\t\t\t<a href='https:\/\/www.rivera.gub.uy\/portal\/wp-content\/uploads\/2018\/05\/4-5.jpg'><img loading=\"lazy\" decoding=\"async\" width=\"141\" height=\"94\" src=\"https:\/\/www.rivera.gub.uy\/portal\/wp-content\/uploads\/2018\/05\/4-5-141x94.jpg\" class=\"attachment-thumbnail size-thumbnail\" alt=\"\" srcset=\"https:\/\/www.rivera.gub.uy\/portal\/wp-content\/uploads\/2018\/05\/4-5-141x94.jpg 141w, https:\/\/www.rivera.gub.uy\/portal\/wp-content\/uploads\/2018\/05\/4-5-282x188.jpg 282w, https:\/\/www.rivera.gub.uy\/portal\/wp-content\/uploads\/2018\/05\/4-5-768x512.jpg 768w, https:\/\/www.rivera.gub.uy\/portal\/wp-content\/uploads\/2018\/05\/4-5-939x626.jpg 939w, https:\/\/www.rivera.gub.uy\/portal\/wp-content\/uploads\/2018\/05\/4-5-600x400.jpg 600w, https:\/\/www.rivera.gub.uy\/portal\/wp-content\/uploads\/2018\/05\/4-5-820x547.jpg 820w, https:\/\/www.rivera.gub.uy\/portal\/wp-content\/uploads\/2018\/05\/4-5-272x182.jpg 272w\" sizes=\"auto, (max-width: 141px) 100vw, 141px\" \/><\/a>\n\t\t\t<\/div><\/figure><figure class='gallery-item'>\n\t\t\t<div class='gallery-icon landscape'>\n\t\t\t\t<a href='https:\/\/www.rivera.gub.uy\/portal\/wp-content\/uploads\/2018\/05\/5-2.jpg'><img loading=\"lazy\" decoding=\"async\" width=\"141\" height=\"94\" src=\"https:\/\/www.rivera.gub.uy\/portal\/wp-content\/uploads\/2018\/05\/5-2-141x94.jpg\" class=\"attachment-thumbnail size-thumbnail\" alt=\"\" srcset=\"https:\/\/www.rivera.gub.uy\/portal\/wp-content\/uploads\/2018\/05\/5-2-141x94.jpg 141w, https:\/\/www.rivera.gub.uy\/portal\/wp-content\/uploads\/2018\/05\/5-2-282x188.jpg 282w, https:\/\/www.rivera.gub.uy\/portal\/wp-content\/uploads\/2018\/05\/5-2-768x512.jpg 768w, https:\/\/www.rivera.gub.uy\/portal\/wp-content\/uploads\/2018\/05\/5-2-939x626.jpg 939w, https:\/\/www.rivera.gub.uy\/portal\/wp-content\/uploads\/2018\/05\/5-2-600x400.jpg 600w, https:\/\/www.rivera.gub.uy\/portal\/wp-content\/uploads\/2018\/05\/5-2-820x547.jpg 820w, https:\/\/www.rivera.gub.uy\/portal\/wp-content\/uploads\/2018\/05\/5-2-272x182.jpg 272w\" sizes=\"auto, (max-width: 141px) 100vw, 141px\" \/><\/a>\n\t\t\t<\/div><\/figure>\n\t\t<\/div>\n\n","protected":false},"excerpt":{"rendered":"<p>La Direcci\u00f3n General de Promoci\u00f3n y Acci\u00f3n Social de la Intendencia Departamental de Rivera, junto a la Asociaci\u00f3n Civil, \u201cMujeres Celebran la Vida\u201d y el Regimiento de Caballer\u00eda Mecanizada N\u00ba 3, estar\u00e1n realizando donaciones de ropas y calzados a los alumnos de la Escuela N\u00ba 90 de Cap\u00f3n Alto.<\/p>\n","protected":false},"author":7,"featured_media":5654,"comment_status":"open","ping_status":"open","sticky":false,"template":"","format":"standard","meta":{"footnotes":""},"categories":[1],"tags":[320,345,36,520,413,33],"class_list":["post-5649","post","type-post","status-publish","format-standard","has-post-thumbnail","hentry","category-novedades","tag-bus-esperanza","tag-dgpas","tag-intendencia","tag-mujeres-celebran-la-vida","tag-regimiento","tag-rivera"],"_links":{"self":[{"href":"https:\/\/www.rivera.gub.uy\/portal\/wp-json\/wp\/v2\/posts\/5649","targetHints":{"allow":["GET"]}}],"collection":[{"href":"https:\/\/www.rivera.gub.uy\/portal\/wp-json\/wp\/v2\/posts"}],"about":[{"href":"https:\/\/www.rivera.gub.uy\/portal\/wp-json\/wp\/v2\/types\/post"}],"author":[{"embeddable":true,"href":"https:\/\/www.rivera.gub.uy\/portal\/wp-json\/wp\/v2\/users\/7"}],"replies":[{"embeddable":true,"href":"https:\/\/www.rivera.gub.uy\/portal\/wp-json\/wp\/v2\/comments?post=5649"}],"version-history":[{"count":2,"href":"https:\/\/www.rivera.gub.uy\/portal\/wp-json\/wp\/v2\/posts\/5649\/revisions"}],"predecessor-version":[{"id":5656,"href":"https:\/\/www.rivera.gub.uy\/portal\/wp-json\/wp\/v2\/posts\/5649\/revisions\/5656"}],"wp:featuredmedia":[{"embeddable":true,"href":"https:\/\/www.rivera.gub.uy\/portal\/wp-json\/wp\/v2\/media\/5654"}],"wp:attachment":[{"href":"https:\/\/www.rivera.gub.uy\/portal\/wp-json\/wp\/v2\/media?parent=5649"}],"wp:term":[{"taxonomy":"category","embeddable":true,"href":"https:\/\/www.rivera.gub.uy\/portal\/wp-json\/wp\/v2\/categories?post=5649"},{"taxonomy":"post_tag","embeddable":true,"href":"https:\/\/www.rivera.gub.uy\/portal\/wp-json\/wp\/v2\/tags?post=5649"}],"curies":[{"name":"wp","href":"https:\/\/api.w.org\/{rel}","templated":true}]}}