{"id":5672,"date":"2018-05-18T18:25:01","date_gmt":"2018-05-18T21:25:01","guid":{"rendered":"http:\/\/www.rivera.gub.uy\/portal\/?p=5672"},"modified":"2018-05-31T11:52:21","modified_gmt":"2018-05-31T14:52:21","slug":"reunion-entre-la-idr-y-el-mvotma-por-cooperativas-de-viviendas-en-rivera","status":"publish","type":"post","link":"https:\/\/www.rivera.gub.uy\/portal\/reunion-entre-la-idr-y-el-mvotma-por-cooperativas-de-viviendas-en-rivera\/","title":{"rendered":"Intendente se re\u00fane en MVOTMA por soluciones habitacionales"},"content":{"rendered":"<h3>Cinco cooperativas de viviendas de nuestra ciudad est\u00e1n a la espera de habilitaci\u00f3n.<\/h3>\n<p>Desde el gobierno departamental,\u00a0 se trabaja para lograr los objetivos propuestos en esta administraci\u00f3n, apostando a ofrecer el mejor <strong>servicio<\/strong> para todos los riverenses, mejoras en la calidad de vida y <strong>sustentabilidad<\/strong> de la producci\u00f3n.<\/p>\n<p><!--more--><\/p>\n<p>El intendente departamental de Rivera Dr. Marne Osorio,\u00a0 inform\u00f3 sobre la reuni\u00f3n que mantuvo en la capital del pa\u00eds, en el cual estuvo acompa\u00f1ado por el Secretario General de la IDR, Cr. Richard Sander, director General de Obras, Arq. Jos\u00e9 Mazzoni y la Arq. Adriana Epifanio.<\/p>\n<p>La reuni\u00f3n se realiz\u00f3\u00a0 en el Ministerio de Viviendas Ordenamiento Territorial y Medio Ambiente (MVOTMA), con las autoridades competentes, donde se plante\u00f3 la situaci\u00f3n de las 250 familias agrupadas en 5 cooperativas de viviendas de Rivera, que est\u00e1n a la espera de la Agencia Nacional de Viviendas (ANV), \u00a0\u00a0para que habiliten, \u00a0a que\u00a0 se puedan presentar los proyectos con el compromiso de la Intendencia Departamental.<\/p>\n<p>\u201cAll\u00ed planteamos que nosotros (IDR), nos encarg\u00e1bamos de las obras p\u00fablicas necesarias, de las calles, las pluviales, cord\u00f3n cuneta y el alumbrado p\u00fablico.\u00a0 Quedamos a la espera de una respuesta pues estamos urgidos de tenerlas, ,porque las familias est\u00e1n hace muchos a\u00f1os trabajando para alcanzar esta soluci\u00f3n\u201d, a\u00f1adi\u00f3 el jefe comunal.<\/p>\n<p>&nbsp;<\/p>\n<p><iframe loading=\"lazy\" width=\"1160\" height=\"653\" src=\"https:\/\/www.youtube.com\/embed\/LTiRJPdWQY8?feature=oembed\" frameborder=\"0\" allow=\"autoplay; encrypted-media\" allowfullscreen><\/iframe><\/p>\n","protected":false},"excerpt":{"rendered":"<p>Cinco cooperativas de viviendas de nuestra ciudad est\u00e1n a la espera de habilitaci\u00f3n. Desde el gobierno departamental,\u00a0 se trabaja para lograr los objetivos propuestos en esta administraci\u00f3n, apostando a ofrecer el mejor servicio para todos los riverenses, mejoras en la calidad de vida y sustentabilidad de la producci\u00f3n.<\/p>\n","protected":false},"author":7,"featured_media":5674,"comment_status":"open","ping_status":"open","sticky":false,"template":"","format":"standard","meta":{"footnotes":""},"categories":[3,1],"tags":[522,562,521,36,268,85,33,529,527,528],"class_list":["post-5672","post","type-post","status-publish","format-standard","has-post-thumbnail","hentry","category-multimedia","category-novedades","tag-anv","tag-calidad-de-vida","tag-cooperativas","tag-intendencia","tag-mvotma","tag-produccion","tag-rivera","tag-servicio","tag-servicio-y-sustentabilidad","tag-sustentabilidad"],"_links":{"self":[{"href":"https:\/\/www.rivera.gub.uy\/portal\/wp-json\/wp\/v2\/posts\/5672","targetHints":{"allow":["GET"]}}],"collection":[{"href":"https:\/\/www.rivera.gub.uy\/portal\/wp-json\/wp\/v2\/posts"}],"about":[{"href":"https:\/\/www.rivera.gub.uy\/portal\/wp-json\/wp\/v2\/types\/post"}],"author":[{"embeddable":true,"href":"https:\/\/www.rivera.gub.uy\/portal\/wp-json\/wp\/v2\/users\/7"}],"replies":[{"embeddable":true,"href":"https:\/\/www.rivera.gub.uy\/portal\/wp-json\/wp\/v2\/comments?post=5672"}],"version-history":[{"count":5,"href":"https:\/\/www.rivera.gub.uy\/portal\/wp-json\/wp\/v2\/posts\/5672\/revisions"}],"predecessor-version":[{"id":5856,"href":"https:\/\/www.rivera.gub.uy\/portal\/wp-json\/wp\/v2\/posts\/5672\/revisions\/5856"}],"wp:featuredmedia":[{"embeddable":true,"href":"https:\/\/www.rivera.gub.uy\/portal\/wp-json\/wp\/v2\/media\/5674"}],"wp:attachment":[{"href":"https:\/\/www.rivera.gub.uy\/portal\/wp-json\/wp\/v2\/media?parent=5672"}],"wp:term":[{"taxonomy":"category","embeddable":true,"href":"https:\/\/www.rivera.gub.uy\/portal\/wp-json\/wp\/v2\/categories?post=5672"},{"taxonomy":"post_tag","embeddable":true,"href":"https:\/\/www.rivera.gub.uy\/portal\/wp-json\/wp\/v2\/tags?post=5672"}],"curies":[{"name":"wp","href":"https:\/\/api.w.org\/{rel}","templated":true}]}}