{"id":5677,"date":"2018-05-21T10:14:29","date_gmt":"2018-05-21T13:14:29","guid":{"rendered":"http:\/\/www.rivera.gub.uy\/portal\/?p=5677"},"modified":"2018-05-25T12:01:55","modified_gmt":"2018-05-25T15:01:55","slug":"gobierno-departamental-analizara-en-brasilia-la-situacion-del-comercio-en-la-frontera-tras-la-instalacion-de-los-free-shop-del-lado-brasileno","status":"publish","type":"post","link":"https:\/\/www.rivera.gub.uy\/portal\/gobierno-departamental-analizara-en-brasilia-la-situacion-del-comercio-en-la-frontera-tras-la-instalacion-de-los-free-shop-del-lado-brasileno\/","title":{"rendered":"En viaje a Brasilia, gobierno analizar\u00e1 situaci\u00f3n del comercio local"},"content":{"rendered":"<p>El jefe comunal Dr. Marne Osorio Lima, \u00a0se reuni\u00f3 en Montevideo con el Canciller de la Rep\u00fablica, Rodolfo Nin Novoa, con el prop\u00f3sito de trasladar la situaci\u00f3n que se vive en la frontera por la situaci\u00f3n del comercio y la posibilidad de la instalaci\u00f3n de \u201ccomercios francos\u201d del lado brasile\u00f1o.<!--more--><\/p>\n<p>Osorio manifest\u00f3: \u201cLe planteamos la angustia que se vive aqu\u00ed y las dificultades que se pueden generar a ra\u00edz de la instalaci\u00f3n de los Free Shop del lado brasile\u00f1o, y el canciller aval\u00f3 la participaci\u00f3n de nosotros en la reuni\u00f3n en Brasilia la pr\u00f3xima semana. All\u00ed estaremos reunidos con el Embajador uruguayo en la capital de Brasil y mantendremos reuniones con la Receita Federal y con otros organismos para tratar de verificar exactamente cu\u00e1l es el alcance de implementaci\u00f3n de la instalaci\u00f3n de estos comercios en Brasil\u201d.<\/p>\n<p>Fortalecer el <strong>desarrollo<\/strong> y la<strong> producci\u00f3n<\/strong> desde la <strong>regi\u00f3n<\/strong> es uno de los objetivos principales de la administraci\u00f3n del gobierno departamental.<\/p>\n<p>&nbsp;<\/p>\n<p><iframe loading=\"lazy\" width=\"1160\" height=\"653\" src=\"https:\/\/www.youtube.com\/embed\/Ya1Qa4rDOjg?feature=oembed\" frameborder=\"0\" allow=\"autoplay; encrypted-media\" allowfullscreen><\/iframe><\/p>\n<p>&nbsp;<\/p>\n","protected":false},"excerpt":{"rendered":"<p>El jefe comunal Dr. Marne Osorio Lima, \u00a0se reuni\u00f3 en Montevideo con el Canciller de la Rep\u00fablica, Rodolfo Nin Novoa, con el prop\u00f3sito de trasladar la situaci\u00f3n que se vive en la frontera por la situaci\u00f3n del comercio y la posibilidad de la instalaci\u00f3n de \u201ccomercios francos\u201d del lado brasile\u00f1o.<\/p>\n","protected":false},"author":7,"featured_media":5307,"comment_status":"open","ping_status":"open","sticky":false,"template":"","format":"standard","meta":{"footnotes":""},"categories":[3,1],"tags":[525,109,541,523,524,36,33],"class_list":["post-5677","post","type-post","status-publish","format-standard","has-post-thumbnail","hentry","category-multimedia","category-novedades","tag-brasilia","tag-comercio","tag-desarrollo-y-produccion","tag-free-shops","tag-hospitales","tag-intendencia","tag-rivera"],"_links":{"self":[{"href":"https:\/\/www.rivera.gub.uy\/portal\/wp-json\/wp\/v2\/posts\/5677","targetHints":{"allow":["GET"]}}],"collection":[{"href":"https:\/\/www.rivera.gub.uy\/portal\/wp-json\/wp\/v2\/posts"}],"about":[{"href":"https:\/\/www.rivera.gub.uy\/portal\/wp-json\/wp\/v2\/types\/post"}],"author":[{"embeddable":true,"href":"https:\/\/www.rivera.gub.uy\/portal\/wp-json\/wp\/v2\/users\/7"}],"replies":[{"embeddable":true,"href":"https:\/\/www.rivera.gub.uy\/portal\/wp-json\/wp\/v2\/comments?post=5677"}],"version-history":[{"count":4,"href":"https:\/\/www.rivera.gub.uy\/portal\/wp-json\/wp\/v2\/posts\/5677\/revisions"}],"predecessor-version":[{"id":5689,"href":"https:\/\/www.rivera.gub.uy\/portal\/wp-json\/wp\/v2\/posts\/5677\/revisions\/5689"}],"wp:featuredmedia":[{"embeddable":true,"href":"https:\/\/www.rivera.gub.uy\/portal\/wp-json\/wp\/v2\/media\/5307"}],"wp:attachment":[{"href":"https:\/\/www.rivera.gub.uy\/portal\/wp-json\/wp\/v2\/media?parent=5677"}],"wp:term":[{"taxonomy":"category","embeddable":true,"href":"https:\/\/www.rivera.gub.uy\/portal\/wp-json\/wp\/v2\/categories?post=5677"},{"taxonomy":"post_tag","embeddable":true,"href":"https:\/\/www.rivera.gub.uy\/portal\/wp-json\/wp\/v2\/tags?post=5677"}],"curies":[{"name":"wp","href":"https:\/\/api.w.org\/{rel}","templated":true}]}}