{"id":5702,"date":"2018-05-22T16:43:40","date_gmt":"2018-05-22T19:43:40","guid":{"rendered":"http:\/\/www.rivera.gub.uy\/portal\/?p=5702"},"modified":"2018-05-23T18:44:38","modified_gmt":"2018-05-23T21:44:38","slug":"formate-aqui-una-nueva-manera-de-acercarte-a-tus-oportunidades","status":"publish","type":"post","link":"https:\/\/www.rivera.gub.uy\/portal\/formate-aqui-una-nueva-manera-de-acercarte-a-tus-oportunidades\/","title":{"rendered":"\u00a1F\u00f3rmate Aqu\u00ed! Una nueva manera de acercarte a tus oportunidades"},"content":{"rendered":"<p><span style=\"font-weight: 400\">El proyecto tiene como objetivo acercar la oferta educativa<\/span> <span style=\"font-weight: 400\">t\u00e9cnica y superior a j\u00f3venes del interior.<\/span><\/p>\n<p><!--more--><\/p>\n<p><iframe loading=\"lazy\" width=\"1160\" height=\"653\" src=\"https:\/\/www.youtube.com\/embed\/0p-CIyZaUUc?feature=oembed\" frameborder=\"0\" allow=\"autoplay; encrypted-media\" allowfullscreen><\/iframe><\/p>\n<p><span style=\"font-weight: 400\"><br \/>\nEl Proyecto Trazando Rumbos (IDR\/OPP), y la Secretaria Binacional de Educaci\u00f3n Superior, perteneciente a la Direcci\u00f3n General de Desarrollo y Medio Ambiente, dio inicio al ciclo del programa \u201cFormate Aqu\u00ed\u201d.<\/span><\/p>\n<p><span style=\"font-weight: 400\">El mismo tiene como objetivo acercar la oferta educativa t\u00e9cnica y superior a j\u00f3venes del interior del Departamento de Rivera, mediante la visita a las instituciones educativas de la frontera y charlas tem\u00e1ticas referentes a las carreras impartidas en el departamento, as\u00ed como tambi\u00e9n a las oferta de becas existentes.\u00a0<\/span><\/p>\n<p><span style=\"font-weight: 400\">Por lo cual el pasado mi\u00e9rcoles 16 de mayo, m\u00e1s de treinta estudiantes pertenecientes a cuarto y sexto a\u00f1o del Liceo de Vichadero, participaron de esta jornada, la misma abarco visitas guiadas por los centros educativos, CERP, UTEC, IFSUL, CUR, IFD y UTU.<\/span><\/p>\n<div id='gallery-1' class='gallery galleryid-5702 gallery-columns-3 gallery-size-medium'><figure class='gallery-item'>\n\t\t\t<div class='gallery-icon landscape'>\n\t\t\t\t<a href='https:\/\/www.rivera.gub.uy\/portal\/formate-aqui-una-nueva-manera-de-acercarte-a-tus-oportunidades\/8f1e6299-ee7b-411e-aa36-6f1bc649ac75\/'><img loading=\"lazy\" decoding=\"async\" width=\"251\" height=\"188\" src=\"https:\/\/www.rivera.gub.uy\/portal\/wp-content\/uploads\/2018\/05\/8f1e6299-ee7b-411e-aa36-6f1bc649ac75-251x188.jpg\" class=\"attachment-medium size-medium\" alt=\"\" aria-describedby=\"gallery-1-5703\" srcset=\"https:\/\/www.rivera.gub.uy\/portal\/wp-content\/uploads\/2018\/05\/8f1e6299-ee7b-411e-aa36-6f1bc649ac75-251x188.jpg 251w, https:\/\/www.rivera.gub.uy\/portal\/wp-content\/uploads\/2018\/05\/8f1e6299-ee7b-411e-aa36-6f1bc649ac75-125x94.jpg 125w, https:\/\/www.rivera.gub.uy\/portal\/wp-content\/uploads\/2018\/05\/8f1e6299-ee7b-411e-aa36-6f1bc649ac75-768x576.jpg 768w, https:\/\/www.rivera.gub.uy\/portal\/wp-content\/uploads\/2018\/05\/8f1e6299-ee7b-411e-aa36-6f1bc649ac75-835x626.jpg 835w, https:\/\/www.rivera.gub.uy\/portal\/wp-content\/uploads\/2018\/05\/8f1e6299-ee7b-411e-aa36-6f1bc649ac75-820x615.jpg 820w, https:\/\/www.rivera.gub.uy\/portal\/wp-content\/uploads\/2018\/05\/8f1e6299-ee7b-411e-aa36-6f1bc649ac75.jpg 1024w\" sizes=\"auto, (max-width: 251px) 100vw, 251px\" \/><\/a>\n\t\t\t<\/div>\n\t\t\t\t<figcaption class='wp-caption-text gallery-caption' id='gallery-1-5703'>\n\t\t\t\tTrazando Rumbos &#8211; UTEC\n\t\t\t\t<\/figcaption><\/figure><figure class='gallery-item'>\n\t\t\t<div class='gallery-icon landscape'>\n\t\t\t\t<a href='https:\/\/www.rivera.gub.uy\/portal\/formate-aqui-una-nueva-manera-de-acercarte-a-tus-oportunidades\/60ac1895-15f5-4fe6-8931-6c486c31c4a1\/'><img loading=\"lazy\" decoding=\"async\" width=\"251\" height=\"188\" src=\"https:\/\/www.rivera.gub.uy\/portal\/wp-content\/uploads\/2018\/05\/60ac1895-15f5-4fe6-8931-6c486c31c4a1-251x188.jpg\" class=\"attachment-medium size-medium\" alt=\"\" aria-describedby=\"gallery-1-5704\" srcset=\"https:\/\/www.rivera.gub.uy\/portal\/wp-content\/uploads\/2018\/05\/60ac1895-15f5-4fe6-8931-6c486c31c4a1-251x188.jpg 251w, https:\/\/www.rivera.gub.uy\/portal\/wp-content\/uploads\/2018\/05\/60ac1895-15f5-4fe6-8931-6c486c31c4a1-125x94.jpg 125w, https:\/\/www.rivera.gub.uy\/portal\/wp-content\/uploads\/2018\/05\/60ac1895-15f5-4fe6-8931-6c486c31c4a1-768x576.jpg 768w, https:\/\/www.rivera.gub.uy\/portal\/wp-content\/uploads\/2018\/05\/60ac1895-15f5-4fe6-8931-6c486c31c4a1-835x626.jpg 835w, https:\/\/www.rivera.gub.uy\/portal\/wp-content\/uploads\/2018\/05\/60ac1895-15f5-4fe6-8931-6c486c31c4a1-820x615.jpg 820w, https:\/\/www.rivera.gub.uy\/portal\/wp-content\/uploads\/2018\/05\/60ac1895-15f5-4fe6-8931-6c486c31c4a1.jpg 1024w\" sizes=\"auto, (max-width: 251px) 100vw, 251px\" \/><\/a>\n\t\t\t<\/div>\n\t\t\t\t<figcaption class='wp-caption-text gallery-caption' id='gallery-1-5704'>\n\t\t\t\tProyecto Trazando Rumbos &#8211; CUR\n\t\t\t\t<\/figcaption><\/figure><figure class='gallery-item'>\n\t\t\t<div class='gallery-icon landscape'>\n\t\t\t\t<a href='https:\/\/www.rivera.gub.uy\/portal\/formate-aqui-una-nueva-manera-de-acercarte-a-tus-oportunidades\/875b6850-b9e1-429a-8f23-273546b3f561\/'><img loading=\"lazy\" decoding=\"async\" width=\"251\" height=\"188\" src=\"https:\/\/www.rivera.gub.uy\/portal\/wp-content\/uploads\/2018\/05\/875b6850-b9e1-429a-8f23-273546b3f561-251x188.jpg\" class=\"attachment-medium size-medium\" alt=\"\" aria-describedby=\"gallery-1-5705\" srcset=\"https:\/\/www.rivera.gub.uy\/portal\/wp-content\/uploads\/2018\/05\/875b6850-b9e1-429a-8f23-273546b3f561-251x188.jpg 251w, https:\/\/www.rivera.gub.uy\/portal\/wp-content\/uploads\/2018\/05\/875b6850-b9e1-429a-8f23-273546b3f561-125x94.jpg 125w, https:\/\/www.rivera.gub.uy\/portal\/wp-content\/uploads\/2018\/05\/875b6850-b9e1-429a-8f23-273546b3f561-768x576.jpg 768w, https:\/\/www.rivera.gub.uy\/portal\/wp-content\/uploads\/2018\/05\/875b6850-b9e1-429a-8f23-273546b3f561-835x626.jpg 835w, https:\/\/www.rivera.gub.uy\/portal\/wp-content\/uploads\/2018\/05\/875b6850-b9e1-429a-8f23-273546b3f561-820x615.jpg 820w, https:\/\/www.rivera.gub.uy\/portal\/wp-content\/uploads\/2018\/05\/875b6850-b9e1-429a-8f23-273546b3f561.jpg 1024w\" sizes=\"auto, (max-width: 251px) 100vw, 251px\" \/><\/a>\n\t\t\t<\/div>\n\t\t\t\t<figcaption class='wp-caption-text gallery-caption' id='gallery-1-5705'>\n\t\t\t\tJ\u00f3venes sexto a\u00f1o del Liceo de Vichadero\n\t\t\t\t<\/figcaption><\/figure>\n\t\t<\/div>\n\n<p><span style=\"font-weight: 400\">Trabajando bajo el lema \u201cm\u00e1s formaci\u00f3n, m\u00e1s oportunidades\u201d es que este ciclo pretende acercar la informaci\u00f3n necesaria para que nuestros j\u00f3venes puedan ser participes de la construcci\u00f3n de su futuro y conozcan lo que el departamento ofrece en proyecto educativo.<\/span><\/p>\n<p><span style=\"font-weight: 400\">El coordinador del proyecto \u201cTrazando Rumbos\u201d, Director de Div. Estrat\u00e9gias y articulaci\u00f3n Regional, perteneciente a la Unidad de Desarrollo, DGDMA, Bi\u00f3logo, Rodrigo Vargas, \u00a0inform\u00f3 que el mismo viene trabajando junto a la OPP, y por tal motivo se llega en esta instancia, a los estudiantes del Liceo de Vichadero, nucleando a 40 j\u00f3venes (en esta oportunidad), para recorrer las diferentes instituciones educativas que ofrecen educaci\u00f3n terciaria en nuestra frontera, \u201cpara ellos vean cuales son las ofertas que tienen\u201d.<\/span><\/p>\n<p><span style=\"font-weight: 400\">De esta manera se trabaja en la <\/span><b>innovaci\u00f3n,<\/b><span style=\"font-weight: 400\"> con la participaci\u00f3n de varios actores que colaboran en la construcci\u00f3n del futuro de los j\u00f3venes a trav\u00e9s de la educaci\u00f3n.<\/span><\/p>\n","protected":false},"excerpt":{"rendered":"<p>El proyecto tiene como objetivo acercar la oferta educativa t\u00e9cnica y superior a j\u00f3venes del interior.<\/p>\n","protected":false},"author":1,"featured_media":5705,"comment_status":"open","ping_status":"open","sticky":false,"template":"","format":"standard","meta":{"footnotes":""},"categories":[24,5,3,21,1,18,13],"tags":[536,537,114,540,538,117,535,539,217],"class_list":["post-5702","post","type-post","status-publish","format-standard","has-post-thumbnail","hentry","category-destacados","category-movilidad-urbana","category-multimedia","category-municipios","category-novedades","category-participacion","category-proyectos-estrategicos","tag-estrategias-y-articulacion-regional","tag-formate-aqui","tag-idr","tag-innovacion","tag-innovacion-y-transparencia","tag-intendencia-de-rivera","tag-ribera","tag-transparencia","tag-trazando-rumbos"],"_links":{"self":[{"href":"https:\/\/www.rivera.gub.uy\/portal\/wp-json\/wp\/v2\/posts\/5702","targetHints":{"allow":["GET"]}}],"collection":[{"href":"https:\/\/www.rivera.gub.uy\/portal\/wp-json\/wp\/v2\/posts"}],"about":[{"href":"https:\/\/www.rivera.gub.uy\/portal\/wp-json\/wp\/v2\/types\/post"}],"author":[{"embeddable":true,"href":"https:\/\/www.rivera.gub.uy\/portal\/wp-json\/wp\/v2\/users\/1"}],"replies":[{"embeddable":true,"href":"https:\/\/www.rivera.gub.uy\/portal\/wp-json\/wp\/v2\/comments?post=5702"}],"version-history":[{"count":4,"href":"https:\/\/www.rivera.gub.uy\/portal\/wp-json\/wp\/v2\/posts\/5702\/revisions"}],"predecessor-version":[{"id":5738,"href":"https:\/\/www.rivera.gub.uy\/portal\/wp-json\/wp\/v2\/posts\/5702\/revisions\/5738"}],"wp:featuredmedia":[{"embeddable":true,"href":"https:\/\/www.rivera.gub.uy\/portal\/wp-json\/wp\/v2\/media\/5705"}],"wp:attachment":[{"href":"https:\/\/www.rivera.gub.uy\/portal\/wp-json\/wp\/v2\/media?parent=5702"}],"wp:term":[{"taxonomy":"category","embeddable":true,"href":"https:\/\/www.rivera.gub.uy\/portal\/wp-json\/wp\/v2\/categories?post=5702"},{"taxonomy":"post_tag","embeddable":true,"href":"https:\/\/www.rivera.gub.uy\/portal\/wp-json\/wp\/v2\/tags?post=5702"}],"curies":[{"name":"wp","href":"https:\/\/api.w.org\/{rel}","templated":true}]}}