{"id":5728,"date":"2018-05-23T18:12:46","date_gmt":"2018-05-23T21:12:46","guid":{"rendered":"http:\/\/www.rivera.gub.uy\/portal\/?p=5728"},"modified":"2018-05-23T18:21:07","modified_gmt":"2018-05-23T21:21:07","slug":"chasque-de-los-santos-mas-iluminada","status":"publish","type":"post","link":"https:\/\/www.rivera.gub.uy\/portal\/chasque-de-los-santos-mas-iluminada\/","title":{"rendered":"Chasque de los Santos m\u00e1s iluminada"},"content":{"rendered":"<blockquote><p>Modernidad y mejor servicio a la comunidad con cada obra, una tarea que crece en nuestra<br \/>\nciudad.<\/p><\/blockquote>\n<p><!--more-->Desde la Direcci\u00f3n General de Obras de la IDR, a trav\u00e9s de la<br \/>\nDivisi\u00f3n Alumbrado P\u00fablico, su Director, Mart\u00ed Molins, inform\u00f3<br \/>\nal respecto de la inversi\u00f3n de las obras de calle Chasque De los<br \/>\nSantos, al oeste de la ciudad de Rivera.<br \/>\nMolins, manifest\u00f3 que desde la cabecera este, del puente de<br \/>\nLagun\u00f3n, hasta calle Paysand\u00fa, esq. Bernab\u00e9 Rivera, se<br \/>\ninstalaron 23 luminarias completas con l\u00e1mparas de Sodio SON-T<br \/>\n250W.<\/p>\n<p>&nbsp;<\/p>\n<div id='gallery-1' class='gallery galleryid-5728 gallery-columns-3 gallery-size-medium'><figure class='gallery-item'>\n\t\t\t<div class='gallery-icon portrait'>\n\t\t\t\t<a href='https:\/\/www.rivera.gub.uy\/portal\/chasque-de-los-santos-mas-iluminada\/chasque-de-los-santos\/'><img loading=\"lazy\" decoding=\"async\" width=\"134\" height=\"188\" src=\"https:\/\/www.rivera.gub.uy\/portal\/wp-content\/uploads\/2018\/05\/Chasque-De-Los-Santos-134x188.jpg\" class=\"attachment-medium size-medium\" alt=\"\" srcset=\"https:\/\/www.rivera.gub.uy\/portal\/wp-content\/uploads\/2018\/05\/Chasque-De-Los-Santos-134x188.jpg 134w, https:\/\/www.rivera.gub.uy\/portal\/wp-content\/uploads\/2018\/05\/Chasque-De-Los-Santos-67x94.jpg 67w, https:\/\/www.rivera.gub.uy\/portal\/wp-content\/uploads\/2018\/05\/Chasque-De-Los-Santos-768x1075.jpg 768w, https:\/\/www.rivera.gub.uy\/portal\/wp-content\/uploads\/2018\/05\/Chasque-De-Los-Santos-447x626.jpg 447w, https:\/\/www.rivera.gub.uy\/portal\/wp-content\/uploads\/2018\/05\/Chasque-De-Los-Santos-820x1148.jpg 820w\" sizes=\"auto, (max-width: 134px) 100vw, 134px\" \/><\/a>\n\t\t\t<\/div><\/figure><figure class='gallery-item'>\n\t\t\t<div class='gallery-icon landscape'>\n\t\t\t\t<a href='https:\/\/www.rivera.gub.uy\/portal\/chasque-de-los-santos-mas-iluminada\/chasque-de-los-santos-2\/'><img loading=\"lazy\" decoding=\"async\" width=\"263\" height=\"188\" src=\"https:\/\/www.rivera.gub.uy\/portal\/wp-content\/uploads\/2018\/05\/Chasque-De-Los-Santos-2-263x188.jpg\" class=\"attachment-medium size-medium\" alt=\"\" srcset=\"https:\/\/www.rivera.gub.uy\/portal\/wp-content\/uploads\/2018\/05\/Chasque-De-Los-Santos-2-263x188.jpg 263w, https:\/\/www.rivera.gub.uy\/portal\/wp-content\/uploads\/2018\/05\/Chasque-De-Los-Santos-2-132x94.jpg 132w, https:\/\/www.rivera.gub.uy\/portal\/wp-content\/uploads\/2018\/05\/Chasque-De-Los-Santos-2-768x549.jpg 768w, https:\/\/www.rivera.gub.uy\/portal\/wp-content\/uploads\/2018\/05\/Chasque-De-Los-Santos-2-876x626.jpg 876w, https:\/\/www.rivera.gub.uy\/portal\/wp-content\/uploads\/2018\/05\/Chasque-De-Los-Santos-2-820x586.jpg 820w\" sizes=\"auto, (max-width: 263px) 100vw, 263px\" \/><\/a>\n\t\t\t<\/div><\/figure><figure class='gallery-item'>\n\t\t\t<div class='gallery-icon landscape'>\n\t\t\t\t<a href='https:\/\/www.rivera.gub.uy\/portal\/chasque-de-los-santos-mas-iluminada\/dsc_1161\/'><img loading=\"lazy\" decoding=\"async\" width=\"263\" height=\"188\" src=\"https:\/\/www.rivera.gub.uy\/portal\/wp-content\/uploads\/2018\/05\/DSC_1161-263x188.jpg\" class=\"attachment-medium size-medium\" alt=\"\" srcset=\"https:\/\/www.rivera.gub.uy\/portal\/wp-content\/uploads\/2018\/05\/DSC_1161-263x188.jpg 263w, https:\/\/www.rivera.gub.uy\/portal\/wp-content\/uploads\/2018\/05\/DSC_1161-132x94.jpg 132w, https:\/\/www.rivera.gub.uy\/portal\/wp-content\/uploads\/2018\/05\/DSC_1161-768x549.jpg 768w, https:\/\/www.rivera.gub.uy\/portal\/wp-content\/uploads\/2018\/05\/DSC_1161-876x626.jpg 876w, https:\/\/www.rivera.gub.uy\/portal\/wp-content\/uploads\/2018\/05\/DSC_1161-820x586.jpg 820w\" sizes=\"auto, (max-width: 263px) 100vw, 263px\" \/><\/a>\n\t\t\t<\/div><\/figure>\n\t\t<\/div>\n\n<p>Fueron colocadas 23 columnas de hormig\u00f3n de 7.5 mt. cada una,<br \/>\nadem\u00e1s se realiz\u00f3 un tendido de 750 metros aprox. de<br \/>\nconductor preensamblado de 3&#215;16+1.50 AL.<\/p>\n<p>El valor aproximado de la obra del trabajo de Alumbrado es de<br \/>\n805.000 pesos uruguayos.<br \/>\n\u201cEste servicio cuenta con la medici\u00f3n correspondiente\u201d, enfatiz\u00f3<br \/>\nMolins.<\/p>\n<p>Con <strong>transparencia<\/strong> vamos construyendo juntos un lugar para vivir.<br \/>\nRivera | Juntos construimos Futuro.<\/p>\n","protected":false},"excerpt":{"rendered":"<p>Modernidad y mejor servicio a la comunidad con cada obra, una tarea que crece en nuestra ciudad.<\/p>\n","protected":false},"author":1,"featured_media":5730,"comment_status":"open","ping_status":"open","sticky":false,"template":"","format":"standard","meta":{"footnotes":""},"categories":[24,5,1],"tags":[339,114,545,544,117,546,81,33,539],"class_list":["post-5728","post","type-post","status-publish","format-standard","has-post-thumbnail","hentry","category-destacados","category-movilidad-urbana","category-novedades","tag-dgo","tag-idr","tag-infraestructura","tag-infraestructura-y-modernidad","tag-intendencia-de-rivera","tag-modernidad","tag-obras","tag-rivera","tag-transparencia"],"_links":{"self":[{"href":"https:\/\/www.rivera.gub.uy\/portal\/wp-json\/wp\/v2\/posts\/5728","targetHints":{"allow":["GET"]}}],"collection":[{"href":"https:\/\/www.rivera.gub.uy\/portal\/wp-json\/wp\/v2\/posts"}],"about":[{"href":"https:\/\/www.rivera.gub.uy\/portal\/wp-json\/wp\/v2\/types\/post"}],"author":[{"embeddable":true,"href":"https:\/\/www.rivera.gub.uy\/portal\/wp-json\/wp\/v2\/users\/1"}],"replies":[{"embeddable":true,"href":"https:\/\/www.rivera.gub.uy\/portal\/wp-json\/wp\/v2\/comments?post=5728"}],"version-history":[{"count":6,"href":"https:\/\/www.rivera.gub.uy\/portal\/wp-json\/wp\/v2\/posts\/5728\/revisions"}],"predecessor-version":[{"id":5737,"href":"https:\/\/www.rivera.gub.uy\/portal\/wp-json\/wp\/v2\/posts\/5728\/revisions\/5737"}],"wp:featuredmedia":[{"embeddable":true,"href":"https:\/\/www.rivera.gub.uy\/portal\/wp-json\/wp\/v2\/media\/5730"}],"wp:attachment":[{"href":"https:\/\/www.rivera.gub.uy\/portal\/wp-json\/wp\/v2\/media?parent=5728"}],"wp:term":[{"taxonomy":"category","embeddable":true,"href":"https:\/\/www.rivera.gub.uy\/portal\/wp-json\/wp\/v2\/categories?post=5728"},{"taxonomy":"post_tag","embeddable":true,"href":"https:\/\/www.rivera.gub.uy\/portal\/wp-json\/wp\/v2\/tags?post=5728"}],"curies":[{"name":"wp","href":"https:\/\/api.w.org\/{rel}","templated":true}]}}