{"id":58446,"date":"2025-01-28T14:40:41","date_gmt":"2025-01-28T17:40:41","guid":{"rendered":"https:\/\/www.rivera.gub.uy\/portal\/?p=58446"},"modified":"2025-01-28T14:40:41","modified_gmt":"2025-01-28T17:40:41","slug":"continuan-avanzando-las-obras-en-rivera","status":"publish","type":"post","link":"https:\/\/www.rivera.gub.uy\/portal\/continuan-avanzando-las-obras-en-rivera\/","title":{"rendered":"Contin\u00faan avanzando las obras en Rivera"},"content":{"rendered":"<p>El director General de Obras de la Intendencia Departamental de Rivera, Arq. Mart\u00edn Garc\u00eda, inform\u00f3 sobre los avances de obras del Estadio de F\u00fatbol Infantil, el Gimnasio Polideportivo Don Bosco, y el recapado asf\u00e1ltico de Av. Sep\u00e9.<!--more--><\/p>\n<p>En el mes de noviembre 2024 comenzaron las obras del Estadio de F\u00fatbol Infantil(el espacio se encuentra dentro del Estadio Atilio Paiva Olivera donde se ubica la cancha cancha f\u00fatbol 7), con una inversi\u00f3n aproximada de $ 25 000 000 (veinticinco millones de pesos uruguayos).<\/p>\n<p>La cancha contar\u00e1 con c\u00e9sped sint\u00e9tico, iluminaci\u00f3n LED, tribunas con y sin techo.<br \/>\nSe estima que a mediados de abril\/mayo 2025 se estar\u00eda entregando la obra.<\/p>\n<div id='gallery-1' class='gallery galleryid-58446 gallery-columns-4 gallery-size-thumbnail'><figure class='gallery-item'>\n\t\t\t<div class='gallery-icon landscape'>\n\t\t\t\t<a href='https:\/\/www.rivera.gub.uy\/portal\/wp-content\/uploads\/2025\/01\/obras-7.jpg'><img loading=\"lazy\" decoding=\"async\" width=\"125\" height=\"94\" src=\"https:\/\/www.rivera.gub.uy\/portal\/wp-content\/uploads\/2025\/01\/obras-7-125x94.jpg\" class=\"attachment-thumbnail size-thumbnail\" alt=\"Obras en Estadio de F\u00fatbol Infantil\" srcset=\"https:\/\/www.rivera.gub.uy\/portal\/wp-content\/uploads\/2025\/01\/obras-7-125x94.jpg 125w, https:\/\/www.rivera.gub.uy\/portal\/wp-content\/uploads\/2025\/01\/obras-7-251x188.jpg 251w, https:\/\/www.rivera.gub.uy\/portal\/wp-content\/uploads\/2025\/01\/obras-7-835x626.jpg 835w, https:\/\/www.rivera.gub.uy\/portal\/wp-content\/uploads\/2025\/01\/obras-7-768x576.jpg 768w, https:\/\/www.rivera.gub.uy\/portal\/wp-content\/uploads\/2025\/01\/obras-7-1536x1152.jpg 1536w, https:\/\/www.rivera.gub.uy\/portal\/wp-content\/uploads\/2025\/01\/obras-7-820x615.jpg 820w, https:\/\/www.rivera.gub.uy\/portal\/wp-content\/uploads\/2025\/01\/obras-7.jpg 2040w\" sizes=\"auto, (max-width: 125px) 100vw, 125px\" \/><\/a>\n\t\t\t<\/div><\/figure><figure class='gallery-item'>\n\t\t\t<div class='gallery-icon portrait'>\n\t\t\t\t<a href='https:\/\/www.rivera.gub.uy\/portal\/wp-content\/uploads\/2025\/01\/obras-6.jpg'><img loading=\"lazy\" decoding=\"async\" width=\"71\" height=\"94\" src=\"https:\/\/www.rivera.gub.uy\/portal\/wp-content\/uploads\/2025\/01\/obras-6-71x94.jpg\" class=\"attachment-thumbnail size-thumbnail\" alt=\"\" srcset=\"https:\/\/www.rivera.gub.uy\/portal\/wp-content\/uploads\/2025\/01\/obras-6-71x94.jpg 71w, https:\/\/www.rivera.gub.uy\/portal\/wp-content\/uploads\/2025\/01\/obras-6-141x188.jpg 141w, https:\/\/www.rivera.gub.uy\/portal\/wp-content\/uploads\/2025\/01\/obras-6-470x626.jpg 470w, https:\/\/www.rivera.gub.uy\/portal\/wp-content\/uploads\/2025\/01\/obras-6-768x1024.jpg 768w, https:\/\/www.rivera.gub.uy\/portal\/wp-content\/uploads\/2025\/01\/obras-6-1152x1536.jpg 1152w, https:\/\/www.rivera.gub.uy\/portal\/wp-content\/uploads\/2025\/01\/obras-6-820x1093.jpg 820w, https:\/\/www.rivera.gub.uy\/portal\/wp-content\/uploads\/2025\/01\/obras-6.jpg 1530w\" sizes=\"auto, (max-width: 71px) 100vw, 71px\" \/><\/a>\n\t\t\t<\/div><\/figure><figure class='gallery-item'>\n\t\t\t<div class='gallery-icon landscape'>\n\t\t\t\t<a href='https:\/\/www.rivera.gub.uy\/portal\/wp-content\/uploads\/2025\/01\/obras-5.jpg'><img loading=\"lazy\" decoding=\"async\" width=\"125\" height=\"94\" src=\"https:\/\/www.rivera.gub.uy\/portal\/wp-content\/uploads\/2025\/01\/obras-5-125x94.jpg\" class=\"attachment-thumbnail size-thumbnail\" alt=\"\" srcset=\"https:\/\/www.rivera.gub.uy\/portal\/wp-content\/uploads\/2025\/01\/obras-5-125x94.jpg 125w, https:\/\/www.rivera.gub.uy\/portal\/wp-content\/uploads\/2025\/01\/obras-5-251x188.jpg 251w, https:\/\/www.rivera.gub.uy\/portal\/wp-content\/uploads\/2025\/01\/obras-5-835x626.jpg 835w, https:\/\/www.rivera.gub.uy\/portal\/wp-content\/uploads\/2025\/01\/obras-5-768x576.jpg 768w, https:\/\/www.rivera.gub.uy\/portal\/wp-content\/uploads\/2025\/01\/obras-5-1536x1152.jpg 1536w, https:\/\/www.rivera.gub.uy\/portal\/wp-content\/uploads\/2025\/01\/obras-5-820x615.jpg 820w, https:\/\/www.rivera.gub.uy\/portal\/wp-content\/uploads\/2025\/01\/obras-5.jpg 2040w\" sizes=\"auto, (max-width: 125px) 100vw, 125px\" \/><\/a>\n\t\t\t<\/div><\/figure><figure class='gallery-item'>\n\t\t\t<div class='gallery-icon landscape'>\n\t\t\t\t<a href='https:\/\/www.rivera.gub.uy\/portal\/wp-content\/uploads\/2025\/01\/obras-4.jpg'><img loading=\"lazy\" decoding=\"async\" width=\"125\" height=\"94\" src=\"https:\/\/www.rivera.gub.uy\/portal\/wp-content\/uploads\/2025\/01\/obras-4-125x94.jpg\" class=\"attachment-thumbnail size-thumbnail\" alt=\"\" srcset=\"https:\/\/www.rivera.gub.uy\/portal\/wp-content\/uploads\/2025\/01\/obras-4-125x94.jpg 125w, https:\/\/www.rivera.gub.uy\/portal\/wp-content\/uploads\/2025\/01\/obras-4-251x188.jpg 251w, https:\/\/www.rivera.gub.uy\/portal\/wp-content\/uploads\/2025\/01\/obras-4-835x626.jpg 835w, https:\/\/www.rivera.gub.uy\/portal\/wp-content\/uploads\/2025\/01\/obras-4-768x576.jpg 768w, https:\/\/www.rivera.gub.uy\/portal\/wp-content\/uploads\/2025\/01\/obras-4-1536x1152.jpg 1536w, https:\/\/www.rivera.gub.uy\/portal\/wp-content\/uploads\/2025\/01\/obras-4-820x615.jpg 820w, https:\/\/www.rivera.gub.uy\/portal\/wp-content\/uploads\/2025\/01\/obras-4.jpg 2040w\" sizes=\"auto, (max-width: 125px) 100vw, 125px\" \/><\/a>\n\t\t\t<\/div><\/figure><figure class='gallery-item'>\n\t\t\t<div class='gallery-icon portrait'>\n\t\t\t\t<a href='https:\/\/www.rivera.gub.uy\/portal\/wp-content\/uploads\/2025\/01\/obras-3.jpg'><img loading=\"lazy\" decoding=\"async\" width=\"71\" height=\"94\" src=\"https:\/\/www.rivera.gub.uy\/portal\/wp-content\/uploads\/2025\/01\/obras-3-71x94.jpg\" class=\"attachment-thumbnail size-thumbnail\" alt=\"\" srcset=\"https:\/\/www.rivera.gub.uy\/portal\/wp-content\/uploads\/2025\/01\/obras-3-71x94.jpg 71w, https:\/\/www.rivera.gub.uy\/portal\/wp-content\/uploads\/2025\/01\/obras-3-141x188.jpg 141w, https:\/\/www.rivera.gub.uy\/portal\/wp-content\/uploads\/2025\/01\/obras-3-470x626.jpg 470w, https:\/\/www.rivera.gub.uy\/portal\/wp-content\/uploads\/2025\/01\/obras-3-768x1024.jpg 768w, https:\/\/www.rivera.gub.uy\/portal\/wp-content\/uploads\/2025\/01\/obras-3-1152x1536.jpg 1152w, https:\/\/www.rivera.gub.uy\/portal\/wp-content\/uploads\/2025\/01\/obras-3-820x1093.jpg 820w, https:\/\/www.rivera.gub.uy\/portal\/wp-content\/uploads\/2025\/01\/obras-3.jpg 1530w\" sizes=\"auto, (max-width: 71px) 100vw, 71px\" \/><\/a>\n\t\t\t<\/div><\/figure><figure class='gallery-item'>\n\t\t\t<div class='gallery-icon landscape'>\n\t\t\t\t<a href='https:\/\/www.rivera.gub.uy\/portal\/wp-content\/uploads\/2025\/01\/obras-2.jpg'><img loading=\"lazy\" decoding=\"async\" width=\"125\" height=\"94\" src=\"https:\/\/www.rivera.gub.uy\/portal\/wp-content\/uploads\/2025\/01\/obras-2-125x94.jpg\" class=\"attachment-thumbnail size-thumbnail\" alt=\"\" srcset=\"https:\/\/www.rivera.gub.uy\/portal\/wp-content\/uploads\/2025\/01\/obras-2-125x94.jpg 125w, https:\/\/www.rivera.gub.uy\/portal\/wp-content\/uploads\/2025\/01\/obras-2-251x188.jpg 251w, https:\/\/www.rivera.gub.uy\/portal\/wp-content\/uploads\/2025\/01\/obras-2-835x626.jpg 835w, https:\/\/www.rivera.gub.uy\/portal\/wp-content\/uploads\/2025\/01\/obras-2-768x576.jpg 768w, https:\/\/www.rivera.gub.uy\/portal\/wp-content\/uploads\/2025\/01\/obras-2-1536x1152.jpg 1536w, https:\/\/www.rivera.gub.uy\/portal\/wp-content\/uploads\/2025\/01\/obras-2-820x615.jpg 820w, https:\/\/www.rivera.gub.uy\/portal\/wp-content\/uploads\/2025\/01\/obras-2.jpg 2040w\" sizes=\"auto, (max-width: 125px) 100vw, 125px\" \/><\/a>\n\t\t\t<\/div><\/figure><figure class='gallery-item'>\n\t\t\t<div class='gallery-icon landscape'>\n\t\t\t\t<a href='https:\/\/www.rivera.gub.uy\/portal\/wp-content\/uploads\/2025\/01\/obras.jpg'><img loading=\"lazy\" decoding=\"async\" width=\"125\" height=\"94\" src=\"https:\/\/www.rivera.gub.uy\/portal\/wp-content\/uploads\/2025\/01\/obras-125x94.jpg\" class=\"attachment-thumbnail size-thumbnail\" alt=\"\" srcset=\"https:\/\/www.rivera.gub.uy\/portal\/wp-content\/uploads\/2025\/01\/obras-125x94.jpg 125w, https:\/\/www.rivera.gub.uy\/portal\/wp-content\/uploads\/2025\/01\/obras-251x188.jpg 251w, https:\/\/www.rivera.gub.uy\/portal\/wp-content\/uploads\/2025\/01\/obras-835x626.jpg 835w, https:\/\/www.rivera.gub.uy\/portal\/wp-content\/uploads\/2025\/01\/obras-768x576.jpg 768w, https:\/\/www.rivera.gub.uy\/portal\/wp-content\/uploads\/2025\/01\/obras-1536x1152.jpg 1536w, https:\/\/www.rivera.gub.uy\/portal\/wp-content\/uploads\/2025\/01\/obras-820x615.jpg 820w, https:\/\/www.rivera.gub.uy\/portal\/wp-content\/uploads\/2025\/01\/obras.jpg 2040w\" sizes=\"auto, (max-width: 125px) 100vw, 125px\" \/><\/a>\n\t\t\t<\/div><\/figure>\n\t\t<\/div>\n\n<p>&nbsp;<\/p>\n<p>La obra del Polideportivo Don Bosco cuenta con una inversi\u00f3n de $ 160 000 000 (ciento sesenta millones de pesos uruguayos), ubicada en el complejo Don Bosco. Cuenta con canchas de medidas reglamentarias para practicar 5 deportes y una infraestructura para albergar a mil quinientas personas.<\/p>\n<div id='gallery-2' class='gallery galleryid-58446 gallery-columns-3 gallery-size-thumbnail'><figure class='gallery-item'>\n\t\t\t<div class='gallery-icon landscape'>\n\t\t\t\t<a href='https:\/\/www.rivera.gub.uy\/portal\/wp-content\/uploads\/2025\/01\/obras-16.jpg'><img loading=\"lazy\" decoding=\"async\" width=\"125\" height=\"94\" src=\"https:\/\/www.rivera.gub.uy\/portal\/wp-content\/uploads\/2025\/01\/obras-16-125x94.jpg\" class=\"attachment-thumbnail size-thumbnail\" alt=\"\" srcset=\"https:\/\/www.rivera.gub.uy\/portal\/wp-content\/uploads\/2025\/01\/obras-16-125x94.jpg 125w, https:\/\/www.rivera.gub.uy\/portal\/wp-content\/uploads\/2025\/01\/obras-16-251x188.jpg 251w, https:\/\/www.rivera.gub.uy\/portal\/wp-content\/uploads\/2025\/01\/obras-16-835x626.jpg 835w, https:\/\/www.rivera.gub.uy\/portal\/wp-content\/uploads\/2025\/01\/obras-16-768x576.jpg 768w, https:\/\/www.rivera.gub.uy\/portal\/wp-content\/uploads\/2025\/01\/obras-16-1536x1152.jpg 1536w, https:\/\/www.rivera.gub.uy\/portal\/wp-content\/uploads\/2025\/01\/obras-16-820x615.jpg 820w, https:\/\/www.rivera.gub.uy\/portal\/wp-content\/uploads\/2025\/01\/obras-16.jpg 2040w\" sizes=\"auto, (max-width: 125px) 100vw, 125px\" \/><\/a>\n\t\t\t<\/div><\/figure><figure class='gallery-item'>\n\t\t\t<div class='gallery-icon landscape'>\n\t\t\t\t<a href='https:\/\/www.rivera.gub.uy\/portal\/wp-content\/uploads\/2025\/01\/obras-15.jpg'><img loading=\"lazy\" decoding=\"async\" width=\"125\" height=\"94\" src=\"https:\/\/www.rivera.gub.uy\/portal\/wp-content\/uploads\/2025\/01\/obras-15-125x94.jpg\" class=\"attachment-thumbnail size-thumbnail\" alt=\"\" srcset=\"https:\/\/www.rivera.gub.uy\/portal\/wp-content\/uploads\/2025\/01\/obras-15-125x94.jpg 125w, https:\/\/www.rivera.gub.uy\/portal\/wp-content\/uploads\/2025\/01\/obras-15-251x188.jpg 251w, https:\/\/www.rivera.gub.uy\/portal\/wp-content\/uploads\/2025\/01\/obras-15-835x626.jpg 835w, https:\/\/www.rivera.gub.uy\/portal\/wp-content\/uploads\/2025\/01\/obras-15-768x576.jpg 768w, https:\/\/www.rivera.gub.uy\/portal\/wp-content\/uploads\/2025\/01\/obras-15-1536x1152.jpg 1536w, https:\/\/www.rivera.gub.uy\/portal\/wp-content\/uploads\/2025\/01\/obras-15-820x615.jpg 820w, https:\/\/www.rivera.gub.uy\/portal\/wp-content\/uploads\/2025\/01\/obras-15.jpg 2040w\" sizes=\"auto, (max-width: 125px) 100vw, 125px\" \/><\/a>\n\t\t\t<\/div><\/figure><figure class='gallery-item'>\n\t\t\t<div class='gallery-icon landscape'>\n\t\t\t\t<a href='https:\/\/www.rivera.gub.uy\/portal\/wp-content\/uploads\/2025\/01\/obras-14.jpg'><img loading=\"lazy\" decoding=\"async\" width=\"125\" height=\"94\" src=\"https:\/\/www.rivera.gub.uy\/portal\/wp-content\/uploads\/2025\/01\/obras-14-125x94.jpg\" class=\"attachment-thumbnail size-thumbnail\" alt=\"\" srcset=\"https:\/\/www.rivera.gub.uy\/portal\/wp-content\/uploads\/2025\/01\/obras-14-125x94.jpg 125w, https:\/\/www.rivera.gub.uy\/portal\/wp-content\/uploads\/2025\/01\/obras-14-251x188.jpg 251w, https:\/\/www.rivera.gub.uy\/portal\/wp-content\/uploads\/2025\/01\/obras-14-835x626.jpg 835w, https:\/\/www.rivera.gub.uy\/portal\/wp-content\/uploads\/2025\/01\/obras-14-768x576.jpg 768w, https:\/\/www.rivera.gub.uy\/portal\/wp-content\/uploads\/2025\/01\/obras-14-1536x1152.jpg 1536w, https:\/\/www.rivera.gub.uy\/portal\/wp-content\/uploads\/2025\/01\/obras-14-820x615.jpg 820w, https:\/\/www.rivera.gub.uy\/portal\/wp-content\/uploads\/2025\/01\/obras-14.jpg 2040w\" sizes=\"auto, (max-width: 125px) 100vw, 125px\" \/><\/a>\n\t\t\t<\/div><\/figure><figure class='gallery-item'>\n\t\t\t<div class='gallery-icon landscape'>\n\t\t\t\t<a href='https:\/\/www.rivera.gub.uy\/portal\/wp-content\/uploads\/2025\/01\/obras-13.jpg'><img loading=\"lazy\" decoding=\"async\" width=\"125\" height=\"94\" src=\"https:\/\/www.rivera.gub.uy\/portal\/wp-content\/uploads\/2025\/01\/obras-13-125x94.jpg\" class=\"attachment-thumbnail size-thumbnail\" alt=\"\" srcset=\"https:\/\/www.rivera.gub.uy\/portal\/wp-content\/uploads\/2025\/01\/obras-13-125x94.jpg 125w, https:\/\/www.rivera.gub.uy\/portal\/wp-content\/uploads\/2025\/01\/obras-13-251x188.jpg 251w, https:\/\/www.rivera.gub.uy\/portal\/wp-content\/uploads\/2025\/01\/obras-13-835x626.jpg 835w, https:\/\/www.rivera.gub.uy\/portal\/wp-content\/uploads\/2025\/01\/obras-13-768x576.jpg 768w, https:\/\/www.rivera.gub.uy\/portal\/wp-content\/uploads\/2025\/01\/obras-13-1536x1152.jpg 1536w, https:\/\/www.rivera.gub.uy\/portal\/wp-content\/uploads\/2025\/01\/obras-13-820x615.jpg 820w, https:\/\/www.rivera.gub.uy\/portal\/wp-content\/uploads\/2025\/01\/obras-13.jpg 2040w\" sizes=\"auto, (max-width: 125px) 100vw, 125px\" \/><\/a>\n\t\t\t<\/div><\/figure><figure class='gallery-item'>\n\t\t\t<div class='gallery-icon landscape'>\n\t\t\t\t<a href='https:\/\/www.rivera.gub.uy\/portal\/wp-content\/uploads\/2025\/01\/obras-12.jpg'><img loading=\"lazy\" decoding=\"async\" width=\"125\" height=\"94\" src=\"https:\/\/www.rivera.gub.uy\/portal\/wp-content\/uploads\/2025\/01\/obras-12-125x94.jpg\" class=\"attachment-thumbnail size-thumbnail\" alt=\"\" srcset=\"https:\/\/www.rivera.gub.uy\/portal\/wp-content\/uploads\/2025\/01\/obras-12-125x94.jpg 125w, https:\/\/www.rivera.gub.uy\/portal\/wp-content\/uploads\/2025\/01\/obras-12-251x188.jpg 251w, https:\/\/www.rivera.gub.uy\/portal\/wp-content\/uploads\/2025\/01\/obras-12-835x626.jpg 835w, https:\/\/www.rivera.gub.uy\/portal\/wp-content\/uploads\/2025\/01\/obras-12-768x576.jpg 768w, https:\/\/www.rivera.gub.uy\/portal\/wp-content\/uploads\/2025\/01\/obras-12-1536x1152.jpg 1536w, https:\/\/www.rivera.gub.uy\/portal\/wp-content\/uploads\/2025\/01\/obras-12-820x615.jpg 820w, https:\/\/www.rivera.gub.uy\/portal\/wp-content\/uploads\/2025\/01\/obras-12.jpg 2040w\" sizes=\"auto, (max-width: 125px) 100vw, 125px\" \/><\/a>\n\t\t\t<\/div><\/figure><figure class='gallery-item'>\n\t\t\t<div class='gallery-icon landscape'>\n\t\t\t\t<a href='https:\/\/www.rivera.gub.uy\/portal\/wp-content\/uploads\/2025\/01\/obras-11.jpg'><img loading=\"lazy\" decoding=\"async\" width=\"125\" height=\"94\" src=\"https:\/\/www.rivera.gub.uy\/portal\/wp-content\/uploads\/2025\/01\/obras-11-125x94.jpg\" class=\"attachment-thumbnail size-thumbnail\" alt=\"\" srcset=\"https:\/\/www.rivera.gub.uy\/portal\/wp-content\/uploads\/2025\/01\/obras-11-125x94.jpg 125w, https:\/\/www.rivera.gub.uy\/portal\/wp-content\/uploads\/2025\/01\/obras-11-251x188.jpg 251w, https:\/\/www.rivera.gub.uy\/portal\/wp-content\/uploads\/2025\/01\/obras-11-835x626.jpg 835w, https:\/\/www.rivera.gub.uy\/portal\/wp-content\/uploads\/2025\/01\/obras-11-768x576.jpg 768w, https:\/\/www.rivera.gub.uy\/portal\/wp-content\/uploads\/2025\/01\/obras-11-1536x1152.jpg 1536w, https:\/\/www.rivera.gub.uy\/portal\/wp-content\/uploads\/2025\/01\/obras-11-820x615.jpg 820w, https:\/\/www.rivera.gub.uy\/portal\/wp-content\/uploads\/2025\/01\/obras-11.jpg 2040w\" sizes=\"auto, (max-width: 125px) 100vw, 125px\" \/><\/a>\n\t\t\t<\/div><\/figure><figure class='gallery-item'>\n\t\t\t<div class='gallery-icon portrait'>\n\t\t\t\t<a href='https:\/\/www.rivera.gub.uy\/portal\/wp-content\/uploads\/2025\/01\/obras-10.jpg'><img loading=\"lazy\" decoding=\"async\" width=\"71\" height=\"94\" src=\"https:\/\/www.rivera.gub.uy\/portal\/wp-content\/uploads\/2025\/01\/obras-10-71x94.jpg\" class=\"attachment-thumbnail size-thumbnail\" alt=\"\" srcset=\"https:\/\/www.rivera.gub.uy\/portal\/wp-content\/uploads\/2025\/01\/obras-10-71x94.jpg 71w, https:\/\/www.rivera.gub.uy\/portal\/wp-content\/uploads\/2025\/01\/obras-10-141x188.jpg 141w, https:\/\/www.rivera.gub.uy\/portal\/wp-content\/uploads\/2025\/01\/obras-10-470x626.jpg 470w, https:\/\/www.rivera.gub.uy\/portal\/wp-content\/uploads\/2025\/01\/obras-10-768x1024.jpg 768w, https:\/\/www.rivera.gub.uy\/portal\/wp-content\/uploads\/2025\/01\/obras-10-1152x1536.jpg 1152w, https:\/\/www.rivera.gub.uy\/portal\/wp-content\/uploads\/2025\/01\/obras-10-820x1093.jpg 820w, https:\/\/www.rivera.gub.uy\/portal\/wp-content\/uploads\/2025\/01\/obras-10.jpg 1530w\" sizes=\"auto, (max-width: 71px) 100vw, 71px\" \/><\/a>\n\t\t\t<\/div><\/figure><figure class='gallery-item'>\n\t\t\t<div class='gallery-icon landscape'>\n\t\t\t\t<a href='https:\/\/www.rivera.gub.uy\/portal\/wp-content\/uploads\/2025\/01\/obras-9.jpg'><img loading=\"lazy\" decoding=\"async\" width=\"125\" height=\"94\" src=\"https:\/\/www.rivera.gub.uy\/portal\/wp-content\/uploads\/2025\/01\/obras-9-125x94.jpg\" class=\"attachment-thumbnail size-thumbnail\" alt=\"\" srcset=\"https:\/\/www.rivera.gub.uy\/portal\/wp-content\/uploads\/2025\/01\/obras-9-125x94.jpg 125w, https:\/\/www.rivera.gub.uy\/portal\/wp-content\/uploads\/2025\/01\/obras-9-251x188.jpg 251w, https:\/\/www.rivera.gub.uy\/portal\/wp-content\/uploads\/2025\/01\/obras-9-835x626.jpg 835w, https:\/\/www.rivera.gub.uy\/portal\/wp-content\/uploads\/2025\/01\/obras-9-768x576.jpg 768w, https:\/\/www.rivera.gub.uy\/portal\/wp-content\/uploads\/2025\/01\/obras-9-1536x1152.jpg 1536w, https:\/\/www.rivera.gub.uy\/portal\/wp-content\/uploads\/2025\/01\/obras-9-820x615.jpg 820w, https:\/\/www.rivera.gub.uy\/portal\/wp-content\/uploads\/2025\/01\/obras-9.jpg 2040w\" sizes=\"auto, (max-width: 125px) 100vw, 125px\" \/><\/a>\n\t\t\t<\/div><\/figure><figure class='gallery-item'>\n\t\t\t<div class='gallery-icon landscape'>\n\t\t\t\t<a href='https:\/\/www.rivera.gub.uy\/portal\/wp-content\/uploads\/2025\/01\/obras-8.jpg'><img loading=\"lazy\" decoding=\"async\" width=\"125\" height=\"94\" src=\"https:\/\/www.rivera.gub.uy\/portal\/wp-content\/uploads\/2025\/01\/obras-8-125x94.jpg\" class=\"attachment-thumbnail size-thumbnail\" alt=\"\" srcset=\"https:\/\/www.rivera.gub.uy\/portal\/wp-content\/uploads\/2025\/01\/obras-8-125x94.jpg 125w, https:\/\/www.rivera.gub.uy\/portal\/wp-content\/uploads\/2025\/01\/obras-8-251x188.jpg 251w, https:\/\/www.rivera.gub.uy\/portal\/wp-content\/uploads\/2025\/01\/obras-8-835x626.jpg 835w, https:\/\/www.rivera.gub.uy\/portal\/wp-content\/uploads\/2025\/01\/obras-8-768x576.jpg 768w, https:\/\/www.rivera.gub.uy\/portal\/wp-content\/uploads\/2025\/01\/obras-8-1536x1152.jpg 1536w, https:\/\/www.rivera.gub.uy\/portal\/wp-content\/uploads\/2025\/01\/obras-8-820x615.jpg 820w, https:\/\/www.rivera.gub.uy\/portal\/wp-content\/uploads\/2025\/01\/obras-8.jpg 2040w\" sizes=\"auto, (max-width: 125px) 100vw, 125px\" \/><\/a>\n\t\t\t<\/div><\/figure>\n\t\t<\/div>\n\n<p>Como obra innovadora va a contar con tribunas retr\u00e1ctiles y fijas de hormig\u00f3n.<\/p>\n<p>Se ha pensado en tener espacios para la prensa, cowork ambientados con aire acondicionado, \u201cun gimnasio \u00fanico con estas caracter\u00edsticas en la regi\u00f3n norte del pa\u00eds\u201d lo expres\u00f3 el director general de Obras.<\/p>\n<p>La Intendencia de Rivera trabaja en varios frentes de obras, y diferentes proyectos como el de la Avda. Sep\u00e9, donde la obra es un recapado de la carpeta asf\u00e1ltica sobre calles empedradas. Con el mismo trabajo se seguir\u00e1 en barrios Pueblo Nuevo, Lagun\u00f3n y Bisio, llegando a calles Rep\u00fablica Argentina, Andresito, Lepro y otras.<\/p>\n<p>&nbsp;<\/p>\n<div id='gallery-3' class='gallery galleryid-58446 gallery-columns-3 gallery-size-thumbnail'><figure class='gallery-item'>\n\t\t\t<div class='gallery-icon landscape'>\n\t\t\t\t<a href='https:\/\/www.rivera.gub.uy\/portal\/wp-content\/uploads\/2025\/01\/obras-17.jpg'><img loading=\"lazy\" decoding=\"async\" width=\"125\" height=\"94\" src=\"https:\/\/www.rivera.gub.uy\/portal\/wp-content\/uploads\/2025\/01\/obras-17-125x94.jpg\" class=\"attachment-thumbnail size-thumbnail\" alt=\"\" srcset=\"https:\/\/www.rivera.gub.uy\/portal\/wp-content\/uploads\/2025\/01\/obras-17-125x94.jpg 125w, https:\/\/www.rivera.gub.uy\/portal\/wp-content\/uploads\/2025\/01\/obras-17-251x188.jpg 251w, https:\/\/www.rivera.gub.uy\/portal\/wp-content\/uploads\/2025\/01\/obras-17-835x626.jpg 835w, https:\/\/www.rivera.gub.uy\/portal\/wp-content\/uploads\/2025\/01\/obras-17-768x576.jpg 768w, https:\/\/www.rivera.gub.uy\/portal\/wp-content\/uploads\/2025\/01\/obras-17-1536x1152.jpg 1536w, https:\/\/www.rivera.gub.uy\/portal\/wp-content\/uploads\/2025\/01\/obras-17-820x615.jpg 820w, https:\/\/www.rivera.gub.uy\/portal\/wp-content\/uploads\/2025\/01\/obras-17.jpg 2040w\" sizes=\"auto, (max-width: 125px) 100vw, 125px\" \/><\/a>\n\t\t\t<\/div><\/figure><figure class='gallery-item'>\n\t\t\t<div class='gallery-icon landscape'>\n\t\t\t\t<a href='https:\/\/www.rivera.gub.uy\/portal\/wp-content\/uploads\/2025\/01\/obras-18.jpg'><img loading=\"lazy\" decoding=\"async\" width=\"125\" height=\"94\" src=\"https:\/\/www.rivera.gub.uy\/portal\/wp-content\/uploads\/2025\/01\/obras-18-125x94.jpg\" class=\"attachment-thumbnail size-thumbnail\" alt=\"\" srcset=\"https:\/\/www.rivera.gub.uy\/portal\/wp-content\/uploads\/2025\/01\/obras-18-125x94.jpg 125w, https:\/\/www.rivera.gub.uy\/portal\/wp-content\/uploads\/2025\/01\/obras-18-251x188.jpg 251w, https:\/\/www.rivera.gub.uy\/portal\/wp-content\/uploads\/2025\/01\/obras-18-835x626.jpg 835w, https:\/\/www.rivera.gub.uy\/portal\/wp-content\/uploads\/2025\/01\/obras-18-768x576.jpg 768w, https:\/\/www.rivera.gub.uy\/portal\/wp-content\/uploads\/2025\/01\/obras-18-1536x1152.jpg 1536w, https:\/\/www.rivera.gub.uy\/portal\/wp-content\/uploads\/2025\/01\/obras-18-820x615.jpg 820w, https:\/\/www.rivera.gub.uy\/portal\/wp-content\/uploads\/2025\/01\/obras-18.jpg 2040w\" sizes=\"auto, (max-width: 125px) 100vw, 125px\" \/><\/a>\n\t\t\t<\/div><\/figure><figure class='gallery-item'>\n\t\t\t<div class='gallery-icon landscape'>\n\t\t\t\t<a href='https:\/\/www.rivera.gub.uy\/portal\/wp-content\/uploads\/2025\/01\/obras-19.jpg'><img loading=\"lazy\" decoding=\"async\" width=\"125\" height=\"94\" src=\"https:\/\/www.rivera.gub.uy\/portal\/wp-content\/uploads\/2025\/01\/obras-19-125x94.jpg\" class=\"attachment-thumbnail size-thumbnail\" alt=\"\" srcset=\"https:\/\/www.rivera.gub.uy\/portal\/wp-content\/uploads\/2025\/01\/obras-19-125x94.jpg 125w, https:\/\/www.rivera.gub.uy\/portal\/wp-content\/uploads\/2025\/01\/obras-19-251x188.jpg 251w, https:\/\/www.rivera.gub.uy\/portal\/wp-content\/uploads\/2025\/01\/obras-19-835x626.jpg 835w, https:\/\/www.rivera.gub.uy\/portal\/wp-content\/uploads\/2025\/01\/obras-19-768x576.jpg 768w, https:\/\/www.rivera.gub.uy\/portal\/wp-content\/uploads\/2025\/01\/obras-19-1536x1152.jpg 1536w, https:\/\/www.rivera.gub.uy\/portal\/wp-content\/uploads\/2025\/01\/obras-19-820x615.jpg 820w, https:\/\/www.rivera.gub.uy\/portal\/wp-content\/uploads\/2025\/01\/obras-19.jpg 2040w\" sizes=\"auto, (max-width: 125px) 100vw, 125px\" \/><\/a>\n\t\t\t<\/div><\/figure><figure class='gallery-item'>\n\t\t\t<div class='gallery-icon landscape'>\n\t\t\t\t<a href='https:\/\/www.rivera.gub.uy\/portal\/wp-content\/uploads\/2025\/01\/obras-20.jpg'><img loading=\"lazy\" decoding=\"async\" width=\"125\" height=\"94\" src=\"https:\/\/www.rivera.gub.uy\/portal\/wp-content\/uploads\/2025\/01\/obras-20-125x94.jpg\" class=\"attachment-thumbnail size-thumbnail\" alt=\"\" srcset=\"https:\/\/www.rivera.gub.uy\/portal\/wp-content\/uploads\/2025\/01\/obras-20-125x94.jpg 125w, https:\/\/www.rivera.gub.uy\/portal\/wp-content\/uploads\/2025\/01\/obras-20-251x188.jpg 251w, https:\/\/www.rivera.gub.uy\/portal\/wp-content\/uploads\/2025\/01\/obras-20-835x626.jpg 835w, https:\/\/www.rivera.gub.uy\/portal\/wp-content\/uploads\/2025\/01\/obras-20-768x576.jpg 768w, https:\/\/www.rivera.gub.uy\/portal\/wp-content\/uploads\/2025\/01\/obras-20-1536x1152.jpg 1536w, https:\/\/www.rivera.gub.uy\/portal\/wp-content\/uploads\/2025\/01\/obras-20-820x615.jpg 820w, https:\/\/www.rivera.gub.uy\/portal\/wp-content\/uploads\/2025\/01\/obras-20.jpg 2040w\" sizes=\"auto, (max-width: 125px) 100vw, 125px\" \/><\/a>\n\t\t\t<\/div><\/figure><figure class='gallery-item'>\n\t\t\t<div class='gallery-icon landscape'>\n\t\t\t\t<a href='https:\/\/www.rivera.gub.uy\/portal\/wp-content\/uploads\/2025\/01\/obras-21.jpg'><img loading=\"lazy\" decoding=\"async\" width=\"125\" height=\"94\" src=\"https:\/\/www.rivera.gub.uy\/portal\/wp-content\/uploads\/2025\/01\/obras-21-125x94.jpg\" class=\"attachment-thumbnail size-thumbnail\" alt=\"\" srcset=\"https:\/\/www.rivera.gub.uy\/portal\/wp-content\/uploads\/2025\/01\/obras-21-125x94.jpg 125w, https:\/\/www.rivera.gub.uy\/portal\/wp-content\/uploads\/2025\/01\/obras-21-251x188.jpg 251w, https:\/\/www.rivera.gub.uy\/portal\/wp-content\/uploads\/2025\/01\/obras-21-835x626.jpg 835w, https:\/\/www.rivera.gub.uy\/portal\/wp-content\/uploads\/2025\/01\/obras-21-768x576.jpg 768w, https:\/\/www.rivera.gub.uy\/portal\/wp-content\/uploads\/2025\/01\/obras-21-1536x1152.jpg 1536w, https:\/\/www.rivera.gub.uy\/portal\/wp-content\/uploads\/2025\/01\/obras-21-820x615.jpg 820w, https:\/\/www.rivera.gub.uy\/portal\/wp-content\/uploads\/2025\/01\/obras-21.jpg 2040w\" sizes=\"auto, (max-width: 125px) 100vw, 125px\" \/><\/a>\n\t\t\t<\/div><\/figure><figure class='gallery-item'>\n\t\t\t<div class='gallery-icon landscape'>\n\t\t\t\t<a href='https:\/\/www.rivera.gub.uy\/portal\/wp-content\/uploads\/2025\/01\/obras-22.jpg'><img loading=\"lazy\" decoding=\"async\" width=\"125\" height=\"94\" src=\"https:\/\/www.rivera.gub.uy\/portal\/wp-content\/uploads\/2025\/01\/obras-22-125x94.jpg\" class=\"attachment-thumbnail size-thumbnail\" alt=\"\" srcset=\"https:\/\/www.rivera.gub.uy\/portal\/wp-content\/uploads\/2025\/01\/obras-22-125x94.jpg 125w, https:\/\/www.rivera.gub.uy\/portal\/wp-content\/uploads\/2025\/01\/obras-22-251x188.jpg 251w, https:\/\/www.rivera.gub.uy\/portal\/wp-content\/uploads\/2025\/01\/obras-22-835x626.jpg 835w, https:\/\/www.rivera.gub.uy\/portal\/wp-content\/uploads\/2025\/01\/obras-22-768x576.jpg 768w, https:\/\/www.rivera.gub.uy\/portal\/wp-content\/uploads\/2025\/01\/obras-22-1536x1152.jpg 1536w, https:\/\/www.rivera.gub.uy\/portal\/wp-content\/uploads\/2025\/01\/obras-22-820x615.jpg 820w, https:\/\/www.rivera.gub.uy\/portal\/wp-content\/uploads\/2025\/01\/obras-22.jpg 2040w\" sizes=\"auto, (max-width: 125px) 100vw, 125px\" \/><\/a>\n\t\t\t<\/div><\/figure><figure class='gallery-item'>\n\t\t\t<div class='gallery-icon landscape'>\n\t\t\t\t<a href='https:\/\/www.rivera.gub.uy\/portal\/wp-content\/uploads\/2025\/01\/obras-23.jpg'><img loading=\"lazy\" decoding=\"async\" width=\"125\" height=\"94\" src=\"https:\/\/www.rivera.gub.uy\/portal\/wp-content\/uploads\/2025\/01\/obras-23-125x94.jpg\" class=\"attachment-thumbnail size-thumbnail\" alt=\"\" srcset=\"https:\/\/www.rivera.gub.uy\/portal\/wp-content\/uploads\/2025\/01\/obras-23-125x94.jpg 125w, https:\/\/www.rivera.gub.uy\/portal\/wp-content\/uploads\/2025\/01\/obras-23-251x188.jpg 251w, https:\/\/www.rivera.gub.uy\/portal\/wp-content\/uploads\/2025\/01\/obras-23-835x626.jpg 835w, https:\/\/www.rivera.gub.uy\/portal\/wp-content\/uploads\/2025\/01\/obras-23-768x576.jpg 768w, https:\/\/www.rivera.gub.uy\/portal\/wp-content\/uploads\/2025\/01\/obras-23-1536x1152.jpg 1536w, https:\/\/www.rivera.gub.uy\/portal\/wp-content\/uploads\/2025\/01\/obras-23-820x615.jpg 820w, https:\/\/www.rivera.gub.uy\/portal\/wp-content\/uploads\/2025\/01\/obras-23.jpg 2040w\" sizes=\"auto, (max-width: 125px) 100vw, 125px\" \/><\/a>\n\t\t\t<\/div><\/figure><figure class='gallery-item'>\n\t\t\t<div class='gallery-icon landscape'>\n\t\t\t\t<a href='https:\/\/www.rivera.gub.uy\/portal\/wp-content\/uploads\/2025\/01\/obras-24.jpg'><img loading=\"lazy\" decoding=\"async\" width=\"125\" height=\"94\" src=\"https:\/\/www.rivera.gub.uy\/portal\/wp-content\/uploads\/2025\/01\/obras-24-125x94.jpg\" class=\"attachment-thumbnail size-thumbnail\" alt=\"\" srcset=\"https:\/\/www.rivera.gub.uy\/portal\/wp-content\/uploads\/2025\/01\/obras-24-125x94.jpg 125w, https:\/\/www.rivera.gub.uy\/portal\/wp-content\/uploads\/2025\/01\/obras-24-251x188.jpg 251w, https:\/\/www.rivera.gub.uy\/portal\/wp-content\/uploads\/2025\/01\/obras-24-835x626.jpg 835w, https:\/\/www.rivera.gub.uy\/portal\/wp-content\/uploads\/2025\/01\/obras-24-768x576.jpg 768w, https:\/\/www.rivera.gub.uy\/portal\/wp-content\/uploads\/2025\/01\/obras-24-1536x1152.jpg 1536w, https:\/\/www.rivera.gub.uy\/portal\/wp-content\/uploads\/2025\/01\/obras-24-820x615.jpg 820w, https:\/\/www.rivera.gub.uy\/portal\/wp-content\/uploads\/2025\/01\/obras-24.jpg 2040w\" sizes=\"auto, (max-width: 125px) 100vw, 125px\" \/><\/a>\n\t\t\t<\/div><\/figure><figure class='gallery-item'>\n\t\t\t<div class='gallery-icon landscape'>\n\t\t\t\t<a href='https:\/\/www.rivera.gub.uy\/portal\/wp-content\/uploads\/2025\/01\/obras-25.jpg'><img loading=\"lazy\" decoding=\"async\" width=\"125\" height=\"94\" src=\"https:\/\/www.rivera.gub.uy\/portal\/wp-content\/uploads\/2025\/01\/obras-25-125x94.jpg\" class=\"attachment-thumbnail size-thumbnail\" alt=\"\" srcset=\"https:\/\/www.rivera.gub.uy\/portal\/wp-content\/uploads\/2025\/01\/obras-25-125x94.jpg 125w, https:\/\/www.rivera.gub.uy\/portal\/wp-content\/uploads\/2025\/01\/obras-25-251x188.jpg 251w, https:\/\/www.rivera.gub.uy\/portal\/wp-content\/uploads\/2025\/01\/obras-25-835x626.jpg 835w, https:\/\/www.rivera.gub.uy\/portal\/wp-content\/uploads\/2025\/01\/obras-25-768x576.jpg 768w, https:\/\/www.rivera.gub.uy\/portal\/wp-content\/uploads\/2025\/01\/obras-25-1536x1152.jpg 1536w, https:\/\/www.rivera.gub.uy\/portal\/wp-content\/uploads\/2025\/01\/obras-25-820x615.jpg 820w, https:\/\/www.rivera.gub.uy\/portal\/wp-content\/uploads\/2025\/01\/obras-25.jpg 2040w\" sizes=\"auto, (max-width: 125px) 100vw, 125px\" \/><\/a>\n\t\t\t<\/div><\/figure>\n\t\t<\/div>\n\n<p>&nbsp;<\/p>\n<p>&nbsp;<\/p>\n<p>&nbsp;<\/p>\n<p>&nbsp;<\/p>\n","protected":false},"excerpt":{"rendered":"<p>El director General de Obras de la Intendencia Departamental de Rivera, Arq. Mart\u00edn Garc\u00eda, inform\u00f3 sobre los avances de obras del Estadio de F\u00fatbol Infantil, el Gimnasio Polideportivo Don Bosco, y el recapado asf\u00e1ltico de Av. Sep\u00e9.<\/p>\n","protected":false},"author":7,"featured_media":58453,"comment_status":"open","ping_status":"open","sticky":false,"template":"","format":"standard","meta":{"footnotes":""},"categories":[1],"tags":[771,1336,57,81,1337,33],"class_list":["post-58446","post","type-post","status-publish","format-standard","has-post-thumbnail","hentry","category-novedades","tag-calles","tag-estadio-infantil","tag-futbol","tag-obras","tag-recapado","tag-rivera"],"_links":{"self":[{"href":"https:\/\/www.rivera.gub.uy\/portal\/wp-json\/wp\/v2\/posts\/58446","targetHints":{"allow":["GET"]}}],"collection":[{"href":"https:\/\/www.rivera.gub.uy\/portal\/wp-json\/wp\/v2\/posts"}],"about":[{"href":"https:\/\/www.rivera.gub.uy\/portal\/wp-json\/wp\/v2\/types\/post"}],"author":[{"embeddable":true,"href":"https:\/\/www.rivera.gub.uy\/portal\/wp-json\/wp\/v2\/users\/7"}],"replies":[{"embeddable":true,"href":"https:\/\/www.rivera.gub.uy\/portal\/wp-json\/wp\/v2\/comments?post=58446"}],"version-history":[{"count":1,"href":"https:\/\/www.rivera.gub.uy\/portal\/wp-json\/wp\/v2\/posts\/58446\/revisions"}],"predecessor-version":[{"id":58472,"href":"https:\/\/www.rivera.gub.uy\/portal\/wp-json\/wp\/v2\/posts\/58446\/revisions\/58472"}],"wp:featuredmedia":[{"embeddable":true,"href":"https:\/\/www.rivera.gub.uy\/portal\/wp-json\/wp\/v2\/media\/58453"}],"wp:attachment":[{"href":"https:\/\/www.rivera.gub.uy\/portal\/wp-json\/wp\/v2\/media?parent=58446"}],"wp:term":[{"taxonomy":"category","embeddable":true,"href":"https:\/\/www.rivera.gub.uy\/portal\/wp-json\/wp\/v2\/categories?post=58446"},{"taxonomy":"post_tag","embeddable":true,"href":"https:\/\/www.rivera.gub.uy\/portal\/wp-json\/wp\/v2\/tags?post=58446"}],"curies":[{"name":"wp","href":"https:\/\/api.w.org\/{rel}","templated":true}]}}