{"id":58544,"date":"2025-02-03T15:21:24","date_gmt":"2025-02-03T18:21:24","guid":{"rendered":"https:\/\/www.rivera.gub.uy\/portal\/?p=58544"},"modified":"2025-02-03T15:21:24","modified_gmt":"2025-02-03T18:21:24","slug":"continuacion-de-av-sarandi","status":"publish","type":"post","link":"https:\/\/www.rivera.gub.uy\/portal\/continuacion-de-av-sarandi\/","title":{"rendered":"Continuaci\u00f3n de Av. Sarand\u00ed"},"content":{"rendered":"<p>La continuaci\u00f3n de Av. Sarand\u00ed en la zona sur de la ciudad de Rivera ya se aproxima a su etapa final con la costrucci\u00f3n de veredas y ciclov\u00eda.<\/p>\n<p>La esperada obra de infraestructura vial que unir\u00e1 tres barrios con el centro de la ciudad abre camino a la cercan\u00eda con instituciones de ense\u00f1anza y zona industrial mejorando calidad de vida de vecinos y usuarios.<!--more--><\/p>\n<p>&nbsp;<\/p>\n<div id='gallery-1' class='gallery galleryid-58544 gallery-columns-4 gallery-size-thumbnail'><figure class='gallery-item'>\n\t\t\t<div class='gallery-icon landscape'>\n\t\t\t\t<a href='https:\/\/www.rivera.gub.uy\/portal\/wp-content\/uploads\/2025\/02\/sarandi.jpg'><img loading=\"lazy\" decoding=\"async\" width=\"125\" height=\"94\" src=\"https:\/\/www.rivera.gub.uy\/portal\/wp-content\/uploads\/2025\/02\/sarandi-125x94.jpg\" class=\"attachment-thumbnail size-thumbnail\" alt=\"\" srcset=\"https:\/\/www.rivera.gub.uy\/portal\/wp-content\/uploads\/2025\/02\/sarandi-125x94.jpg 125w, https:\/\/www.rivera.gub.uy\/portal\/wp-content\/uploads\/2025\/02\/sarandi-251x188.jpg 251w, https:\/\/www.rivera.gub.uy\/portal\/wp-content\/uploads\/2025\/02\/sarandi-835x626.jpg 835w, https:\/\/www.rivera.gub.uy\/portal\/wp-content\/uploads\/2025\/02\/sarandi-768x576.jpg 768w, https:\/\/www.rivera.gub.uy\/portal\/wp-content\/uploads\/2025\/02\/sarandi-1536x1152.jpg 1536w, https:\/\/www.rivera.gub.uy\/portal\/wp-content\/uploads\/2025\/02\/sarandi-820x615.jpg 820w, https:\/\/www.rivera.gub.uy\/portal\/wp-content\/uploads\/2025\/02\/sarandi.jpg 1600w\" sizes=\"auto, (max-width: 125px) 100vw, 125px\" \/><\/a>\n\t\t\t<\/div><\/figure><figure class='gallery-item'>\n\t\t\t<div class='gallery-icon landscape'>\n\t\t\t\t<a href='https:\/\/www.rivera.gub.uy\/portal\/wp-content\/uploads\/2025\/02\/sarandi-2.jpg'><img loading=\"lazy\" decoding=\"async\" width=\"125\" height=\"94\" src=\"https:\/\/www.rivera.gub.uy\/portal\/wp-content\/uploads\/2025\/02\/sarandi-2-125x94.jpg\" class=\"attachment-thumbnail size-thumbnail\" alt=\"\" srcset=\"https:\/\/www.rivera.gub.uy\/portal\/wp-content\/uploads\/2025\/02\/sarandi-2-125x94.jpg 125w, https:\/\/www.rivera.gub.uy\/portal\/wp-content\/uploads\/2025\/02\/sarandi-2-251x188.jpg 251w, https:\/\/www.rivera.gub.uy\/portal\/wp-content\/uploads\/2025\/02\/sarandi-2-835x626.jpg 835w, https:\/\/www.rivera.gub.uy\/portal\/wp-content\/uploads\/2025\/02\/sarandi-2-768x576.jpg 768w, https:\/\/www.rivera.gub.uy\/portal\/wp-content\/uploads\/2025\/02\/sarandi-2-1536x1152.jpg 1536w, https:\/\/www.rivera.gub.uy\/portal\/wp-content\/uploads\/2025\/02\/sarandi-2-820x615.jpg 820w, https:\/\/www.rivera.gub.uy\/portal\/wp-content\/uploads\/2025\/02\/sarandi-2.jpg 1600w\" sizes=\"auto, (max-width: 125px) 100vw, 125px\" \/><\/a>\n\t\t\t<\/div><\/figure><figure class='gallery-item'>\n\t\t\t<div class='gallery-icon landscape'>\n\t\t\t\t<a href='https:\/\/www.rivera.gub.uy\/portal\/wp-content\/uploads\/2025\/02\/sarandi-3.jpg'><img loading=\"lazy\" decoding=\"async\" width=\"125\" height=\"94\" src=\"https:\/\/www.rivera.gub.uy\/portal\/wp-content\/uploads\/2025\/02\/sarandi-3-125x94.jpg\" class=\"attachment-thumbnail size-thumbnail\" alt=\"\" srcset=\"https:\/\/www.rivera.gub.uy\/portal\/wp-content\/uploads\/2025\/02\/sarandi-3-125x94.jpg 125w, https:\/\/www.rivera.gub.uy\/portal\/wp-content\/uploads\/2025\/02\/sarandi-3-251x188.jpg 251w, https:\/\/www.rivera.gub.uy\/portal\/wp-content\/uploads\/2025\/02\/sarandi-3-835x626.jpg 835w, https:\/\/www.rivera.gub.uy\/portal\/wp-content\/uploads\/2025\/02\/sarandi-3-768x576.jpg 768w, https:\/\/www.rivera.gub.uy\/portal\/wp-content\/uploads\/2025\/02\/sarandi-3-1536x1152.jpg 1536w, https:\/\/www.rivera.gub.uy\/portal\/wp-content\/uploads\/2025\/02\/sarandi-3-820x615.jpg 820w, https:\/\/www.rivera.gub.uy\/portal\/wp-content\/uploads\/2025\/02\/sarandi-3.jpg 1600w\" sizes=\"auto, (max-width: 125px) 100vw, 125px\" \/><\/a>\n\t\t\t<\/div><\/figure><figure class='gallery-item'>\n\t\t\t<div class='gallery-icon landscape'>\n\t\t\t\t<a href='https:\/\/www.rivera.gub.uy\/portal\/wp-content\/uploads\/2025\/02\/sarandi-4.jpg'><img loading=\"lazy\" decoding=\"async\" width=\"125\" height=\"94\" src=\"https:\/\/www.rivera.gub.uy\/portal\/wp-content\/uploads\/2025\/02\/sarandi-4-125x94.jpg\" class=\"attachment-thumbnail size-thumbnail\" alt=\"\" srcset=\"https:\/\/www.rivera.gub.uy\/portal\/wp-content\/uploads\/2025\/02\/sarandi-4-125x94.jpg 125w, https:\/\/www.rivera.gub.uy\/portal\/wp-content\/uploads\/2025\/02\/sarandi-4-251x188.jpg 251w, https:\/\/www.rivera.gub.uy\/portal\/wp-content\/uploads\/2025\/02\/sarandi-4-835x626.jpg 835w, https:\/\/www.rivera.gub.uy\/portal\/wp-content\/uploads\/2025\/02\/sarandi-4-768x576.jpg 768w, https:\/\/www.rivera.gub.uy\/portal\/wp-content\/uploads\/2025\/02\/sarandi-4-1536x1152.jpg 1536w, https:\/\/www.rivera.gub.uy\/portal\/wp-content\/uploads\/2025\/02\/sarandi-4-820x615.jpg 820w, https:\/\/www.rivera.gub.uy\/portal\/wp-content\/uploads\/2025\/02\/sarandi-4.jpg 1600w\" sizes=\"auto, (max-width: 125px) 100vw, 125px\" \/><\/a>\n\t\t\t<\/div><\/figure><figure class='gallery-item'>\n\t\t\t<div class='gallery-icon landscape'>\n\t\t\t\t<a href='https:\/\/www.rivera.gub.uy\/portal\/wp-content\/uploads\/2025\/02\/sarandi-5.jpg'><img loading=\"lazy\" decoding=\"async\" width=\"125\" height=\"94\" src=\"https:\/\/www.rivera.gub.uy\/portal\/wp-content\/uploads\/2025\/02\/sarandi-5-125x94.jpg\" class=\"attachment-thumbnail size-thumbnail\" alt=\"\" srcset=\"https:\/\/www.rivera.gub.uy\/portal\/wp-content\/uploads\/2025\/02\/sarandi-5-125x94.jpg 125w, https:\/\/www.rivera.gub.uy\/portal\/wp-content\/uploads\/2025\/02\/sarandi-5-251x188.jpg 251w, https:\/\/www.rivera.gub.uy\/portal\/wp-content\/uploads\/2025\/02\/sarandi-5-835x626.jpg 835w, https:\/\/www.rivera.gub.uy\/portal\/wp-content\/uploads\/2025\/02\/sarandi-5-768x576.jpg 768w, https:\/\/www.rivera.gub.uy\/portal\/wp-content\/uploads\/2025\/02\/sarandi-5-1536x1152.jpg 1536w, https:\/\/www.rivera.gub.uy\/portal\/wp-content\/uploads\/2025\/02\/sarandi-5-820x615.jpg 820w, https:\/\/www.rivera.gub.uy\/portal\/wp-content\/uploads\/2025\/02\/sarandi-5.jpg 1600w\" sizes=\"auto, (max-width: 125px) 100vw, 125px\" \/><\/a>\n\t\t\t<\/div><\/figure><figure class='gallery-item'>\n\t\t\t<div class='gallery-icon landscape'>\n\t\t\t\t<a href='https:\/\/www.rivera.gub.uy\/portal\/wp-content\/uploads\/2025\/02\/sarandi-6.jpg'><img loading=\"lazy\" decoding=\"async\" width=\"125\" height=\"94\" src=\"https:\/\/www.rivera.gub.uy\/portal\/wp-content\/uploads\/2025\/02\/sarandi-6-125x94.jpg\" class=\"attachment-thumbnail size-thumbnail\" alt=\"\" srcset=\"https:\/\/www.rivera.gub.uy\/portal\/wp-content\/uploads\/2025\/02\/sarandi-6-125x94.jpg 125w, https:\/\/www.rivera.gub.uy\/portal\/wp-content\/uploads\/2025\/02\/sarandi-6-251x188.jpg 251w, https:\/\/www.rivera.gub.uy\/portal\/wp-content\/uploads\/2025\/02\/sarandi-6-835x626.jpg 835w, https:\/\/www.rivera.gub.uy\/portal\/wp-content\/uploads\/2025\/02\/sarandi-6-768x576.jpg 768w, https:\/\/www.rivera.gub.uy\/portal\/wp-content\/uploads\/2025\/02\/sarandi-6-1536x1152.jpg 1536w, https:\/\/www.rivera.gub.uy\/portal\/wp-content\/uploads\/2025\/02\/sarandi-6-820x615.jpg 820w, https:\/\/www.rivera.gub.uy\/portal\/wp-content\/uploads\/2025\/02\/sarandi-6.jpg 1600w\" sizes=\"auto, (max-width: 125px) 100vw, 125px\" \/><\/a>\n\t\t\t<\/div><\/figure><figure class='gallery-item'>\n\t\t\t<div class='gallery-icon landscape'>\n\t\t\t\t<a href='https:\/\/www.rivera.gub.uy\/portal\/wp-content\/uploads\/2025\/02\/sarandi-7.jpg'><img loading=\"lazy\" decoding=\"async\" width=\"125\" height=\"94\" src=\"https:\/\/www.rivera.gub.uy\/portal\/wp-content\/uploads\/2025\/02\/sarandi-7-125x94.jpg\" class=\"attachment-thumbnail size-thumbnail\" alt=\"\" srcset=\"https:\/\/www.rivera.gub.uy\/portal\/wp-content\/uploads\/2025\/02\/sarandi-7-125x94.jpg 125w, https:\/\/www.rivera.gub.uy\/portal\/wp-content\/uploads\/2025\/02\/sarandi-7-251x188.jpg 251w, https:\/\/www.rivera.gub.uy\/portal\/wp-content\/uploads\/2025\/02\/sarandi-7-835x626.jpg 835w, https:\/\/www.rivera.gub.uy\/portal\/wp-content\/uploads\/2025\/02\/sarandi-7-768x576.jpg 768w, https:\/\/www.rivera.gub.uy\/portal\/wp-content\/uploads\/2025\/02\/sarandi-7-1536x1152.jpg 1536w, https:\/\/www.rivera.gub.uy\/portal\/wp-content\/uploads\/2025\/02\/sarandi-7-820x615.jpg 820w, https:\/\/www.rivera.gub.uy\/portal\/wp-content\/uploads\/2025\/02\/sarandi-7.jpg 1600w\" sizes=\"auto, (max-width: 125px) 100vw, 125px\" \/><\/a>\n\t\t\t<\/div><\/figure><figure class='gallery-item'>\n\t\t\t<div class='gallery-icon landscape'>\n\t\t\t\t<a href='https:\/\/www.rivera.gub.uy\/portal\/wp-content\/uploads\/2025\/02\/sarandi-8.jpg'><img loading=\"lazy\" decoding=\"async\" width=\"125\" height=\"94\" src=\"https:\/\/www.rivera.gub.uy\/portal\/wp-content\/uploads\/2025\/02\/sarandi-8-125x94.jpg\" class=\"attachment-thumbnail size-thumbnail\" alt=\"Continuaci\u00f3n de Av. Sarand\u00ed\" srcset=\"https:\/\/www.rivera.gub.uy\/portal\/wp-content\/uploads\/2025\/02\/sarandi-8-125x94.jpg 125w, https:\/\/www.rivera.gub.uy\/portal\/wp-content\/uploads\/2025\/02\/sarandi-8-251x188.jpg 251w, https:\/\/www.rivera.gub.uy\/portal\/wp-content\/uploads\/2025\/02\/sarandi-8-835x626.jpg 835w, https:\/\/www.rivera.gub.uy\/portal\/wp-content\/uploads\/2025\/02\/sarandi-8-768x576.jpg 768w, https:\/\/www.rivera.gub.uy\/portal\/wp-content\/uploads\/2025\/02\/sarandi-8-1536x1152.jpg 1536w, https:\/\/www.rivera.gub.uy\/portal\/wp-content\/uploads\/2025\/02\/sarandi-8-820x615.jpg 820w, https:\/\/www.rivera.gub.uy\/portal\/wp-content\/uploads\/2025\/02\/sarandi-8.jpg 1600w\" sizes=\"auto, (max-width: 125px) 100vw, 125px\" \/><\/a>\n\t\t\t<\/div><\/figure>\n\t\t<\/div>\n\n","protected":false},"excerpt":{"rendered":"<p>La continuaci\u00f3n de Av. Sarand\u00ed en la zona sur de la ciudad de Rivera ya se aproxima a su etapa final con la costrucci\u00f3n de veredas y ciclov\u00eda. La esperada obra de infraestructura vial que unir\u00e1 tres barrios con el centro de la ciudad abre camino a la cercan\u00eda con instituciones de ense\u00f1anza y zona [&hellip;]<\/p>\n","protected":false},"author":7,"featured_media":58552,"comment_status":"open","ping_status":"open","sticky":false,"template":"","format":"standard","meta":{"footnotes":""},"categories":[1],"tags":[1339,630,111,81,33,104],"class_list":["post-58544","post","type-post","status-publish","format-standard","has-post-thumbnail","hentry","category-novedades","tag-av-sarandi","tag-ciclovia","tag-ciudad","tag-obras","tag-rivera","tag-uruguay"],"_links":{"self":[{"href":"https:\/\/www.rivera.gub.uy\/portal\/wp-json\/wp\/v2\/posts\/58544","targetHints":{"allow":["GET"]}}],"collection":[{"href":"https:\/\/www.rivera.gub.uy\/portal\/wp-json\/wp\/v2\/posts"}],"about":[{"href":"https:\/\/www.rivera.gub.uy\/portal\/wp-json\/wp\/v2\/types\/post"}],"author":[{"embeddable":true,"href":"https:\/\/www.rivera.gub.uy\/portal\/wp-json\/wp\/v2\/users\/7"}],"replies":[{"embeddable":true,"href":"https:\/\/www.rivera.gub.uy\/portal\/wp-json\/wp\/v2\/comments?post=58544"}],"version-history":[{"count":1,"href":"https:\/\/www.rivera.gub.uy\/portal\/wp-json\/wp\/v2\/posts\/58544\/revisions"}],"predecessor-version":[{"id":58553,"href":"https:\/\/www.rivera.gub.uy\/portal\/wp-json\/wp\/v2\/posts\/58544\/revisions\/58553"}],"wp:featuredmedia":[{"embeddable":true,"href":"https:\/\/www.rivera.gub.uy\/portal\/wp-json\/wp\/v2\/media\/58552"}],"wp:attachment":[{"href":"https:\/\/www.rivera.gub.uy\/portal\/wp-json\/wp\/v2\/media?parent=58544"}],"wp:term":[{"taxonomy":"category","embeddable":true,"href":"https:\/\/www.rivera.gub.uy\/portal\/wp-json\/wp\/v2\/categories?post=58544"},{"taxonomy":"post_tag","embeddable":true,"href":"https:\/\/www.rivera.gub.uy\/portal\/wp-json\/wp\/v2\/tags?post=58544"}],"curies":[{"name":"wp","href":"https:\/\/api.w.org\/{rel}","templated":true}]}}