{"id":5871,"date":"2018-06-01T10:08:38","date_gmt":"2018-06-01T13:08:38","guid":{"rendered":"http:\/\/www.rivera.gub.uy\/portal\/?p=5871"},"modified":"2018-06-01T10:13:50","modified_gmt":"2018-06-01T13:13:50","slug":"se-inauguro-la-muestra-de-los-50-anos-de-tv-canal-10","status":"publish","type":"post","link":"https:\/\/www.rivera.gub.uy\/portal\/se-inauguro-la-muestra-de-los-50-anos-de-tv-canal-10\/","title":{"rendered":"Se inaugur\u00f3 la Muestra de los 50 a\u00f1os de TV Canal 10"},"content":{"rendered":"<p>El Museo del Patrimonio abri\u00f3 sus puertas para la muestra que cuenta la historia de TV Canal 10 de Rivera.<\/p>\n<p>Un 18 de mayo de 1968, se instalaba en Rivera el primer canal de televisi\u00f3n, fundado por Juan Israel Paiva, Dr. Carolino Alvez Apolo y Ariel Pereira.<br \/>\n<!--more--><br \/>\nEs en \u00e9ste marco y llegando a sus 50 a\u00f1os, el Museo del Patrimonio, inaugur\u00f3 una muestra que permanecer\u00e1 abierta durante dos meses para todo p\u00fablico y cuenta con registros gr\u00e1ficos, maquinarias y elementos usados en toda esa trayectoria que cuentan la \u201crica\u201d historia riverense.<\/p>\n<p>M\u00e1s que un emprendimiento, era una novedad, pues llegaba la televisi\u00f3n a la frontera siendo el asombro de muchos fronterizos que pod\u00edan adquirir una televisi\u00f3n en aquellos tiempos y que compart\u00edan las programaciones con los vecinos, convirti\u00e9ndola en reuniones donde pod\u00edan entretenerse con pel\u00edculas y ficciones de aquel entonces.<\/p>\n<div id='gallery-1' class='gallery galleryid-5871 gallery-columns-3 gallery-size-thumbnail'><figure class='gallery-item'>\n\t\t\t<div class='gallery-icon portrait'>\n\t\t\t\t<a href='https:\/\/www.rivera.gub.uy\/portal\/wp-content\/uploads\/2018\/06\/DSC_0005.jpg'><img loading=\"lazy\" decoding=\"async\" width=\"67\" height=\"94\" src=\"https:\/\/www.rivera.gub.uy\/portal\/wp-content\/uploads\/2018\/06\/DSC_0005-67x94.jpg\" class=\"attachment-thumbnail size-thumbnail\" alt=\"\" srcset=\"https:\/\/www.rivera.gub.uy\/portal\/wp-content\/uploads\/2018\/06\/DSC_0005-67x94.jpg 67w, https:\/\/www.rivera.gub.uy\/portal\/wp-content\/uploads\/2018\/06\/DSC_0005-134x188.jpg 134w, https:\/\/www.rivera.gub.uy\/portal\/wp-content\/uploads\/2018\/06\/DSC_0005-768x1075.jpg 768w, https:\/\/www.rivera.gub.uy\/portal\/wp-content\/uploads\/2018\/06\/DSC_0005-447x626.jpg 447w, https:\/\/www.rivera.gub.uy\/portal\/wp-content\/uploads\/2018\/06\/DSC_0005-820x1148.jpg 820w\" sizes=\"auto, (max-width: 67px) 100vw, 67px\" \/><\/a>\n\t\t\t<\/div><\/figure><figure class='gallery-item'>\n\t\t\t<div class='gallery-icon portrait'>\n\t\t\t\t<a href='https:\/\/www.rivera.gub.uy\/portal\/wp-content\/uploads\/2018\/06\/DSC_0028.jpg'><img loading=\"lazy\" decoding=\"async\" width=\"67\" height=\"94\" src=\"https:\/\/www.rivera.gub.uy\/portal\/wp-content\/uploads\/2018\/06\/DSC_0028-67x94.jpg\" class=\"attachment-thumbnail size-thumbnail\" alt=\"\" srcset=\"https:\/\/www.rivera.gub.uy\/portal\/wp-content\/uploads\/2018\/06\/DSC_0028-67x94.jpg 67w, https:\/\/www.rivera.gub.uy\/portal\/wp-content\/uploads\/2018\/06\/DSC_0028-134x188.jpg 134w, https:\/\/www.rivera.gub.uy\/portal\/wp-content\/uploads\/2018\/06\/DSC_0028-768x1075.jpg 768w, https:\/\/www.rivera.gub.uy\/portal\/wp-content\/uploads\/2018\/06\/DSC_0028-447x626.jpg 447w, https:\/\/www.rivera.gub.uy\/portal\/wp-content\/uploads\/2018\/06\/DSC_0028-820x1148.jpg 820w\" sizes=\"auto, (max-width: 67px) 100vw, 67px\" \/><\/a>\n\t\t\t<\/div><\/figure><figure class='gallery-item'>\n\t\t\t<div class='gallery-icon landscape'>\n\t\t\t\t<a href='https:\/\/www.rivera.gub.uy\/portal\/wp-content\/uploads\/2018\/06\/DSC_0047.jpg'><img loading=\"lazy\" decoding=\"async\" width=\"138\" height=\"94\" src=\"https:\/\/www.rivera.gub.uy\/portal\/wp-content\/uploads\/2018\/06\/DSC_0047-138x94.jpg\" class=\"attachment-thumbnail size-thumbnail\" alt=\"\" srcset=\"https:\/\/www.rivera.gub.uy\/portal\/wp-content\/uploads\/2018\/06\/DSC_0047-138x94.jpg 138w, https:\/\/www.rivera.gub.uy\/portal\/wp-content\/uploads\/2018\/06\/DSC_0047-276x188.jpg 276w, https:\/\/www.rivera.gub.uy\/portal\/wp-content\/uploads\/2018\/06\/DSC_0047-768x524.jpg 768w, https:\/\/www.rivera.gub.uy\/portal\/wp-content\/uploads\/2018\/06\/DSC_0047-918x626.jpg 918w, https:\/\/www.rivera.gub.uy\/portal\/wp-content\/uploads\/2018\/06\/DSC_0047-820x559.jpg 820w\" sizes=\"auto, (max-width: 138px) 100vw, 138px\" \/><\/a>\n\t\t\t<\/div><\/figure><figure class='gallery-item'>\n\t\t\t<div class='gallery-icon landscape'>\n\t\t\t\t<a href='https:\/\/www.rivera.gub.uy\/portal\/wp-content\/uploads\/2018\/06\/DSC_0054.jpg'><img loading=\"lazy\" decoding=\"async\" width=\"138\" height=\"94\" src=\"https:\/\/www.rivera.gub.uy\/portal\/wp-content\/uploads\/2018\/06\/DSC_0054-138x94.jpg\" class=\"attachment-thumbnail size-thumbnail\" alt=\"\" srcset=\"https:\/\/www.rivera.gub.uy\/portal\/wp-content\/uploads\/2018\/06\/DSC_0054-138x94.jpg 138w, https:\/\/www.rivera.gub.uy\/portal\/wp-content\/uploads\/2018\/06\/DSC_0054-276x188.jpg 276w, https:\/\/www.rivera.gub.uy\/portal\/wp-content\/uploads\/2018\/06\/DSC_0054-768x524.jpg 768w, https:\/\/www.rivera.gub.uy\/portal\/wp-content\/uploads\/2018\/06\/DSC_0054-918x626.jpg 918w, https:\/\/www.rivera.gub.uy\/portal\/wp-content\/uploads\/2018\/06\/DSC_0054-820x559.jpg 820w\" sizes=\"auto, (max-width: 138px) 100vw, 138px\" \/><\/a>\n\t\t\t<\/div><\/figure><figure class='gallery-item'>\n\t\t\t<div class='gallery-icon landscape'>\n\t\t\t\t<a href='https:\/\/www.rivera.gub.uy\/portal\/wp-content\/uploads\/2018\/06\/DSC_0061.jpg'><img loading=\"lazy\" decoding=\"async\" width=\"132\" height=\"94\" src=\"https:\/\/www.rivera.gub.uy\/portal\/wp-content\/uploads\/2018\/06\/DSC_0061-132x94.jpg\" class=\"attachment-thumbnail size-thumbnail\" alt=\"\" srcset=\"https:\/\/www.rivera.gub.uy\/portal\/wp-content\/uploads\/2018\/06\/DSC_0061-132x94.jpg 132w, https:\/\/www.rivera.gub.uy\/portal\/wp-content\/uploads\/2018\/06\/DSC_0061-263x188.jpg 263w, https:\/\/www.rivera.gub.uy\/portal\/wp-content\/uploads\/2018\/06\/DSC_0061-768x549.jpg 768w, https:\/\/www.rivera.gub.uy\/portal\/wp-content\/uploads\/2018\/06\/DSC_0061-876x626.jpg 876w, https:\/\/www.rivera.gub.uy\/portal\/wp-content\/uploads\/2018\/06\/DSC_0061-820x586.jpg 820w\" sizes=\"auto, (max-width: 132px) 100vw, 132px\" \/><\/a>\n\t\t\t<\/div><\/figure><figure class='gallery-item'>\n\t\t\t<div class='gallery-icon portrait'>\n\t\t\t\t<a href='https:\/\/www.rivera.gub.uy\/portal\/wp-content\/uploads\/2018\/06\/canal101.jpg'><img loading=\"lazy\" decoding=\"async\" width=\"63\" height=\"94\" src=\"https:\/\/www.rivera.gub.uy\/portal\/wp-content\/uploads\/2018\/06\/canal101-63x94.jpg\" class=\"attachment-thumbnail size-thumbnail\" alt=\"\" srcset=\"https:\/\/www.rivera.gub.uy\/portal\/wp-content\/uploads\/2018\/06\/canal101-63x94.jpg 63w, https:\/\/www.rivera.gub.uy\/portal\/wp-content\/uploads\/2018\/06\/canal101-125x188.jpg 125w, https:\/\/www.rivera.gub.uy\/portal\/wp-content\/uploads\/2018\/06\/canal101-768x1152.jpg 768w, https:\/\/www.rivera.gub.uy\/portal\/wp-content\/uploads\/2018\/06\/canal101-417x626.jpg 417w, https:\/\/www.rivera.gub.uy\/portal\/wp-content\/uploads\/2018\/06\/canal101-820x1230.jpg 820w\" sizes=\"auto, (max-width: 63px) 100vw, 63px\" \/><\/a>\n\t\t\t<\/div><\/figure>\n\t\t<\/div>\n\n<p>En presencia del Intendente Departamental, Dr. Marne Osorio, el titular de TV 10, Ariel Pereira, el Director General de Promoci\u00f3n y Acci\u00f3n Social, Cr. Giovani Conti, el Director del Museo del Patrimonio, Prof. Eduardo Palermo, se realiz\u00f3 la apertura de la muestra y un emotivo homenaje al Sr. Ariel Pereira, al cual el intendente le entreg\u00f3 una plaqueta recordatoria.<\/p>\n<p>El Prof. Eduardo Palermo invit\u00f3 a la comunidad y principalmente los j\u00f3venes, a disfrutar la muestra \u201c\u2026que vengan con sus celulares para que puedan comparar cual era la tecnolog\u00eda necesaria hace 40\u2026 50 a\u00f1os atr\u00e1s y cu\u00e1l es la de ahora\u201d.<\/p>\n<p>&nbsp;<\/p>\n<p><iframe loading=\"lazy\" width=\"1160\" height=\"653\" src=\"https:\/\/www.youtube.com\/embed\/awqL_9owp2c?feature=oembed\" frameborder=\"0\" allow=\"autoplay; encrypted-media\" allowfullscreen><\/iframe><\/p>\n","protected":false},"excerpt":{"rendered":"<p>El Museo del Patrimonio abri\u00f3 sus puertas para la muestra que cuenta la historia de TV Canal 10 de Rivera. Un 18 de mayo de 1968, se instalaba en Rivera el primer canal de televisi\u00f3n, fundado por Juan Israel Paiva, Dr. Carolino Alvez Apolo y Ariel Pereira.<\/p>\n","protected":false},"author":7,"featured_media":5874,"comment_status":"open","ping_status":"open","sticky":false,"template":"","format":"standard","meta":{"footnotes":""},"categories":[3,1],"tags":[649,650,648,36,45,120,33],"class_list":["post-5871","post","type-post","status-publish","format-standard","has-post-thumbnail","hentry","category-multimedia","category-novedades","tag-50-anos","tag-ariel-pereira","tag-canal-10","tag-intendencia","tag-intendente","tag-marne-osorio","tag-rivera"],"_links":{"self":[{"href":"https:\/\/www.rivera.gub.uy\/portal\/wp-json\/wp\/v2\/posts\/5871","targetHints":{"allow":["GET"]}}],"collection":[{"href":"https:\/\/www.rivera.gub.uy\/portal\/wp-json\/wp\/v2\/posts"}],"about":[{"href":"https:\/\/www.rivera.gub.uy\/portal\/wp-json\/wp\/v2\/types\/post"}],"author":[{"embeddable":true,"href":"https:\/\/www.rivera.gub.uy\/portal\/wp-json\/wp\/v2\/users\/7"}],"replies":[{"embeddable":true,"href":"https:\/\/www.rivera.gub.uy\/portal\/wp-json\/wp\/v2\/comments?post=5871"}],"version-history":[{"count":1,"href":"https:\/\/www.rivera.gub.uy\/portal\/wp-json\/wp\/v2\/posts\/5871\/revisions"}],"predecessor-version":[{"id":5878,"href":"https:\/\/www.rivera.gub.uy\/portal\/wp-json\/wp\/v2\/posts\/5871\/revisions\/5878"}],"wp:featuredmedia":[{"embeddable":true,"href":"https:\/\/www.rivera.gub.uy\/portal\/wp-json\/wp\/v2\/media\/5874"}],"wp:attachment":[{"href":"https:\/\/www.rivera.gub.uy\/portal\/wp-json\/wp\/v2\/media?parent=5871"}],"wp:term":[{"taxonomy":"category","embeddable":true,"href":"https:\/\/www.rivera.gub.uy\/portal\/wp-json\/wp\/v2\/categories?post=5871"},{"taxonomy":"post_tag","embeddable":true,"href":"https:\/\/www.rivera.gub.uy\/portal\/wp-json\/wp\/v2\/tags?post=5871"}],"curies":[{"name":"wp","href":"https:\/\/api.w.org\/{rel}","templated":true}]}}