{"id":5882,"date":"2018-06-01T15:13:20","date_gmt":"2018-06-01T18:13:20","guid":{"rendered":"http:\/\/www.rivera.gub.uy\/portal\/?p=5882"},"modified":"2018-06-01T15:13:20","modified_gmt":"2018-06-01T18:13:20","slug":"comision-de-jovenes-de-aebu-se-reune-con-el-intendente-dr-marne-osorio","status":"publish","type":"post","link":"https:\/\/www.rivera.gub.uy\/portal\/comision-de-jovenes-de-aebu-se-reune-con-el-intendente-dr-marne-osorio\/","title":{"rendered":"Comisi\u00f3n de J\u00f3venes de AEBU, se re\u00fane con el Intendente  Dr. Marne Osorio"},"content":{"rendered":"<p class=\"western\"><span style=\"font-size: large\">La Asociaci\u00f3n de Bancarios del Uruguay (AEBU), a trav\u00e9s de la Comisi\u00f3n de J\u00f3venes, mantuvo una reuni\u00f3n con el mandatario comunal, Dr. Marne Osorio, con el objetivo de dar a conocer la reinauguraci\u00f3n del local ubicado en calle Ituzaing\u00f3 769, de la ciudad de Rivera, el d\u00eda viernes 1\u00ba de junio, a la hora 19:30, d\u00f3nde como parte de las actividades se realizar\u00e1 un taller sobre las \u201cNuevas tecnolog\u00edas en los \u00e1mbitos laborales\u201d.<\/span><!--more--><\/p>\n<p class=\"western\"><span style=\"font-size: large\">El Pte. de la Comisi\u00f3n de J\u00f3venes, Leonardo Palllares, indic\u00f3: \u201cEn el local pretendemos traer talleres y cursos abiertos a la sociedad enfocados a la inclusi\u00f3n financiera y pel\u00edculas con diferentes tem\u00e1ticas. Siempre estamos en contacto con las autoridades de la capital del pa\u00eds y trabajando en conjunto\u201d.<\/span><\/p>\n<div id='gallery-1' class='gallery galleryid-5882 gallery-columns-2 gallery-size-medium'><figure class='gallery-item'>\n\t\t\t<div class='gallery-icon landscape'>\n\t\t\t\t<a href='https:\/\/www.rivera.gub.uy\/portal\/wp-content\/uploads\/2018\/06\/aebu1.jpg'><img loading=\"lazy\" decoding=\"async\" width=\"263\" height=\"188\" src=\"https:\/\/www.rivera.gub.uy\/portal\/wp-content\/uploads\/2018\/06\/aebu1-263x188.jpg\" class=\"attachment-medium size-medium\" alt=\"\" srcset=\"https:\/\/www.rivera.gub.uy\/portal\/wp-content\/uploads\/2018\/06\/aebu1-263x188.jpg 263w, https:\/\/www.rivera.gub.uy\/portal\/wp-content\/uploads\/2018\/06\/aebu1-132x94.jpg 132w, https:\/\/www.rivera.gub.uy\/portal\/wp-content\/uploads\/2018\/06\/aebu1-768x549.jpg 768w, https:\/\/www.rivera.gub.uy\/portal\/wp-content\/uploads\/2018\/06\/aebu1-876x626.jpg 876w, https:\/\/www.rivera.gub.uy\/portal\/wp-content\/uploads\/2018\/06\/aebu1-820x586.jpg 820w, https:\/\/www.rivera.gub.uy\/portal\/wp-content\/uploads\/2018\/06\/aebu1.jpg 1928w\" sizes=\"auto, (max-width: 263px) 100vw, 263px\" \/><\/a>\n\t\t\t<\/div><\/figure><figure class='gallery-item'>\n\t\t\t<div class='gallery-icon landscape'>\n\t\t\t\t<a href='https:\/\/www.rivera.gub.uy\/portal\/wp-content\/uploads\/2018\/06\/aebu2.jpg'><img loading=\"lazy\" decoding=\"async\" width=\"263\" height=\"188\" src=\"https:\/\/www.rivera.gub.uy\/portal\/wp-content\/uploads\/2018\/06\/aebu2-263x188.jpg\" class=\"attachment-medium size-medium\" alt=\"\" srcset=\"https:\/\/www.rivera.gub.uy\/portal\/wp-content\/uploads\/2018\/06\/aebu2-263x188.jpg 263w, https:\/\/www.rivera.gub.uy\/portal\/wp-content\/uploads\/2018\/06\/aebu2-132x94.jpg 132w, https:\/\/www.rivera.gub.uy\/portal\/wp-content\/uploads\/2018\/06\/aebu2-768x549.jpg 768w, https:\/\/www.rivera.gub.uy\/portal\/wp-content\/uploads\/2018\/06\/aebu2-876x626.jpg 876w, https:\/\/www.rivera.gub.uy\/portal\/wp-content\/uploads\/2018\/06\/aebu2-820x586.jpg 820w\" sizes=\"auto, (max-width: 263px) 100vw, 263px\" \/><\/a>\n\t\t\t<\/div><\/figure>\n\t\t<\/div>\n\n<p class=\"western\"><span style=\"font-size: large\">En tal sentido el Secretario de la Comisi\u00f3n de J\u00f3venes de Rivera, Bruno Cuello, invit\u00f3 a todos lo que quieran participar agregando que la reuni\u00f3n con el Intendente fue muy productiva y se \u201cplanearon cosas a futuro\u201d demostrando que \u201cest\u00e1 dispuesto a colaborar y apoyar en todo lo que sea posible\u201d.<\/span><\/p>\n<p class=\"western\"><span style=\"font-size: large\">Una vez m\u00e1s el Gobierno Departamental, apoya nuevas propuestas que tienen que ver con los j\u00f3venes desde la mirada de la Innovaci\u00f3n de las Nuevas Tecnolog\u00edas.<\/span><\/p>\n<p><iframe loading=\"lazy\" width=\"1160\" height=\"653\" src=\"https:\/\/www.youtube.com\/embed\/nQBKykhCbsw?feature=oembed\" frameborder=\"0\" allow=\"autoplay; encrypted-media\" allowfullscreen><\/iframe><\/p>\n<p>&nbsp;<\/p>\n","protected":false},"excerpt":{"rendered":"<p>La Asociaci\u00f3n de Bancarios del Uruguay (AEBU), a trav\u00e9s de la Comisi\u00f3n de J\u00f3venes, mantuvo una reuni\u00f3n con el mandatario comunal, Dr. Marne Osorio, con el objetivo de dar a conocer la reinauguraci\u00f3n del local ubicado en calle Ituzaing\u00f3 769, de la ciudad de Rivera, el d\u00eda viernes 1\u00ba de junio, a la hora 19:30, [&hellip;]<\/p>\n","protected":false},"author":7,"featured_media":5883,"comment_status":"open","ping_status":"open","sticky":false,"template":"","format":"standard","meta":{"footnotes":""},"categories":[3,1],"tags":[651,652,36,33],"class_list":["post-5882","post","type-post","status-publish","format-standard","has-post-thumbnail","hentry","category-multimedia","category-novedades","tag-aebu","tag-asociacion-bancaria","tag-intendencia","tag-rivera"],"_links":{"self":[{"href":"https:\/\/www.rivera.gub.uy\/portal\/wp-json\/wp\/v2\/posts\/5882","targetHints":{"allow":["GET"]}}],"collection":[{"href":"https:\/\/www.rivera.gub.uy\/portal\/wp-json\/wp\/v2\/posts"}],"about":[{"href":"https:\/\/www.rivera.gub.uy\/portal\/wp-json\/wp\/v2\/types\/post"}],"author":[{"embeddable":true,"href":"https:\/\/www.rivera.gub.uy\/portal\/wp-json\/wp\/v2\/users\/7"}],"replies":[{"embeddable":true,"href":"https:\/\/www.rivera.gub.uy\/portal\/wp-json\/wp\/v2\/comments?post=5882"}],"version-history":[{"count":1,"href":"https:\/\/www.rivera.gub.uy\/portal\/wp-json\/wp\/v2\/posts\/5882\/revisions"}],"predecessor-version":[{"id":5885,"href":"https:\/\/www.rivera.gub.uy\/portal\/wp-json\/wp\/v2\/posts\/5882\/revisions\/5885"}],"wp:featuredmedia":[{"embeddable":true,"href":"https:\/\/www.rivera.gub.uy\/portal\/wp-json\/wp\/v2\/media\/5883"}],"wp:attachment":[{"href":"https:\/\/www.rivera.gub.uy\/portal\/wp-json\/wp\/v2\/media?parent=5882"}],"wp:term":[{"taxonomy":"category","embeddable":true,"href":"https:\/\/www.rivera.gub.uy\/portal\/wp-json\/wp\/v2\/categories?post=5882"},{"taxonomy":"post_tag","embeddable":true,"href":"https:\/\/www.rivera.gub.uy\/portal\/wp-json\/wp\/v2\/tags?post=5882"}],"curies":[{"name":"wp","href":"https:\/\/api.w.org\/{rel}","templated":true}]}}