{"id":5886,"date":"2018-06-01T17:23:16","date_gmt":"2018-06-01T20:23:16","guid":{"rendered":"http:\/\/www.rivera.gub.uy\/portal\/?p=5886"},"modified":"2018-06-22T14:07:10","modified_gmt":"2018-06-22T17:07:10","slug":"iv-edicion-del-festival-binacional-frontera-en-danza","status":"publish","type":"post","link":"https:\/\/www.rivera.gub.uy\/portal\/iv-edicion-del-festival-binacional-frontera-en-danza\/","title":{"rendered":"IV Edici\u00f3n del Festival binacional \u201cFrontera en Danza\u201d"},"content":{"rendered":"<p><strong>El evento es una muestra de la m\u00e1xima expresi\u00f3n art\u00edstica que tiene nuestra frontera.<\/strong><\/p>\n<p>Este viernes 1 y s\u00e1bado 2 de junio se llevar\u00e1\u00a0 cabo en el Teatro Municipal \u201c15 de Febrero de 1985\u201d, \u00a0el Festival \u201cFrontera en Danza\u201d o \u201cFronteira em Danza\u201d organizado por la Intendencia de Rivera y la Prefeitura de Livramento.<!--more--><\/p>\n<p>El mismo comenzar\u00e1 a las 19:30 con entrada gratuita y tendr\u00e1 por segunda vez consecutiva la participaci\u00f3n de la DGPAS, a trav\u00e9s de la Divisi\u00f3n Cultura, en un trabajo continuo de integraci\u00f3n que ha venido a mejorar la calidad a nivel de espect\u00e1culos.<\/p>\n<p>Alex Alvez (director Divisi\u00f3n Cultura), \u00a0\u00a0brind\u00f3 detalles del evento que cuenta con la participaci\u00f3n de gran cantidad de academias de danzas de la frontera y que \u201capuesta a diversidad de danzas\u201d.<\/p>\n<p>\u201cEstar\u00e1n intercalados los \u00a0estilos, y se presenta una de Rivera y una de Livramento, lo que hace que el espect\u00e1culo sea m\u00e1s atractivo\u201d, manifest\u00f3 Alvez.<\/p>\n<p><strong>Programaci\u00f3n Viernes 1\/6<\/strong><\/p>\n<ul>\n<li>Invernada Art\u00edstica, Lauro Simoes da APAE<\/li>\n<li>Academia Bailamos<\/li>\n<li>Fog\u00f3n Negrinho do Pastoreio e Escola H\u00e9ctor Acosta<\/li>\n<li>Hathor Grupo de Danza<\/li>\n<li>Academia Gaby Bueno<\/li>\n<li>Indiara Dornelles (Rosario do Sul)<\/li>\n<li>Fit Dance Escola Abreu Fialho<\/li>\n<li>Grupo Municipal de Danza<\/li>\n<li>Jean BellyDance (S\u00e3o Gabriel)<\/li>\n<li>Nahira Abadal<\/li>\n<li>Ballet Folcl\u00f3rico de Rivera<\/li>\n<\/ul>\n<p><strong>S\u00e1bado 2\/6<\/strong><\/p>\n<ul>\n<li>Cia de Danza Espacio Fitness<\/li>\n<li>Grupo de Danza Ana Terra<\/li>\n<li>Projecto Social \u201cRosas de Ouro\u201d<\/li>\n<li>Academia Actitutte<\/li>\n<li>Acuarius<\/li>\n<li>Grupo Municipal de Danza de Santa do Livramento<\/li>\n<\/ul>\n<p><iframe loading=\"lazy\" width=\"1160\" height=\"653\" src=\"https:\/\/www.youtube.com\/embed\/C5ZL48iwkzc?feature=oembed\" frameborder=\"0\" allow=\"autoplay; encrypted-media\" allowfullscreen><\/iframe><\/p>\n","protected":false},"excerpt":{"rendered":"<p>El evento es una muestra de la m\u00e1xima expresi\u00f3n art\u00edstica que tiene nuestra frontera. Este viernes 1 y s\u00e1bado 2 de junio se llevar\u00e1\u00a0 cabo en el Teatro Municipal \u201c15 de Febrero de 1985\u201d, \u00a0el Festival \u201cFrontera en Danza\u201d o \u201cFronteira em Danza\u201d organizado por la Intendencia de Rivera y la Prefeitura de Livramento.<\/p>\n","protected":false},"author":7,"featured_media":5887,"comment_status":"open","ping_status":"open","sticky":false,"template":"","format":"standard","meta":{"footnotes":""},"categories":[6,3,1],"tags":[103,65,345,157,653,36,33],"class_list":["post-5886","post","type-post","status-publish","format-standard","has-post-thumbnail","hentry","category-cultura","category-multimedia","category-novedades","tag-binacional","tag-cultura","tag-dgpas","tag-festival","tag-frontera-en-danza","tag-intendencia","tag-rivera"],"_links":{"self":[{"href":"https:\/\/www.rivera.gub.uy\/portal\/wp-json\/wp\/v2\/posts\/5886","targetHints":{"allow":["GET"]}}],"collection":[{"href":"https:\/\/www.rivera.gub.uy\/portal\/wp-json\/wp\/v2\/posts"}],"about":[{"href":"https:\/\/www.rivera.gub.uy\/portal\/wp-json\/wp\/v2\/types\/post"}],"author":[{"embeddable":true,"href":"https:\/\/www.rivera.gub.uy\/portal\/wp-json\/wp\/v2\/users\/7"}],"replies":[{"embeddable":true,"href":"https:\/\/www.rivera.gub.uy\/portal\/wp-json\/wp\/v2\/comments?post=5886"}],"version-history":[{"count":1,"href":"https:\/\/www.rivera.gub.uy\/portal\/wp-json\/wp\/v2\/posts\/5886\/revisions"}],"predecessor-version":[{"id":5888,"href":"https:\/\/www.rivera.gub.uy\/portal\/wp-json\/wp\/v2\/posts\/5886\/revisions\/5888"}],"wp:featuredmedia":[{"embeddable":true,"href":"https:\/\/www.rivera.gub.uy\/portal\/wp-json\/wp\/v2\/media\/5887"}],"wp:attachment":[{"href":"https:\/\/www.rivera.gub.uy\/portal\/wp-json\/wp\/v2\/media?parent=5886"}],"wp:term":[{"taxonomy":"category","embeddable":true,"href":"https:\/\/www.rivera.gub.uy\/portal\/wp-json\/wp\/v2\/categories?post=5886"},{"taxonomy":"post_tag","embeddable":true,"href":"https:\/\/www.rivera.gub.uy\/portal\/wp-json\/wp\/v2\/tags?post=5886"}],"curies":[{"name":"wp","href":"https:\/\/api.w.org\/{rel}","templated":true}]}}