{"id":58986,"date":"2025-02-19T12:20:23","date_gmt":"2025-02-19T15:20:23","guid":{"rendered":"https:\/\/www.rivera.gub.uy\/portal\/?p=58986"},"modified":"2025-02-19T12:20:23","modified_gmt":"2025-02-19T15:20:23","slug":"los-mejores-exponentes-del-basquetbol-3-x-3-competiran-en-rivera","status":"publish","type":"post","link":"https:\/\/www.rivera.gub.uy\/portal\/los-mejores-exponentes-del-basquetbol-3-x-3-competiran-en-rivera\/","title":{"rendered":"Los mejores exponentes del B\u00e1squetbol 3 x 3 competir\u00e1n en Rivera"},"content":{"rendered":"<p>El Intendente Departamental Arq. Jos\u00e9 Mazzoni, encabez\u00f3 esta ma\u00f1ana el Lanzamiento de las Finales del 4\u00ba Torneo Nacional 3 X 3 de B\u00e1squetbol que se disputar\u00e1 el 22 de febrero en Rivera. El evento tendr\u00e1 la participaci\u00f3n de ocho equipos de la Categor\u00eda Masculino y ocho equipos en la Categor\u00eda Femenina, de diez Departamentos del pa\u00eds.<!--more--><\/p>\n<p>El Lic. Horacio Hern\u00e1ndez, Coordinador de Deportes (SG &#8211; IDR) hizo uso de la palabra en la ocasi\u00f3n destacando la relevancia de que Rivera haya sido elegida como el escenario para esta disputa que re\u00fane a los mejores exponentes de la disciplina.<\/p>\n<p>El jefe comunal destac\u00f3 que adem\u00e1s de los aspectos deportivos propios de la convocatoria, el impacto se traslada al Turismo con el arribo de los competidores, familiares y docentes, impulsando la difusi\u00f3n de Rivera en el contexto nacional.<\/p>\n<p>En representaci\u00f3n de la Liga de B\u00e1squetbol de Rivera, estuvo presente el Arq. Jos\u00e9 \u00c1ngel del Campo y representaron a sus pares Las Deportistas, Manuela Arbiza, Giovana Machado, Pilar Andrade y Fernanda Mansilla.<\/p>\n<p>&nbsp;<\/p>\n<div id='gallery-1' class='gallery galleryid-58986 gallery-columns-6 gallery-size-thumbnail'><figure class='gallery-item'>\n\t\t\t<div class='gallery-icon landscape'>\n\t\t\t\t<a href='https:\/\/www.rivera.gub.uy\/portal\/wp-content\/uploads\/2025\/02\/basquet-scaled.jpg'><img loading=\"lazy\" decoding=\"async\" width=\"132\" height=\"94\" src=\"https:\/\/www.rivera.gub.uy\/portal\/wp-content\/uploads\/2025\/02\/basquet-132x94.jpg\" class=\"attachment-thumbnail size-thumbnail\" alt=\"\" srcset=\"https:\/\/www.rivera.gub.uy\/portal\/wp-content\/uploads\/2025\/02\/basquet-132x94.jpg 132w, https:\/\/www.rivera.gub.uy\/portal\/wp-content\/uploads\/2025\/02\/basquet-263x188.jpg 263w, https:\/\/www.rivera.gub.uy\/portal\/wp-content\/uploads\/2025\/02\/basquet-876x626.jpg 876w, https:\/\/www.rivera.gub.uy\/portal\/wp-content\/uploads\/2025\/02\/basquet-768x549.jpg 768w, https:\/\/www.rivera.gub.uy\/portal\/wp-content\/uploads\/2025\/02\/basquet-1536x1097.jpg 1536w, https:\/\/www.rivera.gub.uy\/portal\/wp-content\/uploads\/2025\/02\/basquet-2048x1463.jpg 2048w, https:\/\/www.rivera.gub.uy\/portal\/wp-content\/uploads\/2025\/02\/basquet-820x586.jpg 820w\" sizes=\"auto, (max-width: 132px) 100vw, 132px\" \/><\/a>\n\t\t\t<\/div><\/figure><figure class='gallery-item'>\n\t\t\t<div class='gallery-icon landscape'>\n\t\t\t\t<a href='https:\/\/www.rivera.gub.uy\/portal\/wp-content\/uploads\/2025\/02\/basquet-2-scaled.jpg'><img loading=\"lazy\" decoding=\"async\" width=\"132\" height=\"94\" src=\"https:\/\/www.rivera.gub.uy\/portal\/wp-content\/uploads\/2025\/02\/basquet-2-132x94.jpg\" class=\"attachment-thumbnail size-thumbnail\" alt=\"\" srcset=\"https:\/\/www.rivera.gub.uy\/portal\/wp-content\/uploads\/2025\/02\/basquet-2-132x94.jpg 132w, https:\/\/www.rivera.gub.uy\/portal\/wp-content\/uploads\/2025\/02\/basquet-2-263x188.jpg 263w, https:\/\/www.rivera.gub.uy\/portal\/wp-content\/uploads\/2025\/02\/basquet-2-876x626.jpg 876w, https:\/\/www.rivera.gub.uy\/portal\/wp-content\/uploads\/2025\/02\/basquet-2-768x549.jpg 768w, https:\/\/www.rivera.gub.uy\/portal\/wp-content\/uploads\/2025\/02\/basquet-2-1536x1097.jpg 1536w, https:\/\/www.rivera.gub.uy\/portal\/wp-content\/uploads\/2025\/02\/basquet-2-2048x1463.jpg 2048w, https:\/\/www.rivera.gub.uy\/portal\/wp-content\/uploads\/2025\/02\/basquet-2-820x586.jpg 820w\" sizes=\"auto, (max-width: 132px) 100vw, 132px\" \/><\/a>\n\t\t\t<\/div><\/figure><figure class='gallery-item'>\n\t\t\t<div class='gallery-icon landscape'>\n\t\t\t\t<a href='https:\/\/www.rivera.gub.uy\/portal\/wp-content\/uploads\/2025\/02\/basquet-3-scaled.jpg'><img loading=\"lazy\" decoding=\"async\" width=\"144\" height=\"94\" src=\"https:\/\/www.rivera.gub.uy\/portal\/wp-content\/uploads\/2025\/02\/basquet-3-144x94.jpg\" class=\"attachment-thumbnail size-thumbnail\" alt=\"\" srcset=\"https:\/\/www.rivera.gub.uy\/portal\/wp-content\/uploads\/2025\/02\/basquet-3-144x94.jpg 144w, https:\/\/www.rivera.gub.uy\/portal\/wp-content\/uploads\/2025\/02\/basquet-3-288x188.jpg 288w, https:\/\/www.rivera.gub.uy\/portal\/wp-content\/uploads\/2025\/02\/basquet-3-960x626.jpg 960w, https:\/\/www.rivera.gub.uy\/portal\/wp-content\/uploads\/2025\/02\/basquet-3-768x501.jpg 768w, https:\/\/www.rivera.gub.uy\/portal\/wp-content\/uploads\/2025\/02\/basquet-3-1536x1002.jpg 1536w, https:\/\/www.rivera.gub.uy\/portal\/wp-content\/uploads\/2025\/02\/basquet-3-2048x1336.jpg 2048w, https:\/\/www.rivera.gub.uy\/portal\/wp-content\/uploads\/2025\/02\/basquet-3-820x535.jpg 820w\" sizes=\"auto, (max-width: 144px) 100vw, 144px\" \/><\/a>\n\t\t\t<\/div><\/figure><figure class='gallery-item'>\n\t\t\t<div class='gallery-icon portrait'>\n\t\t\t\t<a href='https:\/\/www.rivera.gub.uy\/portal\/wp-content\/uploads\/2025\/02\/basquet-4-scaled.jpg'><img loading=\"lazy\" decoding=\"async\" width=\"61\" height=\"94\" src=\"https:\/\/www.rivera.gub.uy\/portal\/wp-content\/uploads\/2025\/02\/basquet-4-61x94.jpg\" class=\"attachment-thumbnail size-thumbnail\" alt=\"\" srcset=\"https:\/\/www.rivera.gub.uy\/portal\/wp-content\/uploads\/2025\/02\/basquet-4-61x94.jpg 61w, https:\/\/www.rivera.gub.uy\/portal\/wp-content\/uploads\/2025\/02\/basquet-4-123x188.jpg 123w, https:\/\/www.rivera.gub.uy\/portal\/wp-content\/uploads\/2025\/02\/basquet-4-408x626.jpg 408w, https:\/\/www.rivera.gub.uy\/portal\/wp-content\/uploads\/2025\/02\/basquet-4-768x1178.jpg 768w, https:\/\/www.rivera.gub.uy\/portal\/wp-content\/uploads\/2025\/02\/basquet-4-1002x1536.jpg 1002w, https:\/\/www.rivera.gub.uy\/portal\/wp-content\/uploads\/2025\/02\/basquet-4-1336x2048.jpg 1336w, https:\/\/www.rivera.gub.uy\/portal\/wp-content\/uploads\/2025\/02\/basquet-4-820x1257.jpg 820w, https:\/\/www.rivera.gub.uy\/portal\/wp-content\/uploads\/2025\/02\/basquet-4-scaled.jpg 1670w\" sizes=\"auto, (max-width: 61px) 100vw, 61px\" \/><\/a>\n\t\t\t<\/div><\/figure><figure class='gallery-item'>\n\t\t\t<div class='gallery-icon landscape'>\n\t\t\t\t<a href='https:\/\/www.rivera.gub.uy\/portal\/wp-content\/uploads\/2025\/02\/basquet-5-scaled.jpg'><img loading=\"lazy\" decoding=\"async\" width=\"144\" height=\"94\" src=\"https:\/\/www.rivera.gub.uy\/portal\/wp-content\/uploads\/2025\/02\/basquet-5-144x94.jpg\" class=\"attachment-thumbnail size-thumbnail\" alt=\"\" srcset=\"https:\/\/www.rivera.gub.uy\/portal\/wp-content\/uploads\/2025\/02\/basquet-5-144x94.jpg 144w, https:\/\/www.rivera.gub.uy\/portal\/wp-content\/uploads\/2025\/02\/basquet-5-288x188.jpg 288w, https:\/\/www.rivera.gub.uy\/portal\/wp-content\/uploads\/2025\/02\/basquet-5-960x626.jpg 960w, https:\/\/www.rivera.gub.uy\/portal\/wp-content\/uploads\/2025\/02\/basquet-5-768x501.jpg 768w, https:\/\/www.rivera.gub.uy\/portal\/wp-content\/uploads\/2025\/02\/basquet-5-1536x1002.jpg 1536w, https:\/\/www.rivera.gub.uy\/portal\/wp-content\/uploads\/2025\/02\/basquet-5-2048x1336.jpg 2048w, https:\/\/www.rivera.gub.uy\/portal\/wp-content\/uploads\/2025\/02\/basquet-5-820x535.jpg 820w\" sizes=\"auto, (max-width: 144px) 100vw, 144px\" \/><\/a>\n\t\t\t<\/div><\/figure><figure class='gallery-item'>\n\t\t\t<div class='gallery-icon landscape'>\n\t\t\t\t<a href='https:\/\/www.rivera.gub.uy\/portal\/wp-content\/uploads\/2025\/02\/basquet-6-scaled.jpg'><img loading=\"lazy\" decoding=\"async\" width=\"132\" height=\"94\" src=\"https:\/\/www.rivera.gub.uy\/portal\/wp-content\/uploads\/2025\/02\/basquet-6-132x94.jpg\" class=\"attachment-thumbnail size-thumbnail\" alt=\"Basquet 3x3\" srcset=\"https:\/\/www.rivera.gub.uy\/portal\/wp-content\/uploads\/2025\/02\/basquet-6-132x94.jpg 132w, https:\/\/www.rivera.gub.uy\/portal\/wp-content\/uploads\/2025\/02\/basquet-6-263x188.jpg 263w, https:\/\/www.rivera.gub.uy\/portal\/wp-content\/uploads\/2025\/02\/basquet-6-876x626.jpg 876w, https:\/\/www.rivera.gub.uy\/portal\/wp-content\/uploads\/2025\/02\/basquet-6-768x549.jpg 768w, https:\/\/www.rivera.gub.uy\/portal\/wp-content\/uploads\/2025\/02\/basquet-6-1536x1097.jpg 1536w, https:\/\/www.rivera.gub.uy\/portal\/wp-content\/uploads\/2025\/02\/basquet-6-2048x1463.jpg 2048w, https:\/\/www.rivera.gub.uy\/portal\/wp-content\/uploads\/2025\/02\/basquet-6-820x586.jpg 820w\" sizes=\"auto, (max-width: 132px) 100vw, 132px\" \/><\/a>\n\t\t\t<\/div><\/figure>\n\t\t<\/div>\n\n","protected":false},"excerpt":{"rendered":"<p>El Intendente Departamental Arq. Jos\u00e9 Mazzoni, encabez\u00f3 esta ma\u00f1ana el Lanzamiento de las Finales del 4\u00ba Torneo Nacional 3 X 3 de B\u00e1squetbol que se disputar\u00e1 el 22 de febrero en Rivera. El evento tendr\u00e1 la participaci\u00f3n de ocho equipos de la Categor\u00eda Masculino y ocho equipos en la Categor\u00eda Femenina, de diez Departamentos del [&hellip;]<\/p>\n","protected":false},"author":7,"featured_media":58992,"comment_status":"open","ping_status":"open","sticky":false,"template":"","format":"standard","meta":{"footnotes":""},"categories":[56,1],"tags":[],"class_list":["post-58986","post","type-post","status-publish","format-standard","has-post-thumbnail","hentry","category-deportes","category-novedades"],"_links":{"self":[{"href":"https:\/\/www.rivera.gub.uy\/portal\/wp-json\/wp\/v2\/posts\/58986","targetHints":{"allow":["GET"]}}],"collection":[{"href":"https:\/\/www.rivera.gub.uy\/portal\/wp-json\/wp\/v2\/posts"}],"about":[{"href":"https:\/\/www.rivera.gub.uy\/portal\/wp-json\/wp\/v2\/types\/post"}],"author":[{"embeddable":true,"href":"https:\/\/www.rivera.gub.uy\/portal\/wp-json\/wp\/v2\/users\/7"}],"replies":[{"embeddable":true,"href":"https:\/\/www.rivera.gub.uy\/portal\/wp-json\/wp\/v2\/comments?post=58986"}],"version-history":[{"count":1,"href":"https:\/\/www.rivera.gub.uy\/portal\/wp-json\/wp\/v2\/posts\/58986\/revisions"}],"predecessor-version":[{"id":58993,"href":"https:\/\/www.rivera.gub.uy\/portal\/wp-json\/wp\/v2\/posts\/58986\/revisions\/58993"}],"wp:featuredmedia":[{"embeddable":true,"href":"https:\/\/www.rivera.gub.uy\/portal\/wp-json\/wp\/v2\/media\/58992"}],"wp:attachment":[{"href":"https:\/\/www.rivera.gub.uy\/portal\/wp-json\/wp\/v2\/media?parent=58986"}],"wp:term":[{"taxonomy":"category","embeddable":true,"href":"https:\/\/www.rivera.gub.uy\/portal\/wp-json\/wp\/v2\/categories?post=58986"},{"taxonomy":"post_tag","embeddable":true,"href":"https:\/\/www.rivera.gub.uy\/portal\/wp-json\/wp\/v2\/tags?post=58986"}],"curies":[{"name":"wp","href":"https:\/\/api.w.org\/{rel}","templated":true}]}}