{"id":59301,"date":"2025-03-05T08:42:31","date_gmt":"2025-03-05T11:42:31","guid":{"rendered":"https:\/\/www.rivera.gub.uy\/portal\/?p=59301"},"modified":"2025-03-06T08:56:45","modified_gmt":"2025-03-06T11:56:45","slug":"7-o-desafio-de-la-cuchilla-negra","status":"publish","type":"post","link":"https:\/\/www.rivera.gub.uy\/portal\/7-o-desafio-de-la-cuchilla-negra\/","title":{"rendered":"7.\u00ba Desaf\u00edo de la Cuchilla Negra"},"content":{"rendered":"<p>Ciclismo: 1.\u00ba Fecha Campeonato Fronter\u00f3n<\/p>\n<p>Este mi\u00e9rcoles 5 de marzo se realiz\u00f3 en conferencia de prensa en el 3er piso de la IDR, el Lanzamiento de la 7ma edici\u00f3n- Desaf\u00edo de la Cuchilla Negra. Estaban presentes junto al Intendente Departamental de Rivera, Arq. Jos\u00e9 Mazzoni Gollard\u00eda, el director de la Unidad Coordinadora de Deportes de la IDR, y organizadores del evento.<!--more--><\/p>\n<p>La Intendencia Departamental de Rivera, auspicia el Campeonato Fronter\u00f3n, apoya el Ministerio de Turismo junto a empresas locales; la partida y llegada se realiza en el Aut\u00f3dromo Eduardo Prudencio Cabrera, el pr\u00f3ximo domingo 9 de marzo desde la hora 9:30; contemplando varios circuitos (2 circuitos, uno de 52 km y otro de 45 km ) y categor\u00edas que van desde menores hasta 16 a\u00f1os, Junior de 17 a 18 a\u00f1os, Super Elite, Master de 30 a\u00f1os hasta m\u00e1s de 50 y otras categor\u00edas como Damas Elite y promocionales.<\/p>\n<p>Las inscripciones son desde el s\u00e1bado 8 en Maferrbikes (calle Jos\u00e9 Asplanato 530) de 14 a 20hs.<\/p>\n<p>En su alocuci\u00f3n el intendente Arq. Jos\u00e9 Mazzoni Gollard\u00eda pronunci\u00f3: \u201c\u00e9ste tipo de eventos siguen posicionando a Rivera en el norte del pa\u00eds y en el sur de R\u00edo Grande, como una plaza de eventos importantes\u201d.<\/p>\n<div id='gallery-1' class='gallery galleryid-59301 gallery-columns-6 gallery-size-thumbnail'><figure class='gallery-item'>\n\t\t\t<div class='gallery-icon landscape'>\n\t\t\t\t<a href='https:\/\/www.rivera.gub.uy\/portal\/wp-content\/uploads\/2025\/03\/ciclismo-scaled.jpg'><img loading=\"lazy\" decoding=\"async\" width=\"141\" height=\"94\" src=\"https:\/\/www.rivera.gub.uy\/portal\/wp-content\/uploads\/2025\/03\/ciclismo-141x94.jpg\" class=\"attachment-thumbnail size-thumbnail\" alt=\"\" srcset=\"https:\/\/www.rivera.gub.uy\/portal\/wp-content\/uploads\/2025\/03\/ciclismo-141x94.jpg 141w, https:\/\/www.rivera.gub.uy\/portal\/wp-content\/uploads\/2025\/03\/ciclismo-282x188.jpg 282w, https:\/\/www.rivera.gub.uy\/portal\/wp-content\/uploads\/2025\/03\/ciclismo-939x626.jpg 939w, https:\/\/www.rivera.gub.uy\/portal\/wp-content\/uploads\/2025\/03\/ciclismo-768x512.jpg 768w, https:\/\/www.rivera.gub.uy\/portal\/wp-content\/uploads\/2025\/03\/ciclismo-1536x1024.jpg 1536w, https:\/\/www.rivera.gub.uy\/portal\/wp-content\/uploads\/2025\/03\/ciclismo-2048x1365.jpg 2048w, https:\/\/www.rivera.gub.uy\/portal\/wp-content\/uploads\/2025\/03\/ciclismo-600x400.jpg 600w, https:\/\/www.rivera.gub.uy\/portal\/wp-content\/uploads\/2025\/03\/ciclismo-820x547.jpg 820w, https:\/\/www.rivera.gub.uy\/portal\/wp-content\/uploads\/2025\/03\/ciclismo-272x182.jpg 272w\" sizes=\"auto, (max-width: 141px) 100vw, 141px\" \/><\/a>\n\t\t\t<\/div><\/figure><figure class='gallery-item'>\n\t\t\t<div class='gallery-icon landscape'>\n\t\t\t\t<a href='https:\/\/www.rivera.gub.uy\/portal\/wp-content\/uploads\/2025\/03\/ciclismo-2-scaled.jpg'><img loading=\"lazy\" decoding=\"async\" width=\"141\" height=\"94\" src=\"https:\/\/www.rivera.gub.uy\/portal\/wp-content\/uploads\/2025\/03\/ciclismo-2-141x94.jpg\" class=\"attachment-thumbnail size-thumbnail\" alt=\"\" srcset=\"https:\/\/www.rivera.gub.uy\/portal\/wp-content\/uploads\/2025\/03\/ciclismo-2-141x94.jpg 141w, https:\/\/www.rivera.gub.uy\/portal\/wp-content\/uploads\/2025\/03\/ciclismo-2-282x188.jpg 282w, https:\/\/www.rivera.gub.uy\/portal\/wp-content\/uploads\/2025\/03\/ciclismo-2-939x626.jpg 939w, https:\/\/www.rivera.gub.uy\/portal\/wp-content\/uploads\/2025\/03\/ciclismo-2-768x512.jpg 768w, https:\/\/www.rivera.gub.uy\/portal\/wp-content\/uploads\/2025\/03\/ciclismo-2-1536x1024.jpg 1536w, https:\/\/www.rivera.gub.uy\/portal\/wp-content\/uploads\/2025\/03\/ciclismo-2-2048x1365.jpg 2048w, https:\/\/www.rivera.gub.uy\/portal\/wp-content\/uploads\/2025\/03\/ciclismo-2-600x400.jpg 600w, https:\/\/www.rivera.gub.uy\/portal\/wp-content\/uploads\/2025\/03\/ciclismo-2-820x547.jpg 820w, https:\/\/www.rivera.gub.uy\/portal\/wp-content\/uploads\/2025\/03\/ciclismo-2-272x182.jpg 272w\" sizes=\"auto, (max-width: 141px) 100vw, 141px\" \/><\/a>\n\t\t\t<\/div><\/figure><figure class='gallery-item'>\n\t\t\t<div class='gallery-icon landscape'>\n\t\t\t\t<a href='https:\/\/www.rivera.gub.uy\/portal\/wp-content\/uploads\/2025\/03\/ciclismo-3-scaled.jpg'><img loading=\"lazy\" decoding=\"async\" width=\"141\" height=\"94\" src=\"https:\/\/www.rivera.gub.uy\/portal\/wp-content\/uploads\/2025\/03\/ciclismo-3-141x94.jpg\" class=\"attachment-thumbnail size-thumbnail\" alt=\"\" srcset=\"https:\/\/www.rivera.gub.uy\/portal\/wp-content\/uploads\/2025\/03\/ciclismo-3-141x94.jpg 141w, https:\/\/www.rivera.gub.uy\/portal\/wp-content\/uploads\/2025\/03\/ciclismo-3-282x188.jpg 282w, https:\/\/www.rivera.gub.uy\/portal\/wp-content\/uploads\/2025\/03\/ciclismo-3-939x626.jpg 939w, https:\/\/www.rivera.gub.uy\/portal\/wp-content\/uploads\/2025\/03\/ciclismo-3-768x512.jpg 768w, https:\/\/www.rivera.gub.uy\/portal\/wp-content\/uploads\/2025\/03\/ciclismo-3-1536x1024.jpg 1536w, https:\/\/www.rivera.gub.uy\/portal\/wp-content\/uploads\/2025\/03\/ciclismo-3-2048x1365.jpg 2048w, https:\/\/www.rivera.gub.uy\/portal\/wp-content\/uploads\/2025\/03\/ciclismo-3-600x400.jpg 600w, https:\/\/www.rivera.gub.uy\/portal\/wp-content\/uploads\/2025\/03\/ciclismo-3-820x547.jpg 820w, https:\/\/www.rivera.gub.uy\/portal\/wp-content\/uploads\/2025\/03\/ciclismo-3-272x182.jpg 272w\" sizes=\"auto, (max-width: 141px) 100vw, 141px\" \/><\/a>\n\t\t\t<\/div><\/figure><figure class='gallery-item'>\n\t\t\t<div class='gallery-icon landscape'>\n\t\t\t\t<a href='https:\/\/www.rivera.gub.uy\/portal\/wp-content\/uploads\/2025\/03\/ciclismo-4-scaled.jpg'><img loading=\"lazy\" decoding=\"async\" width=\"141\" height=\"94\" src=\"https:\/\/www.rivera.gub.uy\/portal\/wp-content\/uploads\/2025\/03\/ciclismo-4-141x94.jpg\" class=\"attachment-thumbnail size-thumbnail\" alt=\"\" srcset=\"https:\/\/www.rivera.gub.uy\/portal\/wp-content\/uploads\/2025\/03\/ciclismo-4-141x94.jpg 141w, https:\/\/www.rivera.gub.uy\/portal\/wp-content\/uploads\/2025\/03\/ciclismo-4-282x188.jpg 282w, https:\/\/www.rivera.gub.uy\/portal\/wp-content\/uploads\/2025\/03\/ciclismo-4-939x626.jpg 939w, https:\/\/www.rivera.gub.uy\/portal\/wp-content\/uploads\/2025\/03\/ciclismo-4-768x512.jpg 768w, https:\/\/www.rivera.gub.uy\/portal\/wp-content\/uploads\/2025\/03\/ciclismo-4-1536x1024.jpg 1536w, https:\/\/www.rivera.gub.uy\/portal\/wp-content\/uploads\/2025\/03\/ciclismo-4-2048x1365.jpg 2048w, https:\/\/www.rivera.gub.uy\/portal\/wp-content\/uploads\/2025\/03\/ciclismo-4-600x400.jpg 600w, https:\/\/www.rivera.gub.uy\/portal\/wp-content\/uploads\/2025\/03\/ciclismo-4-820x547.jpg 820w, https:\/\/www.rivera.gub.uy\/portal\/wp-content\/uploads\/2025\/03\/ciclismo-4-272x182.jpg 272w\" sizes=\"auto, (max-width: 141px) 100vw, 141px\" \/><\/a>\n\t\t\t<\/div><\/figure><figure class='gallery-item'>\n\t\t\t<div class='gallery-icon landscape'>\n\t\t\t\t<a href='https:\/\/www.rivera.gub.uy\/portal\/wp-content\/uploads\/2025\/03\/ciclismo-5-scaled.jpg'><img loading=\"lazy\" decoding=\"async\" width=\"141\" height=\"94\" src=\"https:\/\/www.rivera.gub.uy\/portal\/wp-content\/uploads\/2025\/03\/ciclismo-5-141x94.jpg\" class=\"attachment-thumbnail size-thumbnail\" alt=\"\" srcset=\"https:\/\/www.rivera.gub.uy\/portal\/wp-content\/uploads\/2025\/03\/ciclismo-5-141x94.jpg 141w, https:\/\/www.rivera.gub.uy\/portal\/wp-content\/uploads\/2025\/03\/ciclismo-5-282x188.jpg 282w, https:\/\/www.rivera.gub.uy\/portal\/wp-content\/uploads\/2025\/03\/ciclismo-5-939x626.jpg 939w, https:\/\/www.rivera.gub.uy\/portal\/wp-content\/uploads\/2025\/03\/ciclismo-5-768x512.jpg 768w, https:\/\/www.rivera.gub.uy\/portal\/wp-content\/uploads\/2025\/03\/ciclismo-5-1536x1024.jpg 1536w, https:\/\/www.rivera.gub.uy\/portal\/wp-content\/uploads\/2025\/03\/ciclismo-5-2048x1365.jpg 2048w, https:\/\/www.rivera.gub.uy\/portal\/wp-content\/uploads\/2025\/03\/ciclismo-5-600x400.jpg 600w, https:\/\/www.rivera.gub.uy\/portal\/wp-content\/uploads\/2025\/03\/ciclismo-5-820x547.jpg 820w, https:\/\/www.rivera.gub.uy\/portal\/wp-content\/uploads\/2025\/03\/ciclismo-5-272x182.jpg 272w\" sizes=\"auto, (max-width: 141px) 100vw, 141px\" \/><\/a>\n\t\t\t<\/div><\/figure><figure class='gallery-item'>\n\t\t\t<div class='gallery-icon landscape'>\n\t\t\t\t<a href='https:\/\/www.rivera.gub.uy\/portal\/wp-content\/uploads\/2025\/03\/ciclismo-6-scaled.jpg'><img loading=\"lazy\" decoding=\"async\" width=\"141\" height=\"94\" src=\"https:\/\/www.rivera.gub.uy\/portal\/wp-content\/uploads\/2025\/03\/ciclismo-6-141x94.jpg\" class=\"attachment-thumbnail size-thumbnail\" alt=\"Ciclismo\" srcset=\"https:\/\/www.rivera.gub.uy\/portal\/wp-content\/uploads\/2025\/03\/ciclismo-6-141x94.jpg 141w, https:\/\/www.rivera.gub.uy\/portal\/wp-content\/uploads\/2025\/03\/ciclismo-6-282x188.jpg 282w, https:\/\/www.rivera.gub.uy\/portal\/wp-content\/uploads\/2025\/03\/ciclismo-6-939x626.jpg 939w, https:\/\/www.rivera.gub.uy\/portal\/wp-content\/uploads\/2025\/03\/ciclismo-6-768x512.jpg 768w, https:\/\/www.rivera.gub.uy\/portal\/wp-content\/uploads\/2025\/03\/ciclismo-6-1536x1024.jpg 1536w, https:\/\/www.rivera.gub.uy\/portal\/wp-content\/uploads\/2025\/03\/ciclismo-6-2048x1365.jpg 2048w, https:\/\/www.rivera.gub.uy\/portal\/wp-content\/uploads\/2025\/03\/ciclismo-6-600x400.jpg 600w, https:\/\/www.rivera.gub.uy\/portal\/wp-content\/uploads\/2025\/03\/ciclismo-6-820x547.jpg 820w, https:\/\/www.rivera.gub.uy\/portal\/wp-content\/uploads\/2025\/03\/ciclismo-6-272x182.jpg 272w\" sizes=\"auto, (max-width: 141px) 100vw, 141px\" \/><\/a>\n\t\t\t<\/div><\/figure>\n\t\t<\/div>\n\n","protected":false},"excerpt":{"rendered":"<p>Ciclismo: 1.\u00ba Fecha Campeonato Fronter\u00f3n Este mi\u00e9rcoles 5 de marzo se realiz\u00f3 en conferencia de prensa en el 3er piso de la IDR, el Lanzamiento de la 7ma edici\u00f3n- Desaf\u00edo de la Cuchilla Negra. Estaban presentes junto al Intendente Departamental de Rivera, Arq. Jos\u00e9 Mazzoni Gollard\u00eda, el director de la Unidad Coordinadora de Deportes de [&hellip;]<\/p>\n","protected":false},"author":7,"featured_media":59307,"comment_status":"open","ping_status":"open","sticky":false,"template":"","format":"standard","meta":{"footnotes":""},"categories":[1],"tags":[],"class_list":["post-59301","post","type-post","status-publish","format-standard","has-post-thumbnail","hentry","category-novedades"],"_links":{"self":[{"href":"https:\/\/www.rivera.gub.uy\/portal\/wp-json\/wp\/v2\/posts\/59301","targetHints":{"allow":["GET"]}}],"collection":[{"href":"https:\/\/www.rivera.gub.uy\/portal\/wp-json\/wp\/v2\/posts"}],"about":[{"href":"https:\/\/www.rivera.gub.uy\/portal\/wp-json\/wp\/v2\/types\/post"}],"author":[{"embeddable":true,"href":"https:\/\/www.rivera.gub.uy\/portal\/wp-json\/wp\/v2\/users\/7"}],"replies":[{"embeddable":true,"href":"https:\/\/www.rivera.gub.uy\/portal\/wp-json\/wp\/v2\/comments?post=59301"}],"version-history":[{"count":2,"href":"https:\/\/www.rivera.gub.uy\/portal\/wp-json\/wp\/v2\/posts\/59301\/revisions"}],"predecessor-version":[{"id":59311,"href":"https:\/\/www.rivera.gub.uy\/portal\/wp-json\/wp\/v2\/posts\/59301\/revisions\/59311"}],"wp:featuredmedia":[{"embeddable":true,"href":"https:\/\/www.rivera.gub.uy\/portal\/wp-json\/wp\/v2\/media\/59307"}],"wp:attachment":[{"href":"https:\/\/www.rivera.gub.uy\/portal\/wp-json\/wp\/v2\/media?parent=59301"}],"wp:term":[{"taxonomy":"category","embeddable":true,"href":"https:\/\/www.rivera.gub.uy\/portal\/wp-json\/wp\/v2\/categories?post=59301"},{"taxonomy":"post_tag","embeddable":true,"href":"https:\/\/www.rivera.gub.uy\/portal\/wp-json\/wp\/v2\/tags?post=59301"}],"curies":[{"name":"wp","href":"https:\/\/api.w.org\/{rel}","templated":true}]}}