{"id":5932,"date":"2018-06-05T16:41:40","date_gmt":"2018-06-05T19:41:40","guid":{"rendered":"http:\/\/www.rivera.gub.uy\/portal\/?p=5932"},"modified":"2018-06-22T13:34:23","modified_gmt":"2018-06-22T16:34:23","slug":"5-de-junio-dia-mundial-del-medio-ambiente","status":"publish","type":"post","link":"https:\/\/www.rivera.gub.uy\/portal\/5-de-junio-dia-mundial-del-medio-ambiente\/","title":{"rendered":"5 de junio: D\u00eda Mundial del Medio Ambiente"},"content":{"rendered":"<p>En el marco del \u201cD\u00eda Mundial del Medio Ambiente\u201d, que se celebra este 5 de junio, la\u00a0 Intendencia de Rivera desde la Direcci\u00f3n General de Desarrollo y Medio Ambiente, a trav\u00e9s de su Divisi\u00f3n, Medio Ambiente,\u00a0 realiza una serie de actividades en instituciones educativas de nuestra ciudad e interior departamental.<\/p>\n<div id='gallery-1' class='gallery galleryid-5932 gallery-columns-3 gallery-size-thumbnail'><figure class='gallery-item'>\n\t\t\t<div class='gallery-icon landscape'>\n\t\t\t\t<a href='https:\/\/www.rivera.gub.uy\/portal\/wp-content\/uploads\/2018\/06\/estrategias-areas-protegidas-002.jpg'><img loading=\"lazy\" decoding=\"async\" width=\"146\" height=\"94\" src=\"https:\/\/www.rivera.gub.uy\/portal\/wp-content\/uploads\/2018\/06\/estrategias-areas-protegidas-002-146x94.jpg\" class=\"attachment-thumbnail size-thumbnail\" alt=\"\" srcset=\"https:\/\/www.rivera.gub.uy\/portal\/wp-content\/uploads\/2018\/06\/estrategias-areas-protegidas-002-146x94.jpg 146w, https:\/\/www.rivera.gub.uy\/portal\/wp-content\/uploads\/2018\/06\/estrategias-areas-protegidas-002-292x188.jpg 292w, https:\/\/www.rivera.gub.uy\/portal\/wp-content\/uploads\/2018\/06\/estrategias-areas-protegidas-002-768x495.jpg 768w, https:\/\/www.rivera.gub.uy\/portal\/wp-content\/uploads\/2018\/06\/estrategias-areas-protegidas-002-972x626.jpg 972w, https:\/\/www.rivera.gub.uy\/portal\/wp-content\/uploads\/2018\/06\/estrategias-areas-protegidas-002-820x528.jpg 820w, https:\/\/www.rivera.gub.uy\/portal\/wp-content\/uploads\/2018\/06\/estrategias-areas-protegidas-002.jpg 1000w\" sizes=\"auto, (max-width: 146px) 100vw, 146px\" \/><\/a>\n\t\t\t<\/div><\/figure><figure class='gallery-item'>\n\t\t\t<div class='gallery-icon landscape'>\n\t\t\t\t<a href='https:\/\/www.rivera.gub.uy\/portal\/wp-content\/uploads\/2018\/06\/lunarejo-1.jpg'><img loading=\"lazy\" decoding=\"async\" width=\"141\" height=\"94\" src=\"https:\/\/www.rivera.gub.uy\/portal\/wp-content\/uploads\/2018\/06\/lunarejo-1-141x94.jpg\" class=\"attachment-thumbnail size-thumbnail\" alt=\"\" srcset=\"https:\/\/www.rivera.gub.uy\/portal\/wp-content\/uploads\/2018\/06\/lunarejo-1-141x94.jpg 141w, https:\/\/www.rivera.gub.uy\/portal\/wp-content\/uploads\/2018\/06\/lunarejo-1-283x188.jpg 283w, https:\/\/www.rivera.gub.uy\/portal\/wp-content\/uploads\/2018\/06\/lunarejo-1-768x511.jpg 768w, https:\/\/www.rivera.gub.uy\/portal\/wp-content\/uploads\/2018\/06\/lunarejo-1-942x626.jpg 942w, https:\/\/www.rivera.gub.uy\/portal\/wp-content\/uploads\/2018\/06\/lunarejo-1-600x400.jpg 600w, https:\/\/www.rivera.gub.uy\/portal\/wp-content\/uploads\/2018\/06\/lunarejo-1-820x545.jpg 820w, https:\/\/www.rivera.gub.uy\/portal\/wp-content\/uploads\/2018\/06\/lunarejo-1-272x182.jpg 272w, https:\/\/www.rivera.gub.uy\/portal\/wp-content\/uploads\/2018\/06\/lunarejo-1.jpg 1504w\" sizes=\"auto, (max-width: 141px) 100vw, 141px\" \/><\/a>\n\t\t\t<\/div><\/figure><figure class='gallery-item'>\n\t\t\t<div class='gallery-icon landscape'>\n\t\t\t\t<a href='https:\/\/www.rivera.gub.uy\/portal\/wp-content\/uploads\/2018\/06\/lunarejo-2.jpg'><img loading=\"lazy\" decoding=\"async\" width=\"141\" height=\"94\" src=\"https:\/\/www.rivera.gub.uy\/portal\/wp-content\/uploads\/2018\/06\/lunarejo-2-141x94.jpg\" class=\"attachment-thumbnail size-thumbnail\" alt=\"\" srcset=\"https:\/\/www.rivera.gub.uy\/portal\/wp-content\/uploads\/2018\/06\/lunarejo-2-141x94.jpg 141w, https:\/\/www.rivera.gub.uy\/portal\/wp-content\/uploads\/2018\/06\/lunarejo-2-283x188.jpg 283w, https:\/\/www.rivera.gub.uy\/portal\/wp-content\/uploads\/2018\/06\/lunarejo-2-768x511.jpg 768w, https:\/\/www.rivera.gub.uy\/portal\/wp-content\/uploads\/2018\/06\/lunarejo-2-942x626.jpg 942w, https:\/\/www.rivera.gub.uy\/portal\/wp-content\/uploads\/2018\/06\/lunarejo-2-600x400.jpg 600w, https:\/\/www.rivera.gub.uy\/portal\/wp-content\/uploads\/2018\/06\/lunarejo-2-820x545.jpg 820w, https:\/\/www.rivera.gub.uy\/portal\/wp-content\/uploads\/2018\/06\/lunarejo-2-272x182.jpg 272w, https:\/\/www.rivera.gub.uy\/portal\/wp-content\/uploads\/2018\/06\/lunarejo-2.jpg 1504w\" sizes=\"auto, (max-width: 141px) 100vw, 141px\" \/><\/a>\n\t\t\t<\/div><\/figure>\n\t\t<\/div>\n\n<p>El director de la mencionada Divisi\u00f3n, Jos\u00e9 M\u00aa Almada Sad,\u00a0 explic\u00f3 que las actividades vienen a reforzar las\u00a0 que se realizan durante todo el a\u00f1o y constan de llevar a las instituciones, durante 15 d\u00edas, disertantes, panelistas y profesionales, que informan\u00a0 sobre distintos temas en el valor del cuidado del medio ambiente \u201c\u2026en esta b\u00fasqueda de concientizar en el cuidado, creo que vamos por buen camino aunque siempre hay cosas por hacer\u201d.<!--more--><\/p>\n<p>Almada manifest\u00f3 la importancia en nuestro departamento,\u00a0 destacando que Rivera, es un ejemplo ante otros puntos del pa\u00eds por el comportamiento de la gente.<\/p>\n<p>\u201cEl trabajo se ve, no solo desde la Intendencia, sino desde distintas instituciones y ciudadanos que van adquiriendo h\u00e1bitos m\u00e1s amigables con el medio ambiente y nos sentimos orgullosos. Tratamos de ser la palanca\u00a0 que impulsa el desarrollo en el cuidado de nuestro entorno, su preservaci\u00f3n y el uso sustentable de nuestros recursos naturales, rurales, urbanos y paisaj\u00edsticos, todo lo que conforma el medio ambiente. Es por eso que felicitamos a la comunidad por estar en buen camino\u201d, expres\u00f3 el Director.<\/p>\n<p>&nbsp;<\/p>\n<p><iframe loading=\"lazy\" width=\"1160\" height=\"653\" src=\"https:\/\/www.youtube.com\/embed\/UXG4CO0VjXg?feature=oembed\" frameborder=\"0\" allow=\"autoplay; encrypted-media\" allowfullscreen><\/iframe><\/p>\n<p>&nbsp;<\/p>\n","protected":false},"excerpt":{"rendered":"<p>En el marco del \u201cD\u00eda Mundial del Medio Ambiente\u201d, que se celebra este 5 de junio, la\u00a0 Intendencia de Rivera desde la Direcci\u00f3n General de Desarrollo y Medio Ambiente, a trav\u00e9s de su Divisi\u00f3n, Medio Ambiente,\u00a0 realiza una serie de actividades en instituciones educativas de nuestra ciudad e interior departamental. El director de la mencionada [&hellip;]<\/p>\n","protected":false},"author":7,"featured_media":5936,"comment_status":"open","ping_status":"open","sticky":false,"template":"","format":"standard","meta":{"footnotes":""},"categories":[3,1],"tags":[80,380,656,114,36,79,33,684],"class_list":["post-5932","post","type-post","status-publish","format-standard","has-post-thumbnail","hentry","category-multimedia","category-novedades","tag-desarrollo","tag-dgdma","tag-dia-del-medio-ambiente","tag-idr","tag-intendencia","tag-medio-ambiente","tag-rivera","tag-sustentable"],"_links":{"self":[{"href":"https:\/\/www.rivera.gub.uy\/portal\/wp-json\/wp\/v2\/posts\/5932","targetHints":{"allow":["GET"]}}],"collection":[{"href":"https:\/\/www.rivera.gub.uy\/portal\/wp-json\/wp\/v2\/posts"}],"about":[{"href":"https:\/\/www.rivera.gub.uy\/portal\/wp-json\/wp\/v2\/types\/post"}],"author":[{"embeddable":true,"href":"https:\/\/www.rivera.gub.uy\/portal\/wp-json\/wp\/v2\/users\/7"}],"replies":[{"embeddable":true,"href":"https:\/\/www.rivera.gub.uy\/portal\/wp-json\/wp\/v2\/comments?post=5932"}],"version-history":[{"count":3,"href":"https:\/\/www.rivera.gub.uy\/portal\/wp-json\/wp\/v2\/posts\/5932\/revisions"}],"predecessor-version":[{"id":5938,"href":"https:\/\/www.rivera.gub.uy\/portal\/wp-json\/wp\/v2\/posts\/5932\/revisions\/5938"}],"wp:featuredmedia":[{"embeddable":true,"href":"https:\/\/www.rivera.gub.uy\/portal\/wp-json\/wp\/v2\/media\/5936"}],"wp:attachment":[{"href":"https:\/\/www.rivera.gub.uy\/portal\/wp-json\/wp\/v2\/media?parent=5932"}],"wp:term":[{"taxonomy":"category","embeddable":true,"href":"https:\/\/www.rivera.gub.uy\/portal\/wp-json\/wp\/v2\/categories?post=5932"},{"taxonomy":"post_tag","embeddable":true,"href":"https:\/\/www.rivera.gub.uy\/portal\/wp-json\/wp\/v2\/tags?post=5932"}],"curies":[{"name":"wp","href":"https:\/\/api.w.org\/{rel}","templated":true}]}}